{"id":5062,"date":"2024-09-20T18:07:08","date_gmt":"2024-09-20T18:07:08","guid":{"rendered":"https:\/\/pornuestrolaredo.com\/?p=5062"},"modified":"2024-09-20T18:07:08","modified_gmt":"2024-09-20T18:07:08","slug":"este-domingo-llega-el-otono-a-los-dos-laredos","status":"publish","type":"post","link":"https:\/\/pornuestrolaredo.com\/?p=5062","title":{"rendered":"Este domingo llega el oto\u00f1o a los dos Laredos"},"content":{"rendered":"<p><strong><em>LOS DOS LAREDOS.-<\/em><\/strong> En el calendario se marca el inicio del oto\u00f1o este s\u00e1bado, para los meteor\u00f3logos comenz\u00f3 a inicios de septiembre, pero en realidad, lo que marca el arranque de esta estaci\u00f3n es el equinoccio, es decir, cuando el d\u00eda y la noche son exactamente iguales.<\/p>\n<p>De acuerdo con agencias espaciales, el equinoccio de oto\u00f1o se registrar\u00e1 en los dos Laredos este domingo, a las 7:42 de la ma\u00f1ana, la hora exacta en que el Sol estar\u00e1 en l\u00ednea recta sobre el ecuador de la Tierra.<\/p>\n<p>El oto\u00f1o es una de las estaciones m\u00e1s esperadas por muchas personas, ya que marca la transici\u00f3n de las temperaturas c\u00e1lidas del verano a un clima m\u00e1s fresco y agradable. Durante esta \u00e9poca del a\u00f1o, los paisajes cambian de color, las hojas de los \u00e1rboles se tornan doradas y rojizas, comiezan a caer, y la naturaleza se prepara para el invierno.<\/p>\n<p>En M\u00e9xico, el oto\u00f1o tambi\u00e9n es una temporada especial porque se celebran fechas significativas como el D\u00eda de Muertos, una de las tradiciones m\u00e1s importantes del pa\u00eds.<\/p>\n<p>Muchas personas aprovechan esta estaci\u00f3n para reflexionar, disfrutar de la compa\u00f1\u00eda de seres queridos y prepararse para el final del a\u00f1o. <\/p>\n<p>El equinoccio de oto\u00f1o marca oficialmente el inicio del oto\u00f1o en el hemisferio norte, que incluye a M\u00e9xico. Es un momento en el que la posici\u00f3n del sol cambia de manera significativa, dando inicio a una temporada de climas m\u00e1s templados y de manera gradual los d\u00edas se ir\u00e1n haciendo m\u00e1s cortos y las noches m\u00e1s largas.<\/p>\n<p>Durante un equinoccio, el eje de la Tierra no est\u00e1 inclinado hacia el Sol ni en direcci\u00f3n opuesta a \u00e9l, lo que resulta en una distribuci\u00f3n equitativa de la luz solar entre ambos hemisferios.<\/p>\n<p>El equinoccio se produce debido a la inclinaci\u00f3n del eje terrestre y la \u00f3rbita de la Tierra alrededor del Sol. La Tierra gira sobre su eje con una inclinaci\u00f3n de aproximadamente 23.5 grados.<\/p>\n<p>Durante la mayor parte del a\u00f1o, esta inclinaci\u00f3n provoca que uno de los hemisferios reciba m\u00e1s luz solar que el otro, dando lugar a las estaciones. Sin embargo, en los equinoccios, la inclinaci\u00f3n del eje es tal que ambos hemisferios reciben la misma cantidad de luz solar. Esto ocurre porque el Sol est\u00e1 situado justo en el plano del ecuador terrestre.<\/p>\n<p>Esta reducci\u00f3n en la cantidad de luz solar puede influir en el clima y en la temperatura, que tiende a bajar conforme nos acercamos al invierno.<\/p>\n<p>El equinoccio de oto\u00f1o no solo marca un cambio en de estaci\u00f3n, sino tambi\u00e9n en nuestras rutinas diarias, ya que el ritmo de vida suele adaptarse a la disminuci\u00f3n de las horas de luz.<\/p>\n","protected":false},"excerpt":{"rendered":"<p>A las 7:42 de la ma\u00f1ana, el sol estar\u00e1 en l\u00ednea recta con el ecuador, lo que har\u00e1 que el d\u00eda y la noche duren exactamente las mismas horas<\/p>\n","protected":false},"author":1,"featured_media":5063,"comment_status":"closed","ping_status":"closed","sticky":false,"template":"","format":"standard","meta":{"_crdt_document":"","_jetpack_memberships_contains_paid_content":false,"footnotes":"","jetpack_publicize_message":"","jetpack_publicize_feature_enabled":true,"jetpack_social_post_already_shared":true,"jetpack_social_options":{"image_generator_settings":{"template":"highway","default_image_id":0,"font":"","enabled":false},"version":2},"_wpas_customize_per_network":false},"categories":[4],"tags":[],"class_list":["post-5062","post","type-post","status-publish","format-standard","has-post-thumbnail","hentry","category-los-dos-laredos"],"magazineBlocksPostFeaturedMedia":{"thumbnail":"https:\/\/pornuestrolaredo.com\/wp-content\/uploads\/2024\/09\/PNL-20240920-1-150x150.jpg","medium":"https:\/\/pornuestrolaredo.com\/wp-content\/uploads\/2024\/09\/PNL-20240920-1-300x183.jpg","medium_large":"https:\/\/pornuestrolaredo.com\/wp-content\/uploads\/2024\/09\/PNL-20240920-1-768x469.jpg","large":"https:\/\/pornuestrolaredo.com\/wp-content\/uploads\/2024\/09\/PNL-20240920-1.jpg","1536x1536":"https:\/\/pornuestrolaredo.com\/wp-content\/uploads\/2024\/09\/PNL-20240920-1.jpg","2048x2048":"https:\/\/pornuestrolaredo.com\/wp-content\/uploads\/2024\/09\/PNL-20240920-1.jpg","morenews-large":"https:\/\/pornuestrolaredo.com\/wp-content\/uploads\/2024\/09\/PNL-20240920-1.jpg","morenews-medium":"https:\/\/pornuestrolaredo.com\/wp-content\/uploads\/2024\/09\/PNL-20240920-1.jpg"},"magazineBlocksPostAuthor":{"name":"Redactor","avatar":"https:\/\/pornuestrolaredo.com\/wp-content\/litespeed\/avatar\/dca1d7ec750c399f025f23b0b314f4cf.jpg?ver=1777612120"},"magazineBlocksPostCommentsNumber":false,"magazineBlocksPostExcerpt":"A las 7:42 de la ma\u00f1ana, el sol estar\u00e1 en l\u00ednea recta con el ecuador, lo que har\u00e1 que el d\u00eda y la noche duren exactamente las mismas horas","magazineBlocksPostCategories":["Los dos Laredos"],"magazineBlocksPostViewCount":105,"magazineBlocksPostReadTime":3,"magazine_blocks_featured_image_url":{"full":["https:\/\/pornuestrolaredo.com\/wp-content\/uploads\/2024\/09\/PNL-20240920-1.jpg",794,485,false],"medium":["https:\/\/pornuestrolaredo.com\/wp-content\/uploads\/2024\/09\/PNL-20240920-1-300x183.jpg",300,183,true],"thumbnail":["https:\/\/pornuestrolaredo.com\/wp-content\/uploads\/2024\/09\/PNL-20240920-1-150x150.jpg",150,150,true]},"magazine_blocks_author":{"display_name":"Redactor","author_link":"https:\/\/pornuestrolaredo.com\/?author=1"},"magazine_blocks_comment":0,"magazine_blocks_author_image":"https:\/\/pornuestrolaredo.com\/wp-content\/litespeed\/avatar\/dca1d7ec750c399f025f23b0b314f4cf.jpg?ver=1777612120","magazine_blocks_category":"<a href=\"#\" class=\"category-link category-link-4\">Los dos Laredos<\/a>","jetpack_publicize_connections":[],"featured_image_urls":{"full":["https:\/\/pornuestrolaredo.com\/wp-content\/uploads\/2024\/09\/PNL-20240920-1.jpg",794,485,false],"thumbnail":["https:\/\/pornuestrolaredo.com\/wp-content\/uploads\/2024\/09\/PNL-20240920-1-150x150.jpg",150,150,true],"medium":["https:\/\/pornuestrolaredo.com\/wp-content\/uploads\/2024\/09\/PNL-20240920-1-300x183.jpg",300,183,true],"medium_large":["https:\/\/pornuestrolaredo.com\/wp-content\/uploads\/2024\/09\/PNL-20240920-1-768x469.jpg",640,391,true],"large":["https:\/\/pornuestrolaredo.com\/wp-content\/uploads\/2024\/09\/PNL-20240920-1.jpg",640,391,false],"1536x1536":["https:\/\/pornuestrolaredo.com\/wp-content\/uploads\/2024\/09\/PNL-20240920-1.jpg",794,485,false],"2048x2048":["https:\/\/pornuestrolaredo.com\/wp-content\/uploads\/2024\/09\/PNL-20240920-1.jpg",794,485,false],"morenews-large":["https:\/\/pornuestrolaredo.com\/wp-content\/uploads\/2024\/09\/PNL-20240920-1.jpg",794,485,false],"morenews-medium":["https:\/\/pornuestrolaredo.com\/wp-content\/uploads\/2024\/09\/PNL-20240920-1.jpg",590,360,false]},"author_info":{"info":["Redactor"]},"category_info":"<a href=\"https:\/\/pornuestrolaredo.com\/?cat=4\" rel=\"category\">Los dos Laredos<\/a>","tag_info":"Los dos Laredos","comment_count":"0","jetpack_featured_media_url":"https:\/\/pornuestrolaredo.com\/wp-content\/uploads\/2024\/09\/PNL-20240920-1.jpg","jetpack_sharing_enabled":true,"_links":{"self":[{"href":"https:\/\/pornuestrolaredo.com\/index.php?rest_route=\/wp\/v2\/posts\/5062","targetHints":{"allow":["GET"]}}],"collection":[{"href":"https:\/\/pornuestrolaredo.com\/index.php?rest_route=\/wp\/v2\/posts"}],"about":[{"href":"https:\/\/pornuestrolaredo.com\/index.php?rest_route=\/wp\/v2\/types\/post"}],"author":[{"embeddable":true,"href":"https:\/\/pornuestrolaredo.com\/index.php?rest_route=\/wp\/v2\/users\/1"}],"replies":[{"embeddable":true,"href":"https:\/\/pornuestrolaredo.com\/index.php?rest_route=%2Fwp%2Fv2%2Fcomments&post=5062"}],"version-history":[{"count":1,"href":"https:\/\/pornuestrolaredo.com\/index.php?rest_route=\/wp\/v2\/posts\/5062\/revisions"}],"predecessor-version":[{"id":5064,"href":"https:\/\/pornuestrolaredo.com\/index.php?rest_route=\/wp\/v2\/posts\/5062\/revisions\/5064"}],"wp:featuredmedia":[{"embeddable":true,"href":"https:\/\/pornuestrolaredo.com\/index.php?rest_route=\/wp\/v2\/media\/5063"}],"wp:attachment":[{"href":"https:\/\/pornuestrolaredo.com\/index.php?rest_route=%2Fwp%2Fv2%2Fmedia&parent=5062"}],"wp:term":[{"taxonomy":"category","embeddable":true,"href":"https:\/\/pornuestrolaredo.com\/index.php?rest_route=%2Fwp%2Fv2%2Fcategories&post=5062"},{"taxonomy":"post_tag","embeddable":true,"href":"https:\/\/pornuestrolaredo.com\/index.php?rest_route=%2Fwp%2Fv2%2Ftags&post=5062"}],"curies":[{"name":"wp","href":"https:\/\/api.w.org\/{rel}","templated":true}]}}