{"id":5065,"date":"2024-09-20T18:42:29","date_gmt":"2024-09-20T18:42:29","guid":{"rendered":"https:\/\/pornuestrolaredo.com\/?p=5065"},"modified":"2024-09-20T18:42:29","modified_gmt":"2024-09-20T18:42:29","slug":"impulsa-carlos-canturosas-dictamen-a-favor-de-pueblos-indigenas-y-afromexicanas","status":"publish","type":"post","link":"https:\/\/pornuestrolaredo.com\/?p=5065","title":{"rendered":"Impulsa Carlos Canturosas dictamen a favor de pueblos ind\u00edgenas y afromexicanas"},"content":{"rendered":"<p><strong><em>CIUDAD DE M\u00c9XICO.-<\/em><\/strong> Para reconocer los derechos de los pueblos ind\u00edgenas y afromexicanas, en la C\u00e1mara de Diputados se aprob\u00f3 por unanimidad el dictamen que reforma, adiciona y deroga el art\u00edculo segundo de la Constituci\u00f3n mexicana en materia de estas comunidades.<\/p>\n<p>El diputado federal por el distrito uno con cabecera en Nuevo Laredo, Carlos Canturosas Villarreal, detall\u00f3 que con esta reforma aprobada, se reconocer\u00e1 por primera vez como sujetos de derecho a los pueblos ind\u00edgenas en M\u00e9xico, sector que comprende el 17% de la poblaci\u00f3n nacional con m\u00e1s de 23 millones de habitantes, de acuerdo al Censo de Poblaci\u00f3n y Vivienda 2020.<\/p>\n<blockquote><p>Gracias a esta iniciativa propuesta por el presidente Andr\u00e9s Manuel L\u00f3pez Obrador, los ind\u00edgenas y afromexicanas tendr\u00e1n mayor autonom\u00eda y poder legal para su desarrollo; adem\u00e1s recibir\u00e1n asistencia jur\u00eddica especializada, con int\u00e9rpretes y defensores que respeten su diversidad cultural y ling\u00fc\u00edstica&#8221;, se\u00f1al\u00f3.<\/p><\/blockquote>\n<p>Destac\u00f3 que tambi\u00e9n se les incorporar\u00e1 el derecho a la consulta previa con la cual, se les garantiza a estas comunidades que ser\u00e1n consultadas antes de que se tomen<br \/>\ndecisiones que puedan afectar sus territorios, cultura o recursos. <\/p>\n<p>Adem\u00e1s, se  promover\u00e1 la preservaci\u00f3n y difusi\u00f3n de sus lenguas y culturas a trav\u00e9s de medios de comunicaci\u00f3n, telecomunicaciones y nuevas tecnolog\u00edas; as\u00ed como mejorar el acceso de ese sector a la comunicaci\u00f3n. <\/p>\n<p>Canturosas Villarreal tambi\u00e9n dio a conocer que por medio del dictamen, se fortalecer\u00e1 el uso de la medicina tradicional ind\u00edgena en el sistema de salud nacional. <\/p>\n<p>Asimismo, se pondr\u00e1 especial \u00e9nfasis en asegurar la igualdad de g\u00e9nero, protegiendo los derechos de las<br \/>\nmujeres ind\u00edgenas y afromexicanas, y promoviendo su participaci\u00f3n en la vida pol\u00edtica y social; y se garantizar\u00e1n los derechos de las ni\u00f1as, ni\u00f1os, adolescentes y j\u00f3venes ind\u00edgenas y afromexicanos, protegi\u00e9ndolos de la discriminaci\u00f3n y la violencia, especialmente la violencia sexual y de g\u00e9nero. <\/p>\n<p>Este dictamen fue aprobado por 492 votos a favor, cero en contra y ninguna abstenci\u00f3n tanto en lo general como lo particular y as\u00ed, elevar a rango constitucional lo anteriormente mencionado.  <\/p>\n<p>Esta reforma es parte de 20 iniciativas presentadas por el presidente Andr\u00e9s Manuel L\u00f3pez Obrador que present\u00f3 en febrero pasado, entre ellas destaca la de Reforma Judicial y que la Guardia Nacional quede adscrita a la SEDENA, iniciativas que ya fueron aprobadas.<\/p>\n","protected":false},"excerpt":{"rendered":"<p>En la C\u00e1mara de Diputados se aprob\u00f3 por unanimidad la reforma al art\u00edculo segundo de la Constituci\u00f3n mexicana en materia de estas comunidades<\/p>\n","protected":false},"author":1,"featured_media":5066,"comment_status":"closed","ping_status":"closed","sticky":false,"template":"","format":"standard","meta":{"_crdt_document":"","_jetpack_memberships_contains_paid_content":false,"footnotes":"","jetpack_publicize_message":"","jetpack_publicize_feature_enabled":true,"jetpack_social_post_already_shared":true,"jetpack_social_options":{"image_generator_settings":{"template":"highway","default_image_id":0,"font":"","enabled":false},"version":2},"_wpas_customize_per_network":false},"categories":[33],"tags":[],"class_list":["post-5065","post","type-post","status-publish","format-standard","has-post-thumbnail","hentry","category-mexico"],"magazineBlocksPostFeaturedMedia":{"thumbnail":"https:\/\/pornuestrolaredo.com\/wp-content\/uploads\/2024\/09\/PNL-20240920-3-150x150.jpg","medium":"https:\/\/pornuestrolaredo.com\/wp-content\/uploads\/2024\/09\/PNL-20240920-3-300x172.jpg","medium_large":"https:\/\/pornuestrolaredo.com\/wp-content\/uploads\/2024\/09\/PNL-20240920-3-768x441.jpg","large":"https:\/\/pornuestrolaredo.com\/wp-content\/uploads\/2024\/09\/PNL-20240920-3-1000x574.jpg","1536x1536":"https:\/\/pornuestrolaredo.com\/wp-content\/uploads\/2024\/09\/PNL-20240920-3.jpg","2048x2048":"https:\/\/pornuestrolaredo.com\/wp-content\/uploads\/2024\/09\/PNL-20240920-3.jpg","morenews-large":"https:\/\/pornuestrolaredo.com\/wp-content\/uploads\/2024\/09\/PNL-20240920-3.jpg","morenews-medium":"https:\/\/pornuestrolaredo.com\/wp-content\/uploads\/2024\/09\/PNL-20240920-3.jpg"},"magazineBlocksPostAuthor":{"name":"Redactor","avatar":"https:\/\/pornuestrolaredo.com\/wp-content\/litespeed\/avatar\/dca1d7ec750c399f025f23b0b314f4cf.jpg?ver=1777612120"},"magazineBlocksPostCommentsNumber":false,"magazineBlocksPostExcerpt":"En la C\u00e1mara de Diputados se aprob\u00f3 por unanimidad la reforma al art\u00edculo segundo de la Constituci\u00f3n mexicana en materia de estas comunidades","magazineBlocksPostCategories":["Mexico"],"magazineBlocksPostViewCount":132,"magazineBlocksPostReadTime":3,"magazine_blocks_featured_image_url":{"full":["https:\/\/pornuestrolaredo.com\/wp-content\/uploads\/2024\/09\/PNL-20240920-3.jpg",1280,735,false],"medium":["https:\/\/pornuestrolaredo.com\/wp-content\/uploads\/2024\/09\/PNL-20240920-3-300x172.jpg",300,172,true],"thumbnail":["https:\/\/pornuestrolaredo.com\/wp-content\/uploads\/2024\/09\/PNL-20240920-3-150x150.jpg",150,150,true]},"magazine_blocks_author":{"display_name":"Redactor","author_link":"https:\/\/pornuestrolaredo.com\/?author=1"},"magazine_blocks_comment":0,"magazine_blocks_author_image":"https:\/\/pornuestrolaredo.com\/wp-content\/litespeed\/avatar\/dca1d7ec750c399f025f23b0b314f4cf.jpg?ver=1777612120","magazine_blocks_category":"<a href=\"#\" class=\"category-link category-link-33\">Mexico<\/a>","jetpack_publicize_connections":[],"featured_image_urls":{"full":["https:\/\/pornuestrolaredo.com\/wp-content\/uploads\/2024\/09\/PNL-20240920-3.jpg",1280,735,false],"thumbnail":["https:\/\/pornuestrolaredo.com\/wp-content\/uploads\/2024\/09\/PNL-20240920-3-150x150.jpg",150,150,true],"medium":["https:\/\/pornuestrolaredo.com\/wp-content\/uploads\/2024\/09\/PNL-20240920-3-300x172.jpg",300,172,true],"medium_large":["https:\/\/pornuestrolaredo.com\/wp-content\/uploads\/2024\/09\/PNL-20240920-3-768x441.jpg",640,368,true],"large":["https:\/\/pornuestrolaredo.com\/wp-content\/uploads\/2024\/09\/PNL-20240920-3-1000x574.jpg",640,367,true],"1536x1536":["https:\/\/pornuestrolaredo.com\/wp-content\/uploads\/2024\/09\/PNL-20240920-3.jpg",1280,735,false],"2048x2048":["https:\/\/pornuestrolaredo.com\/wp-content\/uploads\/2024\/09\/PNL-20240920-3.jpg",1280,735,false],"morenews-large":["https:\/\/pornuestrolaredo.com\/wp-content\/uploads\/2024\/09\/PNL-20240920-3.jpg",825,474,false],"morenews-medium":["https:\/\/pornuestrolaredo.com\/wp-content\/uploads\/2024\/09\/PNL-20240920-3.jpg",590,339,false]},"author_info":{"info":["Redactor"]},"category_info":"<a href=\"https:\/\/pornuestrolaredo.com\/?cat=33\" rel=\"category\">Mexico<\/a>","tag_info":"Mexico","comment_count":"0","jetpack_featured_media_url":"https:\/\/pornuestrolaredo.com\/wp-content\/uploads\/2024\/09\/PNL-20240920-3.jpg","jetpack_sharing_enabled":true,"_links":{"self":[{"href":"https:\/\/pornuestrolaredo.com\/index.php?rest_route=\/wp\/v2\/posts\/5065","targetHints":{"allow":["GET"]}}],"collection":[{"href":"https:\/\/pornuestrolaredo.com\/index.php?rest_route=\/wp\/v2\/posts"}],"about":[{"href":"https:\/\/pornuestrolaredo.com\/index.php?rest_route=\/wp\/v2\/types\/post"}],"author":[{"embeddable":true,"href":"https:\/\/pornuestrolaredo.com\/index.php?rest_route=\/wp\/v2\/users\/1"}],"replies":[{"embeddable":true,"href":"https:\/\/pornuestrolaredo.com\/index.php?rest_route=%2Fwp%2Fv2%2Fcomments&post=5065"}],"version-history":[{"count":1,"href":"https:\/\/pornuestrolaredo.com\/index.php?rest_route=\/wp\/v2\/posts\/5065\/revisions"}],"predecessor-version":[{"id":5067,"href":"https:\/\/pornuestrolaredo.com\/index.php?rest_route=\/wp\/v2\/posts\/5065\/revisions\/5067"}],"wp:featuredmedia":[{"embeddable":true,"href":"https:\/\/pornuestrolaredo.com\/index.php?rest_route=\/wp\/v2\/media\/5066"}],"wp:attachment":[{"href":"https:\/\/pornuestrolaredo.com\/index.php?rest_route=%2Fwp%2Fv2%2Fmedia&parent=5065"}],"wp:term":[{"taxonomy":"category","embeddable":true,"href":"https:\/\/pornuestrolaredo.com\/index.php?rest_route=%2Fwp%2Fv2%2Fcategories&post=5065"},{"taxonomy":"post_tag","embeddable":true,"href":"https:\/\/pornuestrolaredo.com\/index.php?rest_route=%2Fwp%2Fv2%2Ftags&post=5065"}],"curies":[{"name":"wp","href":"https:\/\/api.w.org\/{rel}","templated":true}]}}