{"id":5081,"date":"2024-09-23T18:22:06","date_gmt":"2024-09-23T18:22:06","guid":{"rendered":"https:\/\/pornuestrolaredo.com\/?p=5081"},"modified":"2024-09-23T18:22:53","modified_gmt":"2024-09-23T18:22:53","slug":"terminan-actividades-de-la-cuarta-generacion-de-zookids","status":"publish","type":"post","link":"https:\/\/pornuestrolaredo.com\/?p=5081","title":{"rendered":"Terminan actividades de la Cuarta Generaci\u00f3n de Zookids"},"content":{"rendered":"<p><strong>NUEVO LAREDO.-<\/strong> El fin de semana, la Cuarta Generaci\u00f3n de Zookids, campamento que organiza el Gobierno Municipal a trav\u00e9s del Zool\u00f3gico de Nuevo Laredo, culmin\u00f3 sus actividades con un total de 42 ni\u00f1os desde 6 hasta 13 a\u00f1os de edad.<\/p>\n<p>El director del Zool\u00f3gico, asegur\u00f3 que trabajar en un espacio de reserva como dicho recinto, es el lugar ideal para introducir a los ni\u00f1os en temas como cambio clim\u00e1tico, conservaci\u00f3n de ejemplares, proteger a las especies, entre otras cosas.<\/p>\n<blockquote><p>Vimos actividades de concientizaci\u00f3n, sensibilizar a los menores y mejorar la calidad de ser humano que pueden llegar a ser en materia de la vida animal y el cuidado del medio ambiente\u201d, destac\u00f3.<\/p><\/blockquote>\n<p>Se\u00f1al\u00f3 que mediante este campamento, se siembra una semilla en los ni\u00f1os para que en un futuro, crezcan y repitan los valores del respeto a la vida con las generaciones venideras.<\/p>\n<p>El campamento Zookids tuvo una duraci\u00f3n de tres meses y cada fin de semana, los menores acud\u00edan al zool\u00f3gico a enriquecer sus conocimientos sobre la flora y la fauna.<\/p>\n<p>Para el cierre del campamento, los menores tuvieron un convivio en el que rompieron una pi\u00f1ata, tuvieron juegos y experimentaron con una din\u00e1mica llamada \u201cQu\u00edmica loca\u201d con la que crearon burbujas de jab\u00f3n, entre otras actividades.<\/p>\n","protected":false},"excerpt":{"rendered":"<p>NUEVO LAREDO.- El fin de semana, la Cuarta Generaci\u00f3n de Zookids, campamento que organiza el Gobierno Municipal a<\/p>\n","protected":false},"author":1,"featured_media":5082,"comment_status":"closed","ping_status":"closed","sticky":false,"template":"","format":"standard","meta":{"_crdt_document":"","_jetpack_memberships_contains_paid_content":false,"footnotes":"","jetpack_publicize_message":"","jetpack_publicize_feature_enabled":true,"jetpack_social_post_already_shared":true,"jetpack_social_options":{"image_generator_settings":{"template":"highway","default_image_id":0,"font":"","enabled":false},"version":2},"_wpas_customize_per_network":false},"categories":[4],"tags":[],"class_list":["post-5081","post","type-post","status-publish","format-standard","has-post-thumbnail","hentry","category-los-dos-laredos"],"magazineBlocksPostFeaturedMedia":{"thumbnail":"https:\/\/pornuestrolaredo.com\/wp-content\/uploads\/2024\/09\/Stereo91-20240923-3-150x150.jpg","medium":"https:\/\/pornuestrolaredo.com\/wp-content\/uploads\/2024\/09\/Stereo91-20240923-3-300x200.jpg","medium_large":"https:\/\/pornuestrolaredo.com\/wp-content\/uploads\/2024\/09\/Stereo91-20240923-3-768x513.jpg","large":"https:\/\/pornuestrolaredo.com\/wp-content\/uploads\/2024\/09\/Stereo91-20240923-3.jpg","1536x1536":"https:\/\/pornuestrolaredo.com\/wp-content\/uploads\/2024\/09\/Stereo91-20240923-3.jpg","2048x2048":"https:\/\/pornuestrolaredo.com\/wp-content\/uploads\/2024\/09\/Stereo91-20240923-3.jpg","morenews-large":"https:\/\/pornuestrolaredo.com\/wp-content\/uploads\/2024\/09\/Stereo91-20240923-3.jpg","morenews-medium":"https:\/\/pornuestrolaredo.com\/wp-content\/uploads\/2024\/09\/Stereo91-20240923-3.jpg"},"magazineBlocksPostAuthor":{"name":"Redactor","avatar":"https:\/\/pornuestrolaredo.com\/wp-content\/litespeed\/avatar\/dca1d7ec750c399f025f23b0b314f4cf.jpg?ver=1777612120"},"magazineBlocksPostCommentsNumber":false,"magazineBlocksPostExcerpt":"NUEVO LAREDO.- El fin de semana, la Cuarta Generaci\u00f3n de Zookids, campamento que organiza el Gobierno Municipal a","magazineBlocksPostCategories":["Los dos Laredos"],"magazineBlocksPostViewCount":115,"magazineBlocksPostReadTime":2,"magazine_blocks_featured_image_url":{"full":["https:\/\/pornuestrolaredo.com\/wp-content\/uploads\/2024\/09\/Stereo91-20240923-3.jpg",850,568,false],"medium":["https:\/\/pornuestrolaredo.com\/wp-content\/uploads\/2024\/09\/Stereo91-20240923-3-300x200.jpg",300,200,true],"thumbnail":["https:\/\/pornuestrolaredo.com\/wp-content\/uploads\/2024\/09\/Stereo91-20240923-3-150x150.jpg",150,150,true]},"magazine_blocks_author":{"display_name":"Redactor","author_link":"https:\/\/pornuestrolaredo.com\/?author=1"},"magazine_blocks_comment":0,"magazine_blocks_author_image":"https:\/\/pornuestrolaredo.com\/wp-content\/litespeed\/avatar\/dca1d7ec750c399f025f23b0b314f4cf.jpg?ver=1777612120","magazine_blocks_category":"<a href=\"#\" class=\"category-link category-link-4\">Los dos Laredos<\/a>","jetpack_publicize_connections":[],"featured_image_urls":{"full":["https:\/\/pornuestrolaredo.com\/wp-content\/uploads\/2024\/09\/Stereo91-20240923-3.jpg",850,568,false],"thumbnail":["https:\/\/pornuestrolaredo.com\/wp-content\/uploads\/2024\/09\/Stereo91-20240923-3-150x150.jpg",150,150,true],"medium":["https:\/\/pornuestrolaredo.com\/wp-content\/uploads\/2024\/09\/Stereo91-20240923-3-300x200.jpg",300,200,true],"medium_large":["https:\/\/pornuestrolaredo.com\/wp-content\/uploads\/2024\/09\/Stereo91-20240923-3-768x513.jpg",640,428,true],"large":["https:\/\/pornuestrolaredo.com\/wp-content\/uploads\/2024\/09\/Stereo91-20240923-3.jpg",640,428,false],"1536x1536":["https:\/\/pornuestrolaredo.com\/wp-content\/uploads\/2024\/09\/Stereo91-20240923-3.jpg",850,568,false],"2048x2048":["https:\/\/pornuestrolaredo.com\/wp-content\/uploads\/2024\/09\/Stereo91-20240923-3.jpg",850,568,false],"morenews-large":["https:\/\/pornuestrolaredo.com\/wp-content\/uploads\/2024\/09\/Stereo91-20240923-3.jpg",825,551,false],"morenews-medium":["https:\/\/pornuestrolaredo.com\/wp-content\/uploads\/2024\/09\/Stereo91-20240923-3.jpg",590,394,false]},"author_info":{"info":["Redactor"]},"category_info":"<a href=\"https:\/\/pornuestrolaredo.com\/?cat=4\" rel=\"category\">Los dos Laredos<\/a>","tag_info":"Los dos Laredos","comment_count":"0","jetpack_featured_media_url":"https:\/\/pornuestrolaredo.com\/wp-content\/uploads\/2024\/09\/Stereo91-20240923-3.jpg","jetpack_sharing_enabled":true,"_links":{"self":[{"href":"https:\/\/pornuestrolaredo.com\/index.php?rest_route=\/wp\/v2\/posts\/5081","targetHints":{"allow":["GET"]}}],"collection":[{"href":"https:\/\/pornuestrolaredo.com\/index.php?rest_route=\/wp\/v2\/posts"}],"about":[{"href":"https:\/\/pornuestrolaredo.com\/index.php?rest_route=\/wp\/v2\/types\/post"}],"author":[{"embeddable":true,"href":"https:\/\/pornuestrolaredo.com\/index.php?rest_route=\/wp\/v2\/users\/1"}],"replies":[{"embeddable":true,"href":"https:\/\/pornuestrolaredo.com\/index.php?rest_route=%2Fwp%2Fv2%2Fcomments&post=5081"}],"version-history":[{"count":1,"href":"https:\/\/pornuestrolaredo.com\/index.php?rest_route=\/wp\/v2\/posts\/5081\/revisions"}],"predecessor-version":[{"id":5083,"href":"https:\/\/pornuestrolaredo.com\/index.php?rest_route=\/wp\/v2\/posts\/5081\/revisions\/5083"}],"wp:featuredmedia":[{"embeddable":true,"href":"https:\/\/pornuestrolaredo.com\/index.php?rest_route=\/wp\/v2\/media\/5082"}],"wp:attachment":[{"href":"https:\/\/pornuestrolaredo.com\/index.php?rest_route=%2Fwp%2Fv2%2Fmedia&parent=5081"}],"wp:term":[{"taxonomy":"category","embeddable":true,"href":"https:\/\/pornuestrolaredo.com\/index.php?rest_route=%2Fwp%2Fv2%2Fcategories&post=5081"},{"taxonomy":"post_tag","embeddable":true,"href":"https:\/\/pornuestrolaredo.com\/index.php?rest_route=%2Fwp%2Fv2%2Ftags&post=5081"}],"curies":[{"name":"wp","href":"https:\/\/api.w.org\/{rel}","templated":true}]}}