{"id":5087,"date":"2024-09-23T15:30:41","date_gmt":"2024-09-23T15:30:41","guid":{"rendered":"https:\/\/pornuestrolaredo.com\/?p=5087"},"modified":"2024-09-23T18:52:55","modified_gmt":"2024-09-23T18:52:55","slug":"impactara-john-como-huracan-2-a-oaxaca","status":"publish","type":"post","link":"https:\/\/pornuestrolaredo.com\/?p=5087","title":{"rendered":"Impactar\u00e1 John como hurac\u00e1n 2 a Oaxaca"},"content":{"rendered":"<p><strong><em>CIUDAD DE M\u00c9XICO.-<\/em><\/strong> La tormenta tropical John se form\u00f3 la madrugada de este lunes en el Oc\u00e9ano Pac\u00edfico, frente a las costas de Guerrero y Oaxaca, inform\u00f3 el Servicio Meteorol\u00f3gico Nacional (SMN), el cual previ\u00f3 en su m\u00e1s reciente actualizaci\u00f3n de las 9:00 horas que el cicl\u00f3n se convierta en un hurac\u00e1n de categor\u00eda 2.<\/p>\n<p>La tormenta John, que surgi\u00f3 de la depresi\u00f3n tropical 10-E, presenta vientos m\u00e1ximos sostenidos de 110 kil\u00f3metros por hora y rachas de 140 kil\u00f3metros por hora; el cicl\u00f3n se mueve hacia el norte a 6 kil\u00f3metros por hora.<\/p>\n<p>Poco despu\u00e9s de las 9:00 de la ma\u00f1ana, hora del centro de M\u00e9xico \u201310:00 en los dos Laredos&#8211;, el centro de la tormenta John se ubica a 165 kil\u00f3metros al sur de Punta Maldonado, en Guerrero, y a 185 kil\u00f3metros al suroeste de Puerto Escondido, Oaxaca.<\/p>\n<p>Hay zona de prevenci\u00f3n por efectos de hurac\u00e1n desde Punta Maldonado, Guerrero, hasta Bah\u00edas de Huatulco, Oaxaca, y zona de prevenci\u00f3n por efectos de tormenta tropical desde el este de Bah\u00edas de Huatulco hasta Salina Cruz, Oaxaca.<\/p>\n<p>John provocar\u00e1 lluvias de diversas intensidades en Oaxaca, Guerrero, Chiapas, Veracruz, Puebla, Morelos, Michoac\u00e1n, Estado de M\u00e9xico y Morelos<\/p>\n<p>Adem\u00e1s de las lluvias, se prev\u00e9n vientos con rachas de 100 a 120 kil\u00f3metros por hora y oleaje de 3 a 5 metros de altura en costas de Oaxaca; as\u00ed como rachas de viento de 40 a 60 kil\u00f3metros por hora con oleaje de 1 a 3 metros de altura en costas de Guerrero y Chiapas; existe la posibilidad de formaci\u00f3n de trombas marinas.<\/p>\n<p>En su m\u00e1s reciente pron\u00f3stico de las 9:00 horas, el Servicio Meteorol\u00f3gico Nacional advirti\u00f3 que la tormenta John se fortalecer\u00e1 en aguas del Oc\u00e9ano Pac\u00edfico y se convertir\u00eda en hurac\u00e1n antes de impactar las costas mexicanas.<\/p>\n<p>De acuerdo con el pron\u00f3stico de su trayectoria, John alcalzar\u00eda la categor\u00eda de hurac\u00e1n la tarde de este mismo lunes mientras sigue avanzando hacia Oaxaca y para la madrugada de este martes ya ser\u00eda categor\u00eda 2. El ingreso a tierra se tiene previsto para las 6:00 horas del 24 de septiembre cerca de Puerto Escondido.<\/p>\n","protected":false},"excerpt":{"rendered":"<p>Este fen\u00f3meno es de muy r\u00e1pido fortalecimiento, pues se form\u00f3 como tormenta tropical apenas la madrugada de este lunes y se espera que el martes toque tierra<\/p>\n","protected":false},"author":1,"featured_media":5088,"comment_status":"closed","ping_status":"closed","sticky":false,"template":"","format":"standard","meta":{"_crdt_document":"","_jetpack_memberships_contains_paid_content":false,"footnotes":"","jetpack_publicize_message":"","jetpack_publicize_feature_enabled":true,"jetpack_social_post_already_shared":true,"jetpack_social_options":{"image_generator_settings":{"template":"highway","default_image_id":0,"font":"","enabled":false},"version":2},"_wpas_customize_per_network":false},"categories":[33],"tags":[],"class_list":["post-5087","post","type-post","status-publish","format-standard","has-post-thumbnail","hentry","category-mexico"],"magazineBlocksPostFeaturedMedia":{"thumbnail":"https:\/\/pornuestrolaredo.com\/wp-content\/uploads\/2024\/09\/Stereo91-20240923-4-150x150.jpg","medium":"https:\/\/pornuestrolaredo.com\/wp-content\/uploads\/2024\/09\/Stereo91-20240923-4-300x154.jpg","medium_large":"https:\/\/pornuestrolaredo.com\/wp-content\/uploads\/2024\/09\/Stereo91-20240923-4-768x394.jpg","large":"https:\/\/pornuestrolaredo.com\/wp-content\/uploads\/2024\/09\/Stereo91-20240923-4-1000x513.jpg","1536x1536":"https:\/\/pornuestrolaredo.com\/wp-content\/uploads\/2024\/09\/Stereo91-20240923-4-1536x787.jpg","2048x2048":"https:\/\/pornuestrolaredo.com\/wp-content\/uploads\/2024\/09\/Stereo91-20240923-4.jpg","morenews-large":"https:\/\/pornuestrolaredo.com\/wp-content\/uploads\/2024\/09\/Stereo91-20240923-4.jpg","morenews-medium":"https:\/\/pornuestrolaredo.com\/wp-content\/uploads\/2024\/09\/Stereo91-20240923-4.jpg"},"magazineBlocksPostAuthor":{"name":"Redactor","avatar":"https:\/\/pornuestrolaredo.com\/wp-content\/litespeed\/avatar\/dca1d7ec750c399f025f23b0b314f4cf.jpg?ver=1777612120"},"magazineBlocksPostCommentsNumber":false,"magazineBlocksPostExcerpt":"Este fen\u00f3meno es de muy r\u00e1pido fortalecimiento, pues se form\u00f3 como tormenta tropical apenas la madrugada de este lunes y se espera que el martes toque tierra","magazineBlocksPostCategories":["Mexico"],"magazineBlocksPostViewCount":129,"magazineBlocksPostReadTime":2,"magazine_blocks_featured_image_url":{"full":["https:\/\/pornuestrolaredo.com\/wp-content\/uploads\/2024\/09\/Stereo91-20240923-4.jpg",1701,872,false],"medium":["https:\/\/pornuestrolaredo.com\/wp-content\/uploads\/2024\/09\/Stereo91-20240923-4-300x154.jpg",300,154,true],"thumbnail":["https:\/\/pornuestrolaredo.com\/wp-content\/uploads\/2024\/09\/Stereo91-20240923-4-150x150.jpg",150,150,true]},"magazine_blocks_author":{"display_name":"Redactor","author_link":"https:\/\/pornuestrolaredo.com\/?author=1"},"magazine_blocks_comment":0,"magazine_blocks_author_image":"https:\/\/pornuestrolaredo.com\/wp-content\/litespeed\/avatar\/dca1d7ec750c399f025f23b0b314f4cf.jpg?ver=1777612120","magazine_blocks_category":"<a href=\"#\" class=\"category-link category-link-33\">Mexico<\/a>","jetpack_publicize_connections":[],"featured_image_urls":{"full":["https:\/\/pornuestrolaredo.com\/wp-content\/uploads\/2024\/09\/Stereo91-20240923-4.jpg",1701,872,false],"thumbnail":["https:\/\/pornuestrolaredo.com\/wp-content\/uploads\/2024\/09\/Stereo91-20240923-4-150x150.jpg",150,150,true],"medium":["https:\/\/pornuestrolaredo.com\/wp-content\/uploads\/2024\/09\/Stereo91-20240923-4-300x154.jpg",300,154,true],"medium_large":["https:\/\/pornuestrolaredo.com\/wp-content\/uploads\/2024\/09\/Stereo91-20240923-4-768x394.jpg",640,328,true],"large":["https:\/\/pornuestrolaredo.com\/wp-content\/uploads\/2024\/09\/Stereo91-20240923-4-1000x513.jpg",640,328,true],"1536x1536":["https:\/\/pornuestrolaredo.com\/wp-content\/uploads\/2024\/09\/Stereo91-20240923-4-1536x787.jpg",1536,787,true],"2048x2048":["https:\/\/pornuestrolaredo.com\/wp-content\/uploads\/2024\/09\/Stereo91-20240923-4.jpg",1701,872,false],"morenews-large":["https:\/\/pornuestrolaredo.com\/wp-content\/uploads\/2024\/09\/Stereo91-20240923-4.jpg",825,423,false],"morenews-medium":["https:\/\/pornuestrolaredo.com\/wp-content\/uploads\/2024\/09\/Stereo91-20240923-4.jpg",590,302,false]},"author_info":{"info":["Redactor"]},"category_info":"<a href=\"https:\/\/pornuestrolaredo.com\/?cat=33\" rel=\"category\">Mexico<\/a>","tag_info":"Mexico","comment_count":"0","jetpack_featured_media_url":"https:\/\/pornuestrolaredo.com\/wp-content\/uploads\/2024\/09\/Stereo91-20240923-4.jpg","jetpack_sharing_enabled":true,"_links":{"self":[{"href":"https:\/\/pornuestrolaredo.com\/index.php?rest_route=\/wp\/v2\/posts\/5087","targetHints":{"allow":["GET"]}}],"collection":[{"href":"https:\/\/pornuestrolaredo.com\/index.php?rest_route=\/wp\/v2\/posts"}],"about":[{"href":"https:\/\/pornuestrolaredo.com\/index.php?rest_route=\/wp\/v2\/types\/post"}],"author":[{"embeddable":true,"href":"https:\/\/pornuestrolaredo.com\/index.php?rest_route=\/wp\/v2\/users\/1"}],"replies":[{"embeddable":true,"href":"https:\/\/pornuestrolaredo.com\/index.php?rest_route=%2Fwp%2Fv2%2Fcomments&post=5087"}],"version-history":[{"count":1,"href":"https:\/\/pornuestrolaredo.com\/index.php?rest_route=\/wp\/v2\/posts\/5087\/revisions"}],"predecessor-version":[{"id":5089,"href":"https:\/\/pornuestrolaredo.com\/index.php?rest_route=\/wp\/v2\/posts\/5087\/revisions\/5089"}],"wp:featuredmedia":[{"embeddable":true,"href":"https:\/\/pornuestrolaredo.com\/index.php?rest_route=\/wp\/v2\/media\/5088"}],"wp:attachment":[{"href":"https:\/\/pornuestrolaredo.com\/index.php?rest_route=%2Fwp%2Fv2%2Fmedia&parent=5087"}],"wp:term":[{"taxonomy":"category","embeddable":true,"href":"https:\/\/pornuestrolaredo.com\/index.php?rest_route=%2Fwp%2Fv2%2Fcategories&post=5087"},{"taxonomy":"post_tag","embeddable":true,"href":"https:\/\/pornuestrolaredo.com\/index.php?rest_route=%2Fwp%2Fv2%2Ftags&post=5087"}],"curies":[{"name":"wp","href":"https:\/\/api.w.org\/{rel}","templated":true}]}}