{"id":5100,"date":"2024-09-24T20:49:02","date_gmt":"2024-09-24T20:49:02","guid":{"rendered":"https:\/\/pornuestrolaredo.com\/?p=5100"},"modified":"2024-09-24T20:50:07","modified_gmt":"2024-09-24T20:50:07","slug":"invitan-a-concierto-nuestro-mexico-en-la-casa-longoria","status":"publish","type":"post","link":"https:\/\/pornuestrolaredo.com\/?p=5100","title":{"rendered":"Invitan a concierto &#8216;Nuestro M\u00e9xico&#8217; en la Casa Longoria"},"content":{"rendered":"<p><strong>NUEVO LAREDO.-<\/strong> Dentro del marco conmemorativo del mes patrio, el Gobierno Municipal a trav\u00e9s de la Direcci\u00f3n de Arte y Cultura, invita a los neolaredenses a acudir al concierto \u201cNuestro M\u00e9xico\u201d en el que se mostrar\u00e1 un nuevo repertorio de la Centenaria Banda Municipal.<\/p>\n<p>Esta actividad se realiza para dar a conocer y poner al alcance de la ciudadan\u00eda una producci\u00f3n art\u00edstica y cultural con ense\u00f1anzas de un nivel superior que se impartieron en el Taller de M\u00fasica a cargo de Mar\u00eda Antonia Gonz\u00e1lez G\u00f3mez, quien es egresada de la Facultad de M\u00fasica y Artes de la Universidad Aut\u00f3noma de Tamaulipas.<\/p>\n<p>El director municipal de Arte y Cultura, Felipe Flores Montemayor, destac\u00f3 la carrera de Gonz\u00e1lez G\u00f3mez por su preparaci\u00f3n con expertos en la materia, continuando su formaci\u00f3n en Argentina y Espa\u00f1a, adem\u00e1s de obtener el segundo lugar en el concurso Nacional de directores de orquesta organizado por el Sistema Nacional de Fomento musical.<\/p>\n<blockquote><p>Es importante continuar con la capacitaci\u00f3n de nuestros elementos y as\u00ed lograr que la Centenaria Banda Municipal ampl\u00ede su repertorio y ofrezca un mayor espect\u00e1culo y de alto nivel para los neolaredenses\u201d, manifest\u00f3.<\/p><\/blockquote>\n<p>El funcionario mencion\u00f3 que Mar\u00eda Antonia Gonz\u00e1lez G\u00f3mez es la fundadora de de la Orquesta Filarm\u00f3nica del Espacio Cultural Metropolitano en Tampico, Tamaulipas y fue de 2019 a 2023, directora titular de la Orquesta Sinf\u00f3nica de la Universidad Aut\u00f3noma de Tamaulipas.<\/p>\n<p>El evento tendr\u00e1 lugar en los patios de la Casa Longoria, ser\u00e1 el s\u00e1bado 28 de septiembre a partir de las 7:00 PM y la entrada ser\u00e1 gratuita.<\/p>\n","protected":false},"excerpt":{"rendered":"<p>Es parte de los festejos del Gobierno Municipal en el marco conmemorativo del mes patrio<\/p>\n","protected":false},"author":1,"featured_media":5101,"comment_status":"closed","ping_status":"closed","sticky":false,"template":"","format":"standard","meta":{"_crdt_document":"","_jetpack_memberships_contains_paid_content":false,"footnotes":"","jetpack_publicize_message":"","jetpack_publicize_feature_enabled":true,"jetpack_social_post_already_shared":true,"jetpack_social_options":{"image_generator_settings":{"template":"highway","default_image_id":0,"font":"","enabled":false},"version":2},"_wpas_customize_per_network":false},"categories":[4],"tags":[],"class_list":["post-5100","post","type-post","status-publish","format-standard","has-post-thumbnail","hentry","category-los-dos-laredos"],"magazineBlocksPostFeaturedMedia":{"thumbnail":"https:\/\/pornuestrolaredo.com\/wp-content\/uploads\/2024\/09\/PNL-20240924-6-150x150.jpg","medium":"https:\/\/pornuestrolaredo.com\/wp-content\/uploads\/2024\/09\/PNL-20240924-6-300x200.jpg","medium_large":"https:\/\/pornuestrolaredo.com\/wp-content\/uploads\/2024\/09\/PNL-20240924-6-768x512.jpg","large":"https:\/\/pornuestrolaredo.com\/wp-content\/uploads\/2024\/09\/PNL-20240924-6-1000x666.jpg","1536x1536":"https:\/\/pornuestrolaredo.com\/wp-content\/uploads\/2024\/09\/PNL-20240924-6.jpg","2048x2048":"https:\/\/pornuestrolaredo.com\/wp-content\/uploads\/2024\/09\/PNL-20240924-6.jpg","morenews-large":"https:\/\/pornuestrolaredo.com\/wp-content\/uploads\/2024\/09\/PNL-20240924-6.jpg","morenews-medium":"https:\/\/pornuestrolaredo.com\/wp-content\/uploads\/2024\/09\/PNL-20240924-6.jpg"},"magazineBlocksPostAuthor":{"name":"Redactor","avatar":"https:\/\/pornuestrolaredo.com\/wp-content\/litespeed\/avatar\/dca1d7ec750c399f025f23b0b314f4cf.jpg?ver=1777612120"},"magazineBlocksPostCommentsNumber":false,"magazineBlocksPostExcerpt":"Es parte de los festejos del Gobierno Municipal en el marco conmemorativo del mes patrio","magazineBlocksPostCategories":["Los dos Laredos"],"magazineBlocksPostViewCount":131,"magazineBlocksPostReadTime":2,"magazine_blocks_featured_image_url":{"full":["https:\/\/pornuestrolaredo.com\/wp-content\/uploads\/2024\/09\/PNL-20240924-6.jpg",1280,853,false],"medium":["https:\/\/pornuestrolaredo.com\/wp-content\/uploads\/2024\/09\/PNL-20240924-6-300x200.jpg",300,200,true],"thumbnail":["https:\/\/pornuestrolaredo.com\/wp-content\/uploads\/2024\/09\/PNL-20240924-6-150x150.jpg",150,150,true]},"magazine_blocks_author":{"display_name":"Redactor","author_link":"https:\/\/pornuestrolaredo.com\/?author=1"},"magazine_blocks_comment":0,"magazine_blocks_author_image":"https:\/\/pornuestrolaredo.com\/wp-content\/litespeed\/avatar\/dca1d7ec750c399f025f23b0b314f4cf.jpg?ver=1777612120","magazine_blocks_category":"<a href=\"#\" class=\"category-link category-link-4\">Los dos Laredos<\/a>","jetpack_publicize_connections":[],"featured_image_urls":{"full":["https:\/\/pornuestrolaredo.com\/wp-content\/uploads\/2024\/09\/PNL-20240924-6.jpg",1280,853,false],"thumbnail":["https:\/\/pornuestrolaredo.com\/wp-content\/uploads\/2024\/09\/PNL-20240924-6-150x150.jpg",150,150,true],"medium":["https:\/\/pornuestrolaredo.com\/wp-content\/uploads\/2024\/09\/PNL-20240924-6-300x200.jpg",300,200,true],"medium_large":["https:\/\/pornuestrolaredo.com\/wp-content\/uploads\/2024\/09\/PNL-20240924-6-768x512.jpg",640,427,true],"large":["https:\/\/pornuestrolaredo.com\/wp-content\/uploads\/2024\/09\/PNL-20240924-6-1000x666.jpg",640,426,true],"1536x1536":["https:\/\/pornuestrolaredo.com\/wp-content\/uploads\/2024\/09\/PNL-20240924-6.jpg",1280,853,false],"2048x2048":["https:\/\/pornuestrolaredo.com\/wp-content\/uploads\/2024\/09\/PNL-20240924-6.jpg",1280,853,false],"morenews-large":["https:\/\/pornuestrolaredo.com\/wp-content\/uploads\/2024\/09\/PNL-20240924-6.jpg",825,550,false],"morenews-medium":["https:\/\/pornuestrolaredo.com\/wp-content\/uploads\/2024\/09\/PNL-20240924-6.jpg",590,393,false]},"author_info":{"info":["Redactor"]},"category_info":"<a href=\"https:\/\/pornuestrolaredo.com\/?cat=4\" rel=\"category\">Los dos Laredos<\/a>","tag_info":"Los dos Laredos","comment_count":"0","jetpack_featured_media_url":"https:\/\/pornuestrolaredo.com\/wp-content\/uploads\/2024\/09\/PNL-20240924-6.jpg","jetpack_sharing_enabled":true,"_links":{"self":[{"href":"https:\/\/pornuestrolaredo.com\/index.php?rest_route=\/wp\/v2\/posts\/5100","targetHints":{"allow":["GET"]}}],"collection":[{"href":"https:\/\/pornuestrolaredo.com\/index.php?rest_route=\/wp\/v2\/posts"}],"about":[{"href":"https:\/\/pornuestrolaredo.com\/index.php?rest_route=\/wp\/v2\/types\/post"}],"author":[{"embeddable":true,"href":"https:\/\/pornuestrolaredo.com\/index.php?rest_route=\/wp\/v2\/users\/1"}],"replies":[{"embeddable":true,"href":"https:\/\/pornuestrolaredo.com\/index.php?rest_route=%2Fwp%2Fv2%2Fcomments&post=5100"}],"version-history":[{"count":2,"href":"https:\/\/pornuestrolaredo.com\/index.php?rest_route=\/wp\/v2\/posts\/5100\/revisions"}],"predecessor-version":[{"id":5103,"href":"https:\/\/pornuestrolaredo.com\/index.php?rest_route=\/wp\/v2\/posts\/5100\/revisions\/5103"}],"wp:featuredmedia":[{"embeddable":true,"href":"https:\/\/pornuestrolaredo.com\/index.php?rest_route=\/wp\/v2\/media\/5101"}],"wp:attachment":[{"href":"https:\/\/pornuestrolaredo.com\/index.php?rest_route=%2Fwp%2Fv2%2Fmedia&parent=5100"}],"wp:term":[{"taxonomy":"category","embeddable":true,"href":"https:\/\/pornuestrolaredo.com\/index.php?rest_route=%2Fwp%2Fv2%2Fcategories&post=5100"},{"taxonomy":"post_tag","embeddable":true,"href":"https:\/\/pornuestrolaredo.com\/index.php?rest_route=%2Fwp%2Fv2%2Ftags&post=5100"}],"curies":[{"name":"wp","href":"https:\/\/api.w.org\/{rel}","templated":true}]}}