{"id":5108,"date":"2024-09-26T17:48:27","date_gmt":"2024-09-26T17:48:27","guid":{"rendered":"https:\/\/pornuestrolaredo.com\/?p=5108"},"modified":"2024-09-26T17:48:27","modified_gmt":"2024-09-26T17:48:27","slug":"se-transforma-john-nuevamente-en-huracan","status":"publish","type":"post","link":"https:\/\/pornuestrolaredo.com\/?p=5108","title":{"rendered":"Se transforma John nuevamente en hurac\u00e1n"},"content":{"rendered":"<p><strong><em>CHILPANCINGO.-<\/em><\/strong> La tormenta tropical John evolucion\u00f3 nuevamente a hurac\u00e1n categor\u00eda 1 frente a las costas de Guerrero y Michoac\u00e1n, inform\u00f3 la Conagua.<\/p>\n<blockquote><p>John se ha intensificado nuevamente a hurac\u00e1n de categor\u00eda 1, su centro se localiza a 90 km al sur-suroeste de L\u00e1zaro C\u00e1rdenas, Michoac\u00e1n, y a 115 km al oeste-suroeste de Zihuatanejo, Guerrero&#8221;, report\u00f3 la Comisi\u00f3n Nacional del Agua.<\/p><\/blockquote>\n<p>Asimismo, la Conagua pronostic\u00f3 que el hurac\u00e1n John toque tierra esta noche o en las primeras horas del viernes en los municipios de Aquila y Coahuayana, Michoac\u00e1n, adem\u00e1s de Tecom\u00e1n, Colima. <\/p>\n<p>La Gobernadora de Guerrero, Evelyn Salgado, dijo que por el paso de John se ha activado alerta preventiva desde Tecpan de Galeana hasta Manzanillo, Colima. <\/p>\n<p>Alfredo Ram\u00edrez Bedolla, gobernador de Michoac\u00e1, orden\u00f3 anoche el despliegue de un operativo de vigilancia y atenci\u00f3n en la entidad, adem\u00e1s de la instalaci\u00f3n de refugios temporales para la poblaci\u00f3n. <\/p>\n<blockquote><p>De frente al paso de la tormenta John, instruimos a Protecci\u00f3n Civil, as\u00ed como a las distintas dependencias del Gobierno del Estado, desplegar un operativo de atenci\u00f3n y vigilancia en todas las regiones. Es importante extremar precauciones y estar preparados para las fuertes lluvias. Ante cualquier eventualidad, tenemos listos refugios temporales&#8221;, inform\u00f3 Ram\u00edrez Bedolla en su cuenta de X.<\/p><\/blockquote>\n<p>El hurac\u00e1n avanza por el Oc\u00e9ano Pac\u00edfico con vientos m\u00e1ximos sostenidos de 120 km\/h, rachas de 150 km\/h y desplazamiento al oeste-noroeste a 7 km\/h.<\/p>\n<p>Su avance por el territorio del Pa\u00eds generar\u00e1 lluvias extraordinarias en Guerrero y Oaxaca; lluvias torrenciales en Chiapas; lluvias intensas en Michoac\u00e1n, Puebla y Veracruz; lluvias muy fuertes en Jalisco y Colima, adem\u00e1s de lluvias fuertes en el centro del Pa\u00eds, incluido el Valle de M\u00e9xico.<\/p>\n","protected":false},"excerpt":{"rendered":"<p>Se declaran en emergencia en los estados de Guerrero y Michoac\u00e1n, podr\u00eda alcanzar a Colima <\/p>\n","protected":false},"author":1,"featured_media":5109,"comment_status":"closed","ping_status":"closed","sticky":false,"template":"","format":"standard","meta":{"_crdt_document":"","_jetpack_memberships_contains_paid_content":false,"footnotes":"","jetpack_publicize_message":"","jetpack_publicize_feature_enabled":true,"jetpack_social_post_already_shared":true,"jetpack_social_options":{"image_generator_settings":{"template":"highway","default_image_id":0,"font":"","enabled":false},"version":2},"_wpas_customize_per_network":false},"categories":[33],"tags":[],"class_list":["post-5108","post","type-post","status-publish","format-standard","has-post-thumbnail","hentry","category-mexico"],"magazineBlocksPostFeaturedMedia":{"thumbnail":"https:\/\/pornuestrolaredo.com\/wp-content\/uploads\/2024\/09\/Stereo91-20240926-1-150x150.jpg","medium":"https:\/\/pornuestrolaredo.com\/wp-content\/uploads\/2024\/09\/Stereo91-20240926-1-300x205.jpg","medium_large":"https:\/\/pornuestrolaredo.com\/wp-content\/uploads\/2024\/09\/Stereo91-20240926-1-768x525.jpg","large":"https:\/\/pornuestrolaredo.com\/wp-content\/uploads\/2024\/09\/Stereo91-20240926-1-1000x683.jpg","1536x1536":"https:\/\/pornuestrolaredo.com\/wp-content\/uploads\/2024\/09\/Stereo91-20240926-1-1536x1049.jpg","2048x2048":"https:\/\/pornuestrolaredo.com\/wp-content\/uploads\/2024\/09\/Stereo91-20240926-1.jpg","morenews-large":"https:\/\/pornuestrolaredo.com\/wp-content\/uploads\/2024\/09\/Stereo91-20240926-1.jpg","morenews-medium":"https:\/\/pornuestrolaredo.com\/wp-content\/uploads\/2024\/09\/Stereo91-20240926-1.jpg"},"magazineBlocksPostAuthor":{"name":"Redactor","avatar":"https:\/\/pornuestrolaredo.com\/wp-content\/litespeed\/avatar\/dca1d7ec750c399f025f23b0b314f4cf.jpg?ver=1777612120"},"magazineBlocksPostCommentsNumber":false,"magazineBlocksPostExcerpt":"Se declaran en emergencia en los estados de Guerrero y Michoac\u00e1n, podr\u00eda alcanzar a Colima ","magazineBlocksPostCategories":["Mexico"],"magazineBlocksPostViewCount":104,"magazineBlocksPostReadTime":2,"magazine_blocks_featured_image_url":{"full":["https:\/\/pornuestrolaredo.com\/wp-content\/uploads\/2024\/09\/Stereo91-20240926-1.jpg",1701,1162,false],"medium":["https:\/\/pornuestrolaredo.com\/wp-content\/uploads\/2024\/09\/Stereo91-20240926-1-300x205.jpg",300,205,true],"thumbnail":["https:\/\/pornuestrolaredo.com\/wp-content\/uploads\/2024\/09\/Stereo91-20240926-1-150x150.jpg",150,150,true]},"magazine_blocks_author":{"display_name":"Redactor","author_link":"https:\/\/pornuestrolaredo.com\/?author=1"},"magazine_blocks_comment":0,"magazine_blocks_author_image":"https:\/\/pornuestrolaredo.com\/wp-content\/litespeed\/avatar\/dca1d7ec750c399f025f23b0b314f4cf.jpg?ver=1777612120","magazine_blocks_category":"<a href=\"#\" class=\"category-link category-link-33\">Mexico<\/a>","jetpack_publicize_connections":[],"featured_image_urls":{"full":["https:\/\/pornuestrolaredo.com\/wp-content\/uploads\/2024\/09\/Stereo91-20240926-1.jpg",1701,1162,false],"thumbnail":["https:\/\/pornuestrolaredo.com\/wp-content\/uploads\/2024\/09\/Stereo91-20240926-1-150x150.jpg",150,150,true],"medium":["https:\/\/pornuestrolaredo.com\/wp-content\/uploads\/2024\/09\/Stereo91-20240926-1-300x205.jpg",300,205,true],"medium_large":["https:\/\/pornuestrolaredo.com\/wp-content\/uploads\/2024\/09\/Stereo91-20240926-1-768x525.jpg",640,438,true],"large":["https:\/\/pornuestrolaredo.com\/wp-content\/uploads\/2024\/09\/Stereo91-20240926-1-1000x683.jpg",640,437,true],"1536x1536":["https:\/\/pornuestrolaredo.com\/wp-content\/uploads\/2024\/09\/Stereo91-20240926-1-1536x1049.jpg",1536,1049,true],"2048x2048":["https:\/\/pornuestrolaredo.com\/wp-content\/uploads\/2024\/09\/Stereo91-20240926-1.jpg",1701,1162,false],"morenews-large":["https:\/\/pornuestrolaredo.com\/wp-content\/uploads\/2024\/09\/Stereo91-20240926-1.jpg",825,564,false],"morenews-medium":["https:\/\/pornuestrolaredo.com\/wp-content\/uploads\/2024\/09\/Stereo91-20240926-1.jpg",590,403,false]},"author_info":{"info":["Redactor"]},"category_info":"<a href=\"https:\/\/pornuestrolaredo.com\/?cat=33\" rel=\"category\">Mexico<\/a>","tag_info":"Mexico","comment_count":"0","jetpack_featured_media_url":"https:\/\/pornuestrolaredo.com\/wp-content\/uploads\/2024\/09\/Stereo91-20240926-1.jpg","jetpack_sharing_enabled":true,"_links":{"self":[{"href":"https:\/\/pornuestrolaredo.com\/index.php?rest_route=\/wp\/v2\/posts\/5108","targetHints":{"allow":["GET"]}}],"collection":[{"href":"https:\/\/pornuestrolaredo.com\/index.php?rest_route=\/wp\/v2\/posts"}],"about":[{"href":"https:\/\/pornuestrolaredo.com\/index.php?rest_route=\/wp\/v2\/types\/post"}],"author":[{"embeddable":true,"href":"https:\/\/pornuestrolaredo.com\/index.php?rest_route=\/wp\/v2\/users\/1"}],"replies":[{"embeddable":true,"href":"https:\/\/pornuestrolaredo.com\/index.php?rest_route=%2Fwp%2Fv2%2Fcomments&post=5108"}],"version-history":[{"count":1,"href":"https:\/\/pornuestrolaredo.com\/index.php?rest_route=\/wp\/v2\/posts\/5108\/revisions"}],"predecessor-version":[{"id":5110,"href":"https:\/\/pornuestrolaredo.com\/index.php?rest_route=\/wp\/v2\/posts\/5108\/revisions\/5110"}],"wp:featuredmedia":[{"embeddable":true,"href":"https:\/\/pornuestrolaredo.com\/index.php?rest_route=\/wp\/v2\/media\/5109"}],"wp:attachment":[{"href":"https:\/\/pornuestrolaredo.com\/index.php?rest_route=%2Fwp%2Fv2%2Fmedia&parent=5108"}],"wp:term":[{"taxonomy":"category","embeddable":true,"href":"https:\/\/pornuestrolaredo.com\/index.php?rest_route=%2Fwp%2Fv2%2Fcategories&post=5108"},{"taxonomy":"post_tag","embeddable":true,"href":"https:\/\/pornuestrolaredo.com\/index.php?rest_route=%2Fwp%2Fv2%2Ftags&post=5108"}],"curies":[{"name":"wp","href":"https:\/\/api.w.org\/{rel}","templated":true}]}}