{"id":5117,"date":"2024-09-27T13:36:31","date_gmt":"2024-09-27T13:36:31","guid":{"rendered":"https:\/\/pornuestrolaredo.com\/?p=5117"},"modified":"2024-09-27T13:36:31","modified_gmt":"2024-09-27T13:36:31","slug":"amplia-amlo-el-decreto-para-regularizar-autos-chocolate","status":"publish","type":"post","link":"https:\/\/pornuestrolaredo.com\/?p=5117","title":{"rendered":"Ampl\u00eda AMLO el decreto para regularizar autos chocolate"},"content":{"rendered":"<p><strong><em>CIUDAD DE M\u00c9XICO.-<\/em> <\/strong>A cuatro d\u00edas de terminar su sexenio, el presidente Andr\u00e9s Manuel L\u00f3pez Obrador orden\u00f3 prolongar hasta septiembre de 2026 el programa para regularizar veh\u00edculos importados ilegalmente al Pa\u00eds, conocidos como autos chocolate, por lo que seguir\u00e1 vigente en 16 estados.<\/p>\n<blockquote><p>Derivado de la buena aceptaci\u00f3n del programa y toda vez que contin\u00faa la demanda de personas que solicitan la regularizaci\u00f3n de veh\u00edculos de procedencia extranjera, se estima necesario ampliar la vigencia&#8221; del mismo, dice el decreto firmado hoy por L\u00f3pez Obrador.<\/p><\/blockquote>\n<p>Presumiblemente, la extensi\u00f3n de este programa, que desde un principio ha sido rechazado por la industria automotriz nacional, fue acordada con la presidenta electa Claudia Sheinbaum, quien asumir\u00e1 su cargo el pr\u00f3ximo martes.<\/p>\n<p>L\u00f3pez Obrador argument\u00f3 que el programa, en operaci\u00f3n desde enero de 2022, ha permitido regularizar 2 millones 559 mil veh\u00edculos, previo pago de 2 mil 500 pesos, con lo que se han recaudado 6 mil 398 millones de pesos que se usan para pavimentar calles en los estados participantes.<\/p>\n<p>Los autos &#8220;chocolate&#8221; legalizados por el actual Gobierno superan las ventas totales de autos nuevos en el pa\u00eds entre 2022 y 2023, que ascendieron a 2 millones 547 mil unidades.<\/p>\n<p>La Asociaci\u00f3n Mexicana de Distribuidores de Automotores (AMDA) ha promovido varios amparos para impugnar el programa, y en junio de 2023, cuando L\u00f3pez Obrador extendi\u00f3 su vigencia original, advirti\u00f3 que el Gobierno estaba &#8220;alentando la cadena delictiva del contrabando automotriz&#8221;.<\/p>\n<p>Desde mayo pasado, en uno de estos amparos, la jueza federal Minerva Mendoza Cruz orden\u00f3 al Gobierno verificar que los autos cumplan regulaciones ambientales y mec\u00e1nicas antes de regularizarlos.<\/p>\n<blockquote><p>Bajo la estrategia que m\u00e1s estime conveniente, verifique que estos (veh\u00edculos) cumplan la normativa aplicable en materia de funcionamiento mec\u00e1nico, emisiones de gases contaminantes y seguridad p\u00fablica, as\u00ed como que efectivamente encuadran en el presupuesto temporal aplicable&#8221;, orden\u00f3 la jueza.<\/p><\/blockquote>\n<p>Lo anterior, ya que, para el tr\u00e1mite actual, basta que el solicitante declare bajo protesta de decir verdad que el veh\u00edculo cumple las condiciones mec\u00e1nicas y ambientales para circular en el Pa\u00eds, y haga el pago respectivo, sin que se le practique alguna verificaci\u00f3n.<\/p>\n<p>A principios de agosto, la jueza estaba en proceso de multar a Isabela Rosales Herrera, titular del Secretariado Ejecutivo del Sistema Nacional de Seguridad P\u00fablica (SESNSP), que es la dependencia responsable del programa, por no acatar su orden, pero el tr\u00e1mite del caso se ha visto entorpecido por el paro de labores del Poder Judicial desde el 19 de agosto.<\/p>\n<p>En sexenios previos, el Gobierno emiti\u00f3 varios decretos para impedir la importaci\u00f3n de este tipo de veh\u00edculos usados, que algunas empresas de la frontera internaban por miles al pa\u00eds, salvo que cumplieran requisitos ambientales y pago de impuestos.<\/p>\n","protected":false},"excerpt":{"rendered":"<p>Firma decreto que permite mantener su vigencia durante dos a\u00f1os, hasta el 2026 y en 16 estados<\/p>\n","protected":false},"author":1,"featured_media":5118,"comment_status":"closed","ping_status":"closed","sticky":false,"template":"","format":"standard","meta":{"_crdt_document":"","_jetpack_memberships_contains_paid_content":false,"footnotes":"","jetpack_publicize_message":"","jetpack_publicize_feature_enabled":true,"jetpack_social_post_already_shared":true,"jetpack_social_options":{"image_generator_settings":{"template":"highway","default_image_id":0,"font":"","enabled":false},"version":2},"_wpas_customize_per_network":false},"categories":[33],"tags":[],"class_list":["post-5117","post","type-post","status-publish","format-standard","has-post-thumbnail","hentry","category-mexico"],"magazineBlocksPostFeaturedMedia":{"thumbnail":"https:\/\/pornuestrolaredo.com\/wp-content\/uploads\/2024\/09\/Stereo91-20240927-1-150x150.jpg","medium":"https:\/\/pornuestrolaredo.com\/wp-content\/uploads\/2024\/09\/Stereo91-20240927-1-300x187.jpg","medium_large":"https:\/\/pornuestrolaredo.com\/wp-content\/uploads\/2024\/09\/Stereo91-20240927-1-768x480.jpg","large":"https:\/\/pornuestrolaredo.com\/wp-content\/uploads\/2024\/09\/Stereo91-20240927-1-1000x625.jpg","1536x1536":"https:\/\/pornuestrolaredo.com\/wp-content\/uploads\/2024\/09\/Stereo91-20240927-1.jpg","2048x2048":"https:\/\/pornuestrolaredo.com\/wp-content\/uploads\/2024\/09\/Stereo91-20240927-1.jpg","morenews-large":"https:\/\/pornuestrolaredo.com\/wp-content\/uploads\/2024\/09\/Stereo91-20240927-1.jpg","morenews-medium":"https:\/\/pornuestrolaredo.com\/wp-content\/uploads\/2024\/09\/Stereo91-20240927-1.jpg"},"magazineBlocksPostAuthor":{"name":"Redactor","avatar":"https:\/\/pornuestrolaredo.com\/wp-content\/litespeed\/avatar\/dca1d7ec750c399f025f23b0b314f4cf.jpg?ver=1777612120"},"magazineBlocksPostCommentsNumber":false,"magazineBlocksPostExcerpt":"Firma decreto que permite mantener su vigencia durante dos a\u00f1os, hasta el 2026 y en 16 estados","magazineBlocksPostCategories":["Mexico"],"magazineBlocksPostViewCount":121,"magazineBlocksPostReadTime":3,"magazine_blocks_featured_image_url":{"full":["https:\/\/pornuestrolaredo.com\/wp-content\/uploads\/2024\/09\/Stereo91-20240927-1.jpg",1140,712,false],"medium":["https:\/\/pornuestrolaredo.com\/wp-content\/uploads\/2024\/09\/Stereo91-20240927-1-300x187.jpg",300,187,true],"thumbnail":["https:\/\/pornuestrolaredo.com\/wp-content\/uploads\/2024\/09\/Stereo91-20240927-1-150x150.jpg",150,150,true]},"magazine_blocks_author":{"display_name":"Redactor","author_link":"https:\/\/pornuestrolaredo.com\/?author=1"},"magazine_blocks_comment":0,"magazine_blocks_author_image":"https:\/\/pornuestrolaredo.com\/wp-content\/litespeed\/avatar\/dca1d7ec750c399f025f23b0b314f4cf.jpg?ver=1777612120","magazine_blocks_category":"<a href=\"#\" class=\"category-link category-link-33\">Mexico<\/a>","jetpack_publicize_connections":[],"featured_image_urls":{"full":["https:\/\/pornuestrolaredo.com\/wp-content\/uploads\/2024\/09\/Stereo91-20240927-1.jpg",1140,712,false],"thumbnail":["https:\/\/pornuestrolaredo.com\/wp-content\/uploads\/2024\/09\/Stereo91-20240927-1-150x150.jpg",150,150,true],"medium":["https:\/\/pornuestrolaredo.com\/wp-content\/uploads\/2024\/09\/Stereo91-20240927-1-300x187.jpg",300,187,true],"medium_large":["https:\/\/pornuestrolaredo.com\/wp-content\/uploads\/2024\/09\/Stereo91-20240927-1-768x480.jpg",640,400,true],"large":["https:\/\/pornuestrolaredo.com\/wp-content\/uploads\/2024\/09\/Stereo91-20240927-1-1000x625.jpg",640,400,true],"1536x1536":["https:\/\/pornuestrolaredo.com\/wp-content\/uploads\/2024\/09\/Stereo91-20240927-1.jpg",1140,712,false],"2048x2048":["https:\/\/pornuestrolaredo.com\/wp-content\/uploads\/2024\/09\/Stereo91-20240927-1.jpg",1140,712,false],"morenews-large":["https:\/\/pornuestrolaredo.com\/wp-content\/uploads\/2024\/09\/Stereo91-20240927-1.jpg",825,515,false],"morenews-medium":["https:\/\/pornuestrolaredo.com\/wp-content\/uploads\/2024\/09\/Stereo91-20240927-1.jpg",590,368,false]},"author_info":{"info":["Redactor"]},"category_info":"<a href=\"https:\/\/pornuestrolaredo.com\/?cat=33\" rel=\"category\">Mexico<\/a>","tag_info":"Mexico","comment_count":"0","jetpack_featured_media_url":"https:\/\/pornuestrolaredo.com\/wp-content\/uploads\/2024\/09\/Stereo91-20240927-1.jpg","jetpack_sharing_enabled":true,"_links":{"self":[{"href":"https:\/\/pornuestrolaredo.com\/index.php?rest_route=\/wp\/v2\/posts\/5117","targetHints":{"allow":["GET"]}}],"collection":[{"href":"https:\/\/pornuestrolaredo.com\/index.php?rest_route=\/wp\/v2\/posts"}],"about":[{"href":"https:\/\/pornuestrolaredo.com\/index.php?rest_route=\/wp\/v2\/types\/post"}],"author":[{"embeddable":true,"href":"https:\/\/pornuestrolaredo.com\/index.php?rest_route=\/wp\/v2\/users\/1"}],"replies":[{"embeddable":true,"href":"https:\/\/pornuestrolaredo.com\/index.php?rest_route=%2Fwp%2Fv2%2Fcomments&post=5117"}],"version-history":[{"count":1,"href":"https:\/\/pornuestrolaredo.com\/index.php?rest_route=\/wp\/v2\/posts\/5117\/revisions"}],"predecessor-version":[{"id":5119,"href":"https:\/\/pornuestrolaredo.com\/index.php?rest_route=\/wp\/v2\/posts\/5117\/revisions\/5119"}],"wp:featuredmedia":[{"embeddable":true,"href":"https:\/\/pornuestrolaredo.com\/index.php?rest_route=\/wp\/v2\/media\/5118"}],"wp:attachment":[{"href":"https:\/\/pornuestrolaredo.com\/index.php?rest_route=%2Fwp%2Fv2%2Fmedia&parent=5117"}],"wp:term":[{"taxonomy":"category","embeddable":true,"href":"https:\/\/pornuestrolaredo.com\/index.php?rest_route=%2Fwp%2Fv2%2Fcategories&post=5117"},{"taxonomy":"post_tag","embeddable":true,"href":"https:\/\/pornuestrolaredo.com\/index.php?rest_route=%2Fwp%2Fv2%2Ftags&post=5117"}],"curies":[{"name":"wp","href":"https:\/\/api.w.org\/{rel}","templated":true}]}}