{"id":5127,"date":"2024-09-28T19:25:04","date_gmt":"2024-09-28T19:25:04","guid":{"rendered":"https:\/\/pornuestrolaredo.com\/?p=5127"},"modified":"2024-09-28T19:25:04","modified_gmt":"2024-09-28T19:25:04","slug":"celebra-jumbo-25-anos-de-trayectoria","status":"publish","type":"post","link":"https:\/\/pornuestrolaredo.com\/?p=5127","title":{"rendered":"Celebra Jumbo 25 a\u00f1os de trayectoria"},"content":{"rendered":"<p><strong><em>MONTERREY.-<\/em><\/strong> Entre fotograf\u00edas y canciones que inspiraron a los peque\u00f1os grandes rockstars que crecieron con ellos, Jumbo celebr\u00f3 25 a\u00f1os de trayectoria y hasta con invitados como Ximena Sari\u00f1ana, Javier Blake y Jos\u00e9 Madero.<\/p>\n<p>Mientras sonaban pistas mezcladas con agradecimientos de la banda, a las 9:24 de la noche cada integrante de la banda tom\u00f3 su posici\u00f3n en el escenario para iniciar con &#8220;En Repetici\u00f3n&#8221;. En el coro final, Clemente Castillo, vocalista, se levant\u00f3 y empez\u00f3 a aplaudir.<\/p>\n<blockquote><p>Saludos desde Monterrey. Bienvenidos a esta gran fiesta de 25 a\u00f1os con un gran ensamble&#8221;, salud\u00f3 Castillo en un Pepsi Center WTC lleno, con aforo de 7 mil personas.<\/p><\/blockquote>\n<p>Con la intenci\u00f3n de crear un ambiente \u00edntimo, en la pista del recinto se colocaron sillas para que la gente disfrutara c\u00f3modamente el concierto. Del techo colgaban una serie de luces doradas distribuidas en un par de ondas largas y otras m\u00e1s peque\u00f1as situadas detr\u00e1s de Castillo, Flip Tamez, Jorge Tamez Chapa, Carlos Alfredo Castro y Alberto Ramos, acompa\u00f1ados por un ensamble de cuerdas y metales.<\/p>\n<blockquote><p>Aparte de celebrar, estamos trayendo un show distinto al del (Teatro) Metrop\u00f3litan, as\u00ed que prep\u00e1rense para una fiesta diferente&#8221;, agreg\u00f3 el cantante, para dar paso a &#8220;Caminando Hacia Atr\u00e1s&#8221;.<\/p><\/blockquote>\n<p>El escenario estaba decorado con tr\u00edpodes que sosten\u00edan los c\u00edrculos dorados colocados en el per\u00edmetro trazado del escenario y que hac\u00edan juego con las luces tenues y el ligero humo.<\/p>\n<blockquote><p>Va a ser una noche con invitados, y hay personas que vienen desde Monterrey, Texas y Aguascalientes a vernos. De donde quiera que vengas, gracias por hacer el esfuerzo de estar aqu\u00ed&#8221;, asegur\u00f3 Castillo, y dedic\u00f3 &#8220;Cada Vez Que Me Voy&#8221; a todas las personas for\u00e1neas.<\/p><\/blockquote>\n<p>Su surgimiento fue en 1997, pero previamente ten\u00edan el nombre Blueswagen y tocaban covers de bandas de rock cl\u00e1sico, y anoche no pod\u00eda ser la excepci\u00f3n.<\/p>\n<blockquote><p>Hay algunas canciones de nuestra discograf\u00eda que fueron peque\u00f1os accidentes positivos y cosas que nos sucedieron por &#8216;x&#8217; o &#8216;y&#8217; raz\u00f3n. En una ocasi\u00f3n nos invitaron a colaborar con un artista con el que crecimos, es de los 70&#8243;, afirm\u00f3, para dar paso a &#8220;Cold Heart&#8221;, de Elton John.<\/p><\/blockquote>\n<p>El staff entr\u00f3 a escena para cambiar las guitarras ac\u00fasticas de los m\u00fasicos por el\u00e9ctricas para la interpretaci\u00f3n de &#8220;Bla Bla Bla&#8221;, antes de un intermedio de cinco minutos, cuando en la pantalla negra se proyect\u00f3 su logo en blanco.<\/p>\n<p>Ya sin el ensamble, el quinteto regres\u00f3 al escenario para su secci\u00f3n el\u00e9ctrica, tocando de pie. Blake, vocalista de Divisi\u00f3n Min\u00fascula, fue su invitado para hacer una versi\u00f3n m\u00e1s rockera de &#8220;Monotransistor&#8221;, tema incluido en su disco de debut, Restaurant (1999).<\/p>\n<blockquote><p>Cuando est\u00e1bamos entre la Superficie y el \u00c1lamo, nos invitaron a un concierto de espectadores en el Lunario. Ah\u00ed, con el que era nuestro manager, coincidimos con esta gran cantautora y actriz, que ten\u00eda una banda llamada Feliz No Cumplea\u00f1os. Vamos a darle la vuelta&#8221;, coment\u00f3 Castillo, quien pidi\u00f3 ovacionar a Sari\u00f1ana.<\/p><\/blockquote>\n<blockquote><p>Es un sue\u00f1o estar en este escenario compartiendo con mi banda favorita de cuando ten\u00eda 15 a\u00f1os&#8221;, agreg\u00f3 la int\u00e9rprete de &#8220;Vidas Paralelas&#8221;.<\/p><\/blockquote>\n<p>El siguiente invitado fue Madero, quien los acompa\u00f1\u00f3 con &#8220;Dilata&#8221; mientras predominaban los gritos de las mujeres presentes.<\/p>\n<p>En &#8220;Fotograf\u00eda&#8221;, el estelar al tocar fue su amigo Cha!, de Fobia y Moderatto.<\/p>\n<blockquote><p>Gracias por haber sido un \u00e1ngel de la guarda en nuestra carrera cuando nadie cre\u00eda en nosotros&#8221;, le agradeci\u00f3 Castillo.<\/p><\/blockquote>\n<p>Al ser Jumbo considerado uno de los grupos de la &#8220;avanzada regia&#8221; de los 90, los regiomontanos del p\u00fablico se hicieron notar.<\/p>\n<p>En el exterior se mont\u00f3 una gran fotograf\u00eda del grupo para que los asistentes pudieran posar e inmortalizar su noche de fiesta.<\/p>\n","protected":false},"excerpt":{"rendered":"<p>M\u00e1s de 7 mil personas acompa\u00f1an al grupo de rock en el Pepsi Center WTC de Monterrey<\/p>\n","protected":false},"author":1,"featured_media":5128,"comment_status":"closed","ping_status":"closed","sticky":false,"template":"","format":"standard","meta":{"_crdt_document":"","_jetpack_memberships_contains_paid_content":false,"footnotes":"","jetpack_publicize_message":"","jetpack_publicize_feature_enabled":true,"jetpack_social_post_already_shared":true,"jetpack_social_options":{"image_generator_settings":{"template":"highway","default_image_id":0,"font":"","enabled":false},"version":2},"_wpas_customize_per_network":false},"categories":[34],"tags":[],"class_list":["post-5127","post","type-post","status-publish","format-standard","has-post-thumbnail","hentry","category-farandula"],"magazineBlocksPostFeaturedMedia":{"thumbnail":"https:\/\/pornuestrolaredo.com\/wp-content\/uploads\/2024\/09\/107FM-20240928-4-150x150.jpg","medium":"https:\/\/pornuestrolaredo.com\/wp-content\/uploads\/2024\/09\/107FM-20240928-4-300x200.jpg","medium_large":"https:\/\/pornuestrolaredo.com\/wp-content\/uploads\/2024\/09\/107FM-20240928-4-768x512.jpg","large":"https:\/\/pornuestrolaredo.com\/wp-content\/uploads\/2024\/09\/107FM-20240928-4.jpg","1536x1536":"https:\/\/pornuestrolaredo.com\/wp-content\/uploads\/2024\/09\/107FM-20240928-4.jpg","2048x2048":"https:\/\/pornuestrolaredo.com\/wp-content\/uploads\/2024\/09\/107FM-20240928-4.jpg","morenews-large":"https:\/\/pornuestrolaredo.com\/wp-content\/uploads\/2024\/09\/107FM-20240928-4.jpg","morenews-medium":"https:\/\/pornuestrolaredo.com\/wp-content\/uploads\/2024\/09\/107FM-20240928-4.jpg"},"magazineBlocksPostAuthor":{"name":"Redactor","avatar":"https:\/\/pornuestrolaredo.com\/wp-content\/litespeed\/avatar\/dca1d7ec750c399f025f23b0b314f4cf.jpg?ver=1777612120"},"magazineBlocksPostCommentsNumber":false,"magazineBlocksPostExcerpt":"M\u00e1s de 7 mil personas acompa\u00f1an al grupo de rock en el Pepsi Center WTC de Monterrey","magazineBlocksPostCategories":["Far\u00e1ndula"],"magazineBlocksPostViewCount":136,"magazineBlocksPostReadTime":4,"magazine_blocks_featured_image_url":{"full":["https:\/\/pornuestrolaredo.com\/wp-content\/uploads\/2024\/09\/107FM-20240928-4.jpg",850,567,false],"medium":["https:\/\/pornuestrolaredo.com\/wp-content\/uploads\/2024\/09\/107FM-20240928-4-300x200.jpg",300,200,true],"thumbnail":["https:\/\/pornuestrolaredo.com\/wp-content\/uploads\/2024\/09\/107FM-20240928-4-150x150.jpg",150,150,true]},"magazine_blocks_author":{"display_name":"Redactor","author_link":"https:\/\/pornuestrolaredo.com\/?author=1"},"magazine_blocks_comment":0,"magazine_blocks_author_image":"https:\/\/pornuestrolaredo.com\/wp-content\/litespeed\/avatar\/dca1d7ec750c399f025f23b0b314f4cf.jpg?ver=1777612120","magazine_blocks_category":"<a href=\"#\" class=\"category-link category-link-34\">Far\u00e1ndula<\/a>","jetpack_publicize_connections":[],"featured_image_urls":{"full":["https:\/\/pornuestrolaredo.com\/wp-content\/uploads\/2024\/09\/107FM-20240928-4.jpg",850,567,false],"thumbnail":["https:\/\/pornuestrolaredo.com\/wp-content\/uploads\/2024\/09\/107FM-20240928-4-150x150.jpg",150,150,true],"medium":["https:\/\/pornuestrolaredo.com\/wp-content\/uploads\/2024\/09\/107FM-20240928-4-300x200.jpg",300,200,true],"medium_large":["https:\/\/pornuestrolaredo.com\/wp-content\/uploads\/2024\/09\/107FM-20240928-4-768x512.jpg",640,427,true],"large":["https:\/\/pornuestrolaredo.com\/wp-content\/uploads\/2024\/09\/107FM-20240928-4.jpg",640,427,false],"1536x1536":["https:\/\/pornuestrolaredo.com\/wp-content\/uploads\/2024\/09\/107FM-20240928-4.jpg",850,567,false],"2048x2048":["https:\/\/pornuestrolaredo.com\/wp-content\/uploads\/2024\/09\/107FM-20240928-4.jpg",850,567,false],"morenews-large":["https:\/\/pornuestrolaredo.com\/wp-content\/uploads\/2024\/09\/107FM-20240928-4.jpg",825,550,false],"morenews-medium":["https:\/\/pornuestrolaredo.com\/wp-content\/uploads\/2024\/09\/107FM-20240928-4.jpg",590,394,false]},"author_info":{"info":["Redactor"]},"category_info":"<a href=\"https:\/\/pornuestrolaredo.com\/?cat=34\" rel=\"category\">Far\u00e1ndula<\/a>","tag_info":"Far\u00e1ndula","comment_count":"0","jetpack_featured_media_url":"https:\/\/pornuestrolaredo.com\/wp-content\/uploads\/2024\/09\/107FM-20240928-4.jpg","jetpack_sharing_enabled":true,"_links":{"self":[{"href":"https:\/\/pornuestrolaredo.com\/index.php?rest_route=\/wp\/v2\/posts\/5127","targetHints":{"allow":["GET"]}}],"collection":[{"href":"https:\/\/pornuestrolaredo.com\/index.php?rest_route=\/wp\/v2\/posts"}],"about":[{"href":"https:\/\/pornuestrolaredo.com\/index.php?rest_route=\/wp\/v2\/types\/post"}],"author":[{"embeddable":true,"href":"https:\/\/pornuestrolaredo.com\/index.php?rest_route=\/wp\/v2\/users\/1"}],"replies":[{"embeddable":true,"href":"https:\/\/pornuestrolaredo.com\/index.php?rest_route=%2Fwp%2Fv2%2Fcomments&post=5127"}],"version-history":[{"count":1,"href":"https:\/\/pornuestrolaredo.com\/index.php?rest_route=\/wp\/v2\/posts\/5127\/revisions"}],"predecessor-version":[{"id":5129,"href":"https:\/\/pornuestrolaredo.com\/index.php?rest_route=\/wp\/v2\/posts\/5127\/revisions\/5129"}],"wp:featuredmedia":[{"embeddable":true,"href":"https:\/\/pornuestrolaredo.com\/index.php?rest_route=\/wp\/v2\/media\/5128"}],"wp:attachment":[{"href":"https:\/\/pornuestrolaredo.com\/index.php?rest_route=%2Fwp%2Fv2%2Fmedia&parent=5127"}],"wp:term":[{"taxonomy":"category","embeddable":true,"href":"https:\/\/pornuestrolaredo.com\/index.php?rest_route=%2Fwp%2Fv2%2Fcategories&post=5127"},{"taxonomy":"post_tag","embeddable":true,"href":"https:\/\/pornuestrolaredo.com\/index.php?rest_route=%2Fwp%2Fv2%2Ftags&post=5127"}],"curies":[{"name":"wp","href":"https:\/\/api.w.org\/{rel}","templated":true}]}}