{"id":513,"date":"2022-10-07T18:22:11","date_gmt":"2022-10-07T18:22:11","guid":{"rendered":"https:\/\/pornuestrolaredo.com\/?p=513"},"modified":"2022-10-07T18:22:11","modified_gmt":"2022-10-07T18:22:11","slug":"nombra-amlo-nueva-secretaria-de-economia%ef%bf%bc","status":"publish","type":"post","link":"https:\/\/pornuestrolaredo.com\/?p=513","title":{"rendered":"Nombra AMLO nueva secretaria de Econom\u00eda\ufffc"},"content":{"rendered":"\n<p class=\"wp-block-paragraph\"><strong><em>CIUDAD DE M\u00c9XICO.- <\/em><\/strong>Raquel Buenrostro, jefa del Servicio de Administraci\u00f3n Tributaria (SAT), ser\u00e1 la nueva Secretaria de Econom\u00eda en sustituci\u00f3n de Tatiana Clouthier, anunci\u00f3 el Presidente Andr\u00e9s Manuel L\u00f3pez Obrador.<\/p>\n\n\n\n<blockquote class=\"wp-block-quote is-layout-flow wp-block-quote-is-layout-flow\"><p>Quiero informarles que ya tom\u00e9 la decisi\u00f3n de nombrar a Raquel Buenrostro secretaria de Econom\u00eda, quien ahora se desempe\u00f1a como directora del SAT\u201d, inform\u00f3 el Mandatario en su conferencia ma\u00f1anera en Palacio Nacional.<\/p><\/blockquote>\n\n\n\n<blockquote class=\"wp-block-quote is-layout-flow wp-block-quote-is-layout-flow\"><p>Ha tenido muy buen trabajo, porque no ha disminuido la recaudaci\u00f3n, yo creo que lo que (cuentan) son los hechos y es una servidora p\u00fablica ejemplar, le tenemos toda la confianza y ella va ser la pr\u00f3xima secretaria de Econom\u00eda\u201d, agreg\u00f3.<\/p><\/blockquote>\n\n\n\n<p class=\"wp-block-paragraph\">Con m\u00e1s de 25 a\u00f1os en el servicio p\u00fablico, Buenrostro enfrentar\u00e1 la elevada inflaci\u00f3n -que L\u00f3pez Obrador dijo que ya se contuvo- y las disputas comerciales con Estados Unidos y Canad\u00e1 por las pol\u00edticas energ\u00e9ticas mexicanas.<\/p>\n\n\n\n<p class=\"wp-block-paragraph\">Tras el anuncio, el Consejo Coordinador Empresarial (CCE) reiter\u00f3 su disposici\u00f3n al di\u00e1logo con Buenrostro para llegar a acuerdos y trabajar en favor de la reactivaci\u00f3n econ\u00f3mica.<\/p>\n\n\n\n<p class=\"wp-block-paragraph\">En tanto, la Confederaci\u00f3n Nacional de C\u00e1maras de Comercio (Concanaco) y la Confederaci\u00f3n de C\u00e1maras Industriales (Concamin) refrendaron su compromiso de trabajar en plena coordinaci\u00f3n con el Gobierno.<\/p>\n\n\n\n<p class=\"wp-block-paragraph\">Buenrostro llega a la Secretar\u00eda Econom\u00eda tras la renuncia de Clouthier, quien no ha explicado las razones de su salida, pero reconoci\u00f3 que ya no ten\u00eda qu\u00e9 aportar al Gobierno, por lo que se pasa \u201ca la porra\u201d.<\/p>\n\n\n\n<blockquote class=\"wp-block-quote is-layout-flow wp-block-quote-is-layout-flow\"><p>Tiene Licenciatura en Matem\u00e1ticas de la UNAM y Maestr\u00eda en Econom\u00eda por el Colegio de M\u00e9xico, y ya pues se conoce porque ha estado aqu\u00ed con nosotros en todo lo que tiene que ver con el SAT\u201d, abund\u00f3 el Presidente sobre Buenrostro.<\/p><\/blockquote>\n\n\n\n<p class=\"wp-block-paragraph\">En diciembre de 2019, L\u00f3pez Obrador design\u00f3 a Buenrostro como titular del SAT en relevo de Margarita R\u00edos-Farjat, quien dej\u00f3 el cargo tras ser elegida como Ministra de la Suprema Corte de Justicia de la Naci\u00f3n.<\/p>\n\n\n\n<p class=\"wp-block-paragraph\">Previamente, fungi\u00f3 como titular de la Oficial\u00eda Mayor de Hacienda en la presente Administraci\u00f3n. Tambi\u00e9n ha sido directora general adjunta de Control Presupuestario en Hacienda; gerente de Planeaci\u00f3n y Desarrollo en Pemex y subtesorera de Pol\u00edtica Fiscal en la Ciudad de M\u00e9xico.<\/p>\n\n\n\n<blockquote class=\"wp-block-quote is-layout-flow wp-block-quote-is-layout-flow\"><p>Sus principales objetivos (en el SAT) han sido: aumentar la eficiencia recaudatoria, bajar la evasi\u00f3n y elusi\u00f3n fiscal y combatir la corrupci\u00f3n. Debido a estas acciones, el SAT ha logrado mantener la recaudaci\u00f3n de manera sostenida y creciente\u201d, presumi\u00f3 <\/p><\/blockquote>\n","protected":false},"excerpt":{"rendered":"<p>CIUDAD DE M\u00c9XICO.- Raquel Buenrostro, jefa del Servicio de Administraci\u00f3n Tributaria (SAT), ser\u00e1 la nueva Secretaria de Econom\u00eda<\/p>\n","protected":false},"author":1,"featured_media":514,"comment_status":"open","ping_status":"open","sticky":false,"template":"","format":"standard","meta":{"_crdt_document":"","_jetpack_memberships_contains_paid_content":false,"footnotes":"","jetpack_publicize_message":"Ser\u00e1 Raquel Buenrostro, quien se desempe\u00f1aba como jefa del Servicio de Administraci\u00f3n Tributaria","jetpack_publicize_feature_enabled":true,"jetpack_social_post_already_shared":true,"jetpack_social_options":{"image_generator_settings":{"template":"highway","default_image_id":0,"font":"","enabled":false},"version":2},"_wpas_customize_per_network":false},"categories":[9],"tags":[],"class_list":["post-513","post","type-post","status-publish","format-standard","has-post-thumbnail","hentry","category-el-mundo"],"magazineBlocksPostFeaturedMedia":{"thumbnail":"https:\/\/pornuestrolaredo.com\/wp-content\/uploads\/2022\/10\/Stereo91-20221007-1-150x150.jpeg","medium":"https:\/\/pornuestrolaredo.com\/wp-content\/uploads\/2022\/10\/Stereo91-20221007-1-300x169.jpeg","medium_large":"https:\/\/pornuestrolaredo.com\/wp-content\/uploads\/2022\/10\/Stereo91-20221007-1-768x432.jpeg","large":"https:\/\/pornuestrolaredo.com\/wp-content\/uploads\/2022\/10\/Stereo91-20221007-1-1024x576.jpeg","1536x1536":"https:\/\/pornuestrolaredo.com\/wp-content\/uploads\/2022\/10\/Stereo91-20221007-1.jpeg","2048x2048":"https:\/\/pornuestrolaredo.com\/wp-content\/uploads\/2022\/10\/Stereo91-20221007-1.jpeg","morenews-large":"https:\/\/pornuestrolaredo.com\/wp-content\/uploads\/2022\/10\/Stereo91-20221007-1.jpeg","morenews-medium":"https:\/\/pornuestrolaredo.com\/wp-content\/uploads\/2022\/10\/Stereo91-20221007-1.jpeg"},"magazineBlocksPostAuthor":{"name":"Redactor","avatar":"https:\/\/pornuestrolaredo.com\/wp-content\/litespeed\/avatar\/dca1d7ec750c399f025f23b0b314f4cf.jpg?ver=1777007253"},"magazineBlocksPostCommentsNumber":false,"magazineBlocksPostExcerpt":"CIUDAD DE M\u00c9XICO.- Raquel Buenrostro, jefa del Servicio de Administraci\u00f3n Tributaria (SAT), ser\u00e1 la nueva Secretaria de Econom\u00eda","magazineBlocksPostCategories":["El Mundo"],"magazineBlocksPostViewCount":121,"magazineBlocksPostReadTime":3,"magazine_blocks_featured_image_url":{"full":["https:\/\/pornuestrolaredo.com\/wp-content\/uploads\/2022\/10\/Stereo91-20221007-1.jpeg",1200,675,false],"medium":["https:\/\/pornuestrolaredo.com\/wp-content\/uploads\/2022\/10\/Stereo91-20221007-1-300x169.jpeg",300,169,true],"thumbnail":["https:\/\/pornuestrolaredo.com\/wp-content\/uploads\/2022\/10\/Stereo91-20221007-1-150x150.jpeg",150,150,true]},"magazine_blocks_author":{"display_name":"Redactor","author_link":"https:\/\/pornuestrolaredo.com\/?author=1"},"magazine_blocks_comment":0,"magazine_blocks_author_image":"https:\/\/pornuestrolaredo.com\/wp-content\/litespeed\/avatar\/dca1d7ec750c399f025f23b0b314f4cf.jpg?ver=1777007253","magazine_blocks_category":"<a href=\"#\" class=\"category-link category-link-9\">El Mundo<\/a>","jetpack_publicize_connections":[],"featured_image_urls":{"full":["https:\/\/pornuestrolaredo.com\/wp-content\/uploads\/2022\/10\/Stereo91-20221007-1.jpeg",1200,675,false],"thumbnail":["https:\/\/pornuestrolaredo.com\/wp-content\/uploads\/2022\/10\/Stereo91-20221007-1-150x150.jpeg",150,150,true],"medium":["https:\/\/pornuestrolaredo.com\/wp-content\/uploads\/2022\/10\/Stereo91-20221007-1-300x169.jpeg",300,169,true],"medium_large":["https:\/\/pornuestrolaredo.com\/wp-content\/uploads\/2022\/10\/Stereo91-20221007-1-768x432.jpeg",640,360,true],"large":["https:\/\/pornuestrolaredo.com\/wp-content\/uploads\/2022\/10\/Stereo91-20221007-1-1024x576.jpeg",640,360,true],"1536x1536":["https:\/\/pornuestrolaredo.com\/wp-content\/uploads\/2022\/10\/Stereo91-20221007-1.jpeg",1200,675,false],"2048x2048":["https:\/\/pornuestrolaredo.com\/wp-content\/uploads\/2022\/10\/Stereo91-20221007-1.jpeg",1200,675,false],"morenews-large":["https:\/\/pornuestrolaredo.com\/wp-content\/uploads\/2022\/10\/Stereo91-20221007-1.jpeg",825,464,false],"morenews-medium":["https:\/\/pornuestrolaredo.com\/wp-content\/uploads\/2022\/10\/Stereo91-20221007-1.jpeg",590,332,false]},"author_info":{"info":["Redactor"]},"category_info":"<a href=\"https:\/\/pornuestrolaredo.com\/?cat=9\" rel=\"category\">El Mundo<\/a>","tag_info":"El Mundo","comment_count":"0","jetpack_featured_media_url":"https:\/\/pornuestrolaredo.com\/wp-content\/uploads\/2022\/10\/Stereo91-20221007-1.jpeg","jetpack_sharing_enabled":true,"_links":{"self":[{"href":"https:\/\/pornuestrolaredo.com\/index.php?rest_route=\/wp\/v2\/posts\/513","targetHints":{"allow":["GET"]}}],"collection":[{"href":"https:\/\/pornuestrolaredo.com\/index.php?rest_route=\/wp\/v2\/posts"}],"about":[{"href":"https:\/\/pornuestrolaredo.com\/index.php?rest_route=\/wp\/v2\/types\/post"}],"author":[{"embeddable":true,"href":"https:\/\/pornuestrolaredo.com\/index.php?rest_route=\/wp\/v2\/users\/1"}],"replies":[{"embeddable":true,"href":"https:\/\/pornuestrolaredo.com\/index.php?rest_route=%2Fwp%2Fv2%2Fcomments&post=513"}],"version-history":[{"count":1,"href":"https:\/\/pornuestrolaredo.com\/index.php?rest_route=\/wp\/v2\/posts\/513\/revisions"}],"predecessor-version":[{"id":515,"href":"https:\/\/pornuestrolaredo.com\/index.php?rest_route=\/wp\/v2\/posts\/513\/revisions\/515"}],"wp:featuredmedia":[{"embeddable":true,"href":"https:\/\/pornuestrolaredo.com\/index.php?rest_route=\/wp\/v2\/media\/514"}],"wp:attachment":[{"href":"https:\/\/pornuestrolaredo.com\/index.php?rest_route=%2Fwp%2Fv2%2Fmedia&parent=513"}],"wp:term":[{"taxonomy":"category","embeddable":true,"href":"https:\/\/pornuestrolaredo.com\/index.php?rest_route=%2Fwp%2Fv2%2Fcategories&post=513"},{"taxonomy":"post_tag","embeddable":true,"href":"https:\/\/pornuestrolaredo.com\/index.php?rest_route=%2Fwp%2Fv2%2Ftags&post=513"}],"curies":[{"name":"wp","href":"https:\/\/api.w.org\/{rel}","templated":true}]}}