{"id":5148,"date":"2024-10-01T20:11:51","date_gmt":"2024-10-01T20:11:51","guid":{"rendered":"https:\/\/pornuestrolaredo.com\/?p=5148"},"modified":"2024-10-01T20:11:51","modified_gmt":"2024-10-01T20:11:51","slug":"asume-claudia-sheinbaum-como-la-primera-presidenta-de-mexico","status":"publish","type":"post","link":"https:\/\/pornuestrolaredo.com\/?p=5148","title":{"rendered":"Asume Claudia Sheinbaum como la primera presidenta de M\u00e9xico"},"content":{"rendered":"<p><strong><em>CIUDAD DE M\u00c9XICO.-<\/em><\/strong> Claudia Sheinbaum recibi\u00f3 la Banda Presidencial y asumi\u00f3 como la primera presidenta de M\u00e9xico para el periodo 2024-2030.<\/p>\n<p>Desde el Palacio Legislativo de San L\u00e1zaro, el presidente saliente Andr\u00e9s Manuel L\u00f3pez Obrador hizo entrega de la Banda Presidencial a Ifigenia Mart\u00ednez -presidenta de la Mesa Directiva de la C\u00e1mara de Diputados- quien posteriormente se la coloc\u00f3 a la presidenta Sheinbaum.<\/p>\n<p>Previo a recibir la Banda Presidencial, Sheinbaum rindi\u00f3 protesta para convertirse as\u00ed en la presidenta n\u00famero 66 en la historia de nuestro Pa\u00eds, y ser\u00e1 la primera mujer en ocupar el cargo en 200 a\u00f1os de Rep\u00fablica.<\/p>\n<blockquote><p>Honorable Congreso de la Uni\u00f3n, pueblo de M\u00e9xico: protesto guardar y hacer guardar la Constituci\u00f3n Pol\u00edtica de los Estados Unidos Mexicanos y las leyes que de ella emanen, y desempe\u00f1ar leal y patri\u00f3ticamente el cargo de Presidenta de la Rep\u00fablica que el pueblo me ha conferido, mirando en todo por el bien y prosperidad de la uni\u00f3n y si as\u00ed no lo hiciera que la naci\u00f3n me lo demande&#8221;, dijo Sheinbaum.<\/p><\/blockquote>\n<p>La Doctora Sheinbaum Pardo lleg\u00f3 a este d\u00eda como la mandataria mayor votada en la historia reciente, con m\u00e1s de 35 millones de sufragios en su favor, casi 60 por ciento del total de la votaci\u00f3n.<\/p>\n<p>Ifigenia Mart\u00ednez, presidenta de la Mesa Directiva de San L\u00e1zaro, hizo historia tambi\u00e9n al ser la primera mujer en entregar una Banda Presidencial a otra mujer.<\/p>\n<p>El 2 de junio pasado, Claudia Sheinbaum vot\u00f3 en la elecci\u00f3n por la economista para el cargo de presidenta y el 21 de agosto pasado asegur\u00f3 sentir &#8220;mucha emoci\u00f3n&#8221; de que Mart\u00ednez fuera la persona que le entregara la Banda Presidencial este 1 de octubre.<\/p>\n<p>Al asumir hoy como la primera presidenta de M\u00e9xico, Claudia Sheinbaum Pardo enfrentar\u00e1 el reto de imprimir su propio sello y garantizar la gobernabilidad del Pa\u00eds ante presiones financieras, reorganizaci\u00f3n administrativa, el n\u00famero m\u00e1s alto de homicidios y las implicaciones de reformas constitucionales, incluida la judicial.<\/p>\n<p>En materia econ\u00f3mica, el mayor desaf\u00edo de Sheinbaum ser\u00e1 dar certeza, reduciendo la gran incertidumbre econ\u00f3mica reinante y convencer de que el poder acumulado, con pocos contrapesos, no implicar\u00e1 pol\u00edticas p\u00fablicas hostiles a la econom\u00eda de libre mercado, consideraron instituciones y analistas privados.<\/p>\n<p>Sheinbaum, de 62 a\u00f1os, dar\u00e1 continuidad a los proyectos de AMLO y tomar\u00e1 como base las pol\u00edticas que implement\u00f3 en la CDMX, ha perfilado un conjunto de 100 compromisos y acciones prioritarias en su Gobierno, tal y como lo hizo el tabasque\u00f1o al inicio de su sexenio.<\/p>\n<p>Uno de los proyectos m\u00e1s ambiciosos de Sheinbaum es la puesta en operaci\u00f3n de al menos ocho l\u00edneas de trenes de pasajeros, entre los que est\u00e1n AIFA-Pachuca, M\u00e9xico-Quer\u00e9taro-Le\u00f3n-Aguascalientes; M\u00e9xico-Quer\u00e9taro-Guadalajara; Tepic-Mazatl\u00e1n-Nogales; M\u00e9xico-SLP-Monterrey-Nuevo Laredo, y M\u00e9xico-Puebla-Veracruz.<\/p>\n<p>Nacida en la Ciudad de M\u00e9xico, Sheinbaum -fundadora del partido Morena- se describe a si misma como &#8220;hija del 68&#8221;, el movimiento en el que participaron sus padres y que dej\u00f3 una profunda herida en M\u00e9xico, luego de la represi\u00f3n de miles de j\u00f3venes que exig\u00edan respeto a sus libertades.<\/p>\n<p>En su definici\u00f3n personal, Sheinbaum se identifica como una cr\u00edtica del neoliberalismo, defensora de los derechos sociales y feminista. Se reconoce como una mujer disciplinada, tan amante de los ni\u00f1os que, de no haber sido acad\u00e9mica y pol\u00edtica, hubiera sido maestra de jard\u00edn de ni\u00f1os.<\/p>\n","protected":false},"excerpt":{"rendered":"<p>Se convierte en la presidenta n\u00famero 66 en la historia de los Estados Unidos Mexicanos<\/p>\n","protected":false},"author":1,"featured_media":5149,"comment_status":"closed","ping_status":"closed","sticky":false,"template":"","format":"standard","meta":{"_crdt_document":"","_jetpack_memberships_contains_paid_content":false,"footnotes":"","jetpack_publicize_message":"","jetpack_publicize_feature_enabled":true,"jetpack_social_post_already_shared":true,"jetpack_social_options":{"image_generator_settings":{"template":"highway","default_image_id":0,"font":"","enabled":false},"version":2},"_wpas_customize_per_network":false},"categories":[33],"tags":[],"class_list":["post-5148","post","type-post","status-publish","format-standard","has-post-thumbnail","hentry","category-mexico"],"magazineBlocksPostFeaturedMedia":{"thumbnail":"https:\/\/pornuestrolaredo.com\/wp-content\/uploads\/2024\/10\/PNL-20241001-1-150x150.jpg","medium":"https:\/\/pornuestrolaredo.com\/wp-content\/uploads\/2024\/10\/PNL-20241001-1-300x187.jpg","medium_large":"https:\/\/pornuestrolaredo.com\/wp-content\/uploads\/2024\/10\/PNL-20241001-1-768x480.jpg","large":"https:\/\/pornuestrolaredo.com\/wp-content\/uploads\/2024\/10\/PNL-20241001-1.jpg","1536x1536":"https:\/\/pornuestrolaredo.com\/wp-content\/uploads\/2024\/10\/PNL-20241001-1.jpg","2048x2048":"https:\/\/pornuestrolaredo.com\/wp-content\/uploads\/2024\/10\/PNL-20241001-1.jpg","morenews-large":"https:\/\/pornuestrolaredo.com\/wp-content\/uploads\/2024\/10\/PNL-20241001-1.jpg","morenews-medium":"https:\/\/pornuestrolaredo.com\/wp-content\/uploads\/2024\/10\/PNL-20241001-1.jpg"},"magazineBlocksPostAuthor":{"name":"Redactor","avatar":"https:\/\/pornuestrolaredo.com\/wp-content\/litespeed\/avatar\/dca1d7ec750c399f025f23b0b314f4cf.jpg?ver=1777612120"},"magazineBlocksPostCommentsNumber":false,"magazineBlocksPostExcerpt":"Se convierte en la presidenta n\u00famero 66 en la historia de los Estados Unidos Mexicanos","magazineBlocksPostCategories":["Mexico"],"magazineBlocksPostViewCount":143,"magazineBlocksPostReadTime":4,"magazine_blocks_featured_image_url":{"full":["https:\/\/pornuestrolaredo.com\/wp-content\/uploads\/2024\/10\/PNL-20241001-1.jpg",850,531,false],"medium":["https:\/\/pornuestrolaredo.com\/wp-content\/uploads\/2024\/10\/PNL-20241001-1-300x187.jpg",300,187,true],"thumbnail":["https:\/\/pornuestrolaredo.com\/wp-content\/uploads\/2024\/10\/PNL-20241001-1-150x150.jpg",150,150,true]},"magazine_blocks_author":{"display_name":"Redactor","author_link":"https:\/\/pornuestrolaredo.com\/?author=1"},"magazine_blocks_comment":0,"magazine_blocks_author_image":"https:\/\/pornuestrolaredo.com\/wp-content\/litespeed\/avatar\/dca1d7ec750c399f025f23b0b314f4cf.jpg?ver=1777612120","magazine_blocks_category":"<a href=\"#\" class=\"category-link category-link-33\">Mexico<\/a>","jetpack_publicize_connections":[],"featured_image_urls":{"full":["https:\/\/pornuestrolaredo.com\/wp-content\/uploads\/2024\/10\/PNL-20241001-1.jpg",850,531,false],"thumbnail":["https:\/\/pornuestrolaredo.com\/wp-content\/uploads\/2024\/10\/PNL-20241001-1-150x150.jpg",150,150,true],"medium":["https:\/\/pornuestrolaredo.com\/wp-content\/uploads\/2024\/10\/PNL-20241001-1-300x187.jpg",300,187,true],"medium_large":["https:\/\/pornuestrolaredo.com\/wp-content\/uploads\/2024\/10\/PNL-20241001-1-768x480.jpg",640,400,true],"large":["https:\/\/pornuestrolaredo.com\/wp-content\/uploads\/2024\/10\/PNL-20241001-1.jpg",640,400,false],"1536x1536":["https:\/\/pornuestrolaredo.com\/wp-content\/uploads\/2024\/10\/PNL-20241001-1.jpg",850,531,false],"2048x2048":["https:\/\/pornuestrolaredo.com\/wp-content\/uploads\/2024\/10\/PNL-20241001-1.jpg",850,531,false],"morenews-large":["https:\/\/pornuestrolaredo.com\/wp-content\/uploads\/2024\/10\/PNL-20241001-1.jpg",825,515,false],"morenews-medium":["https:\/\/pornuestrolaredo.com\/wp-content\/uploads\/2024\/10\/PNL-20241001-1.jpg",590,369,false]},"author_info":{"info":["Redactor"]},"category_info":"<a href=\"https:\/\/pornuestrolaredo.com\/?cat=33\" rel=\"category\">Mexico<\/a>","tag_info":"Mexico","comment_count":"0","jetpack_featured_media_url":"https:\/\/pornuestrolaredo.com\/wp-content\/uploads\/2024\/10\/PNL-20241001-1.jpg","jetpack_sharing_enabled":true,"_links":{"self":[{"href":"https:\/\/pornuestrolaredo.com\/index.php?rest_route=\/wp\/v2\/posts\/5148","targetHints":{"allow":["GET"]}}],"collection":[{"href":"https:\/\/pornuestrolaredo.com\/index.php?rest_route=\/wp\/v2\/posts"}],"about":[{"href":"https:\/\/pornuestrolaredo.com\/index.php?rest_route=\/wp\/v2\/types\/post"}],"author":[{"embeddable":true,"href":"https:\/\/pornuestrolaredo.com\/index.php?rest_route=\/wp\/v2\/users\/1"}],"replies":[{"embeddable":true,"href":"https:\/\/pornuestrolaredo.com\/index.php?rest_route=%2Fwp%2Fv2%2Fcomments&post=5148"}],"version-history":[{"count":1,"href":"https:\/\/pornuestrolaredo.com\/index.php?rest_route=\/wp\/v2\/posts\/5148\/revisions"}],"predecessor-version":[{"id":5150,"href":"https:\/\/pornuestrolaredo.com\/index.php?rest_route=\/wp\/v2\/posts\/5148\/revisions\/5150"}],"wp:featuredmedia":[{"embeddable":true,"href":"https:\/\/pornuestrolaredo.com\/index.php?rest_route=\/wp\/v2\/media\/5149"}],"wp:attachment":[{"href":"https:\/\/pornuestrolaredo.com\/index.php?rest_route=%2Fwp%2Fv2%2Fmedia&parent=5148"}],"wp:term":[{"taxonomy":"category","embeddable":true,"href":"https:\/\/pornuestrolaredo.com\/index.php?rest_route=%2Fwp%2Fv2%2Fcategories&post=5148"},{"taxonomy":"post_tag","embeddable":true,"href":"https:\/\/pornuestrolaredo.com\/index.php?rest_route=%2Fwp%2Fv2%2Ftags&post=5148"}],"curies":[{"name":"wp","href":"https:\/\/api.w.org\/{rel}","templated":true}]}}