{"id":5152,"date":"2024-10-02T18:39:55","date_gmt":"2024-10-02T18:39:55","guid":{"rendered":"https:\/\/pornuestrolaredo.com\/?p=5152"},"modified":"2024-10-02T18:39:55","modified_gmt":"2024-10-02T18:39:55","slug":"regresa-shakira-a-mexico-con-las-mujeres-ya-no-lloran","status":"publish","type":"post","link":"https:\/\/pornuestrolaredo.com\/?p=5152","title":{"rendered":"Regresa Shakira a M\u00e9xico con Las Mujeres Ya No Lloran"},"content":{"rendered":"<p><strong><em>CIUDAD DE M\u00c9XICO<\/em>.-<\/strong> Shakira estar\u00e1 en marzo en M\u00e9xico, al arrancar su su esperada gira por Latinoam\u00e9rica titulada Las Mujeres Ya No Lloran. Ir\u00e1 a Monterrey, Ciudad de M\u00e9xico y Guadalajara.<\/p>\n<p>A trav\u00e9s de sus redes sociales, Shakira, de 47 a\u00f1os, comparti\u00f3 un cartel con las fechas de sus pr\u00f3ximos conciertos y expres\u00f3 su entusiasmo por reencontrarse con su p\u00fablico.<\/p>\n<blockquote><p>\u00a1Mi gente, nos vemos pronto!&#8221;, escribi\u00f3 en Instagram.<\/p><\/blockquote>\n<p>La gira en M\u00e9xico comenzar\u00e1 el 12 de marzo en Monterrey, en el Estadio BBVA; continuar\u00e1 el 16 de marzo en Guadalajara, en el Estadio Akron; y concluir\u00e1 el 19 de marzo en la Ciudad de M\u00e9xico, en el Estadio GNP Seguros (antes Foro Sol).<\/p>\n<p>La preventa de boletos en M\u00e9xico comenzar\u00e1 el martes 8 de octubre a las 10:00 de la ma\u00f1ana, y Shakira abri\u00f3 un registro previo en su p\u00e1gina web para que sus seguidores puedan acceder a la preventa la noche anterior.<\/p>\n<p>Los interesados podr\u00e1n adquirir hasta seis entradas por persona, que se vender\u00e1n por orden de llegada.<\/p>\n<p>Adem\u00e1s de M\u00e9xico, la int\u00e9rprete de \u00e9xitos como &#8220;Antolog\u00eda&#8221; y &#8220;Hips Don&#8217;t Lie&#8221; tambi\u00e9n se presentar\u00e1 en ciudades como R\u00edo de Janeiro, Lima, Barranquilla, Medell\u00edn, Bogot\u00e1, Santiago y Buenos Aires, prometiendo una gira que celebrar\u00e1 su trayectoria musical y su impacto en la m\u00fasica latina.<\/p>\n<p>La gira Las Mujeres Ya No Lloran promete ser uno de los eventos m\u00e1s esperados del a\u00f1o, y los fan\u00e1ticos ya est\u00e1n ansiosos por volver a vibrar con los \u00e9xitos de una de las artistas m\u00e1s ic\u00f3nicas de Latinoam\u00e9rica.<\/p>\n","protected":false},"excerpt":{"rendered":"<p>La cantante colombiana iniciar\u00e1 su gira por el pa\u00eds, el 12 de marzo, en Monterrey<\/p>\n","protected":false},"author":1,"featured_media":5153,"comment_status":"closed","ping_status":"closed","sticky":false,"template":"","format":"standard","meta":{"_crdt_document":"","_jetpack_memberships_contains_paid_content":false,"footnotes":"","jetpack_publicize_message":"","jetpack_publicize_feature_enabled":true,"jetpack_social_post_already_shared":true,"jetpack_social_options":{"image_generator_settings":{"template":"highway","default_image_id":0,"font":"","enabled":false},"version":2},"_wpas_customize_per_network":false},"categories":[34],"tags":[],"class_list":["post-5152","post","type-post","status-publish","format-standard","has-post-thumbnail","hentry","category-farandula"],"magazineBlocksPostFeaturedMedia":{"thumbnail":"https:\/\/pornuestrolaredo.com\/wp-content\/uploads\/2024\/10\/PNL-20241002-1-150x150.jpg","medium":"https:\/\/pornuestrolaredo.com\/wp-content\/uploads\/2024\/10\/PNL-20241002-1-300x150.jpg","medium_large":"https:\/\/pornuestrolaredo.com\/wp-content\/uploads\/2024\/10\/PNL-20241002-1-768x384.jpg","large":"https:\/\/pornuestrolaredo.com\/wp-content\/uploads\/2024\/10\/PNL-20241002-1.jpg","1536x1536":"https:\/\/pornuestrolaredo.com\/wp-content\/uploads\/2024\/10\/PNL-20241002-1.jpg","2048x2048":"https:\/\/pornuestrolaredo.com\/wp-content\/uploads\/2024\/10\/PNL-20241002-1.jpg","morenews-large":"https:\/\/pornuestrolaredo.com\/wp-content\/uploads\/2024\/10\/PNL-20241002-1.jpg","morenews-medium":"https:\/\/pornuestrolaredo.com\/wp-content\/uploads\/2024\/10\/PNL-20241002-1.jpg"},"magazineBlocksPostAuthor":{"name":"Redactor","avatar":"https:\/\/pornuestrolaredo.com\/wp-content\/litespeed\/avatar\/dca1d7ec750c399f025f23b0b314f4cf.jpg?ver=1777612120"},"magazineBlocksPostCommentsNumber":false,"magazineBlocksPostExcerpt":"La cantante colombiana iniciar\u00e1 su gira por el pa\u00eds, el 12 de marzo, en Monterrey","magazineBlocksPostCategories":["Far\u00e1ndula"],"magazineBlocksPostViewCount":146,"magazineBlocksPostReadTime":2,"magazine_blocks_featured_image_url":{"full":["https:\/\/pornuestrolaredo.com\/wp-content\/uploads\/2024\/10\/PNL-20241002-1.jpg",850,425,false],"medium":["https:\/\/pornuestrolaredo.com\/wp-content\/uploads\/2024\/10\/PNL-20241002-1-300x150.jpg",300,150,true],"thumbnail":["https:\/\/pornuestrolaredo.com\/wp-content\/uploads\/2024\/10\/PNL-20241002-1-150x150.jpg",150,150,true]},"magazine_blocks_author":{"display_name":"Redactor","author_link":"https:\/\/pornuestrolaredo.com\/?author=1"},"magazine_blocks_comment":0,"magazine_blocks_author_image":"https:\/\/pornuestrolaredo.com\/wp-content\/litespeed\/avatar\/dca1d7ec750c399f025f23b0b314f4cf.jpg?ver=1777612120","magazine_blocks_category":"<a href=\"#\" class=\"category-link category-link-34\">Far\u00e1ndula<\/a>","jetpack_publicize_connections":[],"featured_image_urls":{"full":["https:\/\/pornuestrolaredo.com\/wp-content\/uploads\/2024\/10\/PNL-20241002-1.jpg",850,425,false],"thumbnail":["https:\/\/pornuestrolaredo.com\/wp-content\/uploads\/2024\/10\/PNL-20241002-1-150x150.jpg",150,150,true],"medium":["https:\/\/pornuestrolaredo.com\/wp-content\/uploads\/2024\/10\/PNL-20241002-1-300x150.jpg",300,150,true],"medium_large":["https:\/\/pornuestrolaredo.com\/wp-content\/uploads\/2024\/10\/PNL-20241002-1-768x384.jpg",640,320,true],"large":["https:\/\/pornuestrolaredo.com\/wp-content\/uploads\/2024\/10\/PNL-20241002-1.jpg",640,320,false],"1536x1536":["https:\/\/pornuestrolaredo.com\/wp-content\/uploads\/2024\/10\/PNL-20241002-1.jpg",850,425,false],"2048x2048":["https:\/\/pornuestrolaredo.com\/wp-content\/uploads\/2024\/10\/PNL-20241002-1.jpg",850,425,false],"morenews-large":["https:\/\/pornuestrolaredo.com\/wp-content\/uploads\/2024\/10\/PNL-20241002-1.jpg",825,413,false],"morenews-medium":["https:\/\/pornuestrolaredo.com\/wp-content\/uploads\/2024\/10\/PNL-20241002-1.jpg",590,295,false]},"author_info":{"info":["Redactor"]},"category_info":"<a href=\"https:\/\/pornuestrolaredo.com\/?cat=34\" rel=\"category\">Far\u00e1ndula<\/a>","tag_info":"Far\u00e1ndula","comment_count":"0","jetpack_featured_media_url":"https:\/\/pornuestrolaredo.com\/wp-content\/uploads\/2024\/10\/PNL-20241002-1.jpg","jetpack_sharing_enabled":true,"_links":{"self":[{"href":"https:\/\/pornuestrolaredo.com\/index.php?rest_route=\/wp\/v2\/posts\/5152","targetHints":{"allow":["GET"]}}],"collection":[{"href":"https:\/\/pornuestrolaredo.com\/index.php?rest_route=\/wp\/v2\/posts"}],"about":[{"href":"https:\/\/pornuestrolaredo.com\/index.php?rest_route=\/wp\/v2\/types\/post"}],"author":[{"embeddable":true,"href":"https:\/\/pornuestrolaredo.com\/index.php?rest_route=\/wp\/v2\/users\/1"}],"replies":[{"embeddable":true,"href":"https:\/\/pornuestrolaredo.com\/index.php?rest_route=%2Fwp%2Fv2%2Fcomments&post=5152"}],"version-history":[{"count":1,"href":"https:\/\/pornuestrolaredo.com\/index.php?rest_route=\/wp\/v2\/posts\/5152\/revisions"}],"predecessor-version":[{"id":5154,"href":"https:\/\/pornuestrolaredo.com\/index.php?rest_route=\/wp\/v2\/posts\/5152\/revisions\/5154"}],"wp:featuredmedia":[{"embeddable":true,"href":"https:\/\/pornuestrolaredo.com\/index.php?rest_route=\/wp\/v2\/media\/5153"}],"wp:attachment":[{"href":"https:\/\/pornuestrolaredo.com\/index.php?rest_route=%2Fwp%2Fv2%2Fmedia&parent=5152"}],"wp:term":[{"taxonomy":"category","embeddable":true,"href":"https:\/\/pornuestrolaredo.com\/index.php?rest_route=%2Fwp%2Fv2%2Fcategories&post=5152"},{"taxonomy":"post_tag","embeddable":true,"href":"https:\/\/pornuestrolaredo.com\/index.php?rest_route=%2Fwp%2Fv2%2Ftags&post=5152"}],"curies":[{"name":"wp","href":"https:\/\/api.w.org\/{rel}","templated":true}]}}