{"id":5158,"date":"2024-10-02T19:07:01","date_gmt":"2024-10-02T19:07:01","guid":{"rendered":"https:\/\/pornuestrolaredo.com\/?p=5158"},"modified":"2024-10-02T19:16:33","modified_gmt":"2024-10-02T19:16:33","slug":"ira-claudia-sheinbaum-a-sheinbaum-pardo","status":"publish","type":"post","link":"https:\/\/pornuestrolaredo.com\/?p=5158","title":{"rendered":"Ir\u00e1 Claudia Sheinbaum a Acapulco"},"content":{"rendered":"<p><strong><em>CIUDAD DE M\u00c9XICO<\/em>.-<\/strong> La presidenta Claudia Sheinbaum Pardo se trasladar\u00e1 por v\u00eda terrestre a Acapulco para evaluar los da\u00f1os ocasionados por el hurac\u00e1n John. Esta decisi\u00f3n fue anunciada por la mandataria en respuesta a preguntas sobre su pr\u00f3xima gira en la ciudad costera.<\/p>\n<blockquote><p>Vamos a ir en auto, termina la reuni\u00f3n de Bienestar, me voy en veh\u00edculo a Acapulco&#8221;, declar\u00f3, indicando que el viaje de regreso podr\u00eda realizarse por v\u00eda a\u00e9rea.<\/p><\/blockquote>\n<p>Sheinbaum Pardo inform\u00f3 que tiene programada una reuni\u00f3n a las 4:00 de la tarde con la gobernadora de Guerrero, Evelyn Salgado, as\u00ed como con presidentes municipales de las zonas afectadas, no limit\u00e1ndose \u00fanicamente a la alcaldesa de Acapulco. Adem\u00e1s, estar\u00e1 acompa\u00f1ada por una parte significativa de su gabinete.<\/p>\n<p>El objetivo principal de esta visita es establecer e iniciar un censo nuevamente. Nuevamente, porque ya se hab\u00eda hecho uno tras el paso de Otis.<\/p>\n<p>Este censo busca identificar a las personas damnificadas por el hurac\u00e1n John, con el fin de comenzar a proporcionar los apoyos necesarios.<\/p>\n<p>Sheinbaum Pardo tambi\u00e9n mencion\u00f3 que se trabajar\u00e1 en un programa de recuperaci\u00f3n econ\u00f3mica que abarcar\u00e1 no solo a Acapulco, sino tambi\u00e9n al estado de Michoac\u00e1n.<\/p>\n<blockquote><p>Tambi\u00e9n va el gobernador de Michoac\u00e1n&#8221;, a\u00f1adi\u00f3, subrayando la coordinaci\u00f3n intergubernamental en estos esfuerzos de recuperaci\u00f3n.<\/p><\/blockquote>\n<p>El hurac\u00e1n John, que alcanz\u00f3 la categor\u00eda 1 en la escala Saffir-Simpson, ha dejado un saldo devastador en Guerrero.<\/p>\n<p>Seg\u00fan los \u00faltimos informes, al menos 20 personas han perdido la vida y otras cinco permanecen desaparecidas. Adem\u00e1s, localidades de 69 municipios se encuentran incomunicadas.<\/p>\n<p>La Secretar\u00eda de Gesti\u00f3n de Riesgos y Protecci\u00f3n Civil de Guerrero detall\u00f3 que de los fallecidos, 12 fueron en Acapulco, dos en Tlacoachistlahuaca, y uno en Malinaltepec. Adicionalmente, se reportaron dos muertes en Zir\u00e1ndaro, una m\u00e1s en Malinaltepec, otra en Iliatenco y una en Chilpancingo, aunque estas \u00faltimas a\u00fan est\u00e1n pendientes de verificaci\u00f3n por parte de la Fiscal\u00eda General del Estado debido a las dificultades de acceso.<\/p>\n<p>Los da\u00f1os materiales son igualmente significativos. Se han reportado 736 viviendas colapsadas y 251 con techos ca\u00eddos. La infraestructura vial tambi\u00e9n se vio severamente afectada, con 197 derrumbes, 15 socavones y tres puentes destruidos. La Comisi\u00f3n de Infraestructura Carretera y Aeroportuaria de Guerrero (Cicaeg) inform\u00f3 que 143 carreteras resultaron da\u00f1adas por el hurac\u00e1n.<\/p>\n<p>La situaci\u00f3n ha llevado a la suspensi\u00f3n de clases en todos los niveles educativos en la entidad, afectando a m\u00e1s de un mill\u00f3n de estudiantes que ya acumulan siete d\u00edas sin clases presenciales debido a las condiciones clim\u00e1ticas adversas.<\/p>\n<p>El impacto del hurac\u00e1n John se extiende m\u00e1s all\u00e1 de la costa, afectando severamente a la regi\u00f3n monta\u00f1osa del estado. Abel Barrera, director del Centro de Derechos Humanos de la Monta\u00f1a, Tlachinollan, hizo un llamado urgente a las autoridades para que brinden ayuda a las familias ind\u00edgenas en al menos 20 municipios de esa zona que sufrieron los embates del meteoro.<\/p>\n<blockquote><p>A la gente le faltan v\u00edveres, medicinas y que vayan brigadas m\u00e9dicas. Esta regi\u00f3n siempre est\u00e1 en el olvido y sus problemas aumentan cuando ocurren fen\u00f3menos hidrometereol\u00f3gicos&#8221;, advirti\u00f3 Barrera, subrayando la vulnerabilidad particular de estas comunidades.<\/p><\/blockquote>\n<p>En el \u00e1mbito econ\u00f3mico, la C\u00e1mara Nacional de Comercio y Servicios Tur\u00edsticos ha reportado desabasto de Gas LP en Acapulco y ha estimado los da\u00f1os en 2 mil 800 millones de pesos, lo que subraya la magnitud del impacto econ\u00f3mico en una de las principales ciudades tur\u00edsticas del pa\u00eds.<\/p>\n","protected":false},"excerpt":{"rendered":"<p>Anuncia que har\u00e1 gira por tierra para evaluar los da\u00f1os ocasionados por el hurac\u00e1n John en Guerrero y Michoac\u00e1n<\/p>\n","protected":false},"author":1,"featured_media":5159,"comment_status":"closed","ping_status":"closed","sticky":false,"template":"","format":"standard","meta":{"_crdt_document":"","_jetpack_memberships_contains_paid_content":false,"footnotes":"","jetpack_publicize_message":"","jetpack_publicize_feature_enabled":true,"jetpack_social_post_already_shared":true,"jetpack_social_options":{"image_generator_settings":{"template":"highway","default_image_id":0,"font":"","enabled":false},"version":2},"_wpas_customize_per_network":false},"categories":[33],"tags":[],"class_list":["post-5158","post","type-post","status-publish","format-standard","has-post-thumbnail","hentry","category-mexico"],"magazineBlocksPostFeaturedMedia":{"thumbnail":"https:\/\/pornuestrolaredo.com\/wp-content\/uploads\/2024\/10\/PNL-20241002-3-150x150.jpg","medium":"https:\/\/pornuestrolaredo.com\/wp-content\/uploads\/2024\/10\/PNL-20241002-3-300x165.jpg","medium_large":"https:\/\/pornuestrolaredo.com\/wp-content\/uploads\/2024\/10\/PNL-20241002-3-768x422.jpg","large":"https:\/\/pornuestrolaredo.com\/wp-content\/uploads\/2024\/10\/PNL-20241002-3.jpg","1536x1536":"https:\/\/pornuestrolaredo.com\/wp-content\/uploads\/2024\/10\/PNL-20241002-3.jpg","2048x2048":"https:\/\/pornuestrolaredo.com\/wp-content\/uploads\/2024\/10\/PNL-20241002-3.jpg","morenews-large":"https:\/\/pornuestrolaredo.com\/wp-content\/uploads\/2024\/10\/PNL-20241002-3.jpg","morenews-medium":"https:\/\/pornuestrolaredo.com\/wp-content\/uploads\/2024\/10\/PNL-20241002-3.jpg"},"magazineBlocksPostAuthor":{"name":"Redactor","avatar":"https:\/\/pornuestrolaredo.com\/wp-content\/litespeed\/avatar\/dca1d7ec750c399f025f23b0b314f4cf.jpg?ver=1777612120"},"magazineBlocksPostCommentsNumber":false,"magazineBlocksPostExcerpt":"Anuncia que har\u00e1 gira por tierra para evaluar los da\u00f1os ocasionados por el hurac\u00e1n John en Guerrero y Michoac\u00e1n","magazineBlocksPostCategories":["Mexico"],"magazineBlocksPostViewCount":142,"magazineBlocksPostReadTime":4,"magazine_blocks_featured_image_url":{"full":["https:\/\/pornuestrolaredo.com\/wp-content\/uploads\/2024\/10\/PNL-20241002-3.jpg",850,467,false],"medium":["https:\/\/pornuestrolaredo.com\/wp-content\/uploads\/2024\/10\/PNL-20241002-3-300x165.jpg",300,165,true],"thumbnail":["https:\/\/pornuestrolaredo.com\/wp-content\/uploads\/2024\/10\/PNL-20241002-3-150x150.jpg",150,150,true]},"magazine_blocks_author":{"display_name":"Redactor","author_link":"https:\/\/pornuestrolaredo.com\/?author=1"},"magazine_blocks_comment":0,"magazine_blocks_author_image":"https:\/\/pornuestrolaredo.com\/wp-content\/litespeed\/avatar\/dca1d7ec750c399f025f23b0b314f4cf.jpg?ver=1777612120","magazine_blocks_category":"<a href=\"#\" class=\"category-link category-link-33\">Mexico<\/a>","jetpack_publicize_connections":[],"featured_image_urls":{"full":["https:\/\/pornuestrolaredo.com\/wp-content\/uploads\/2024\/10\/PNL-20241002-3.jpg",850,467,false],"thumbnail":["https:\/\/pornuestrolaredo.com\/wp-content\/uploads\/2024\/10\/PNL-20241002-3-150x150.jpg",150,150,true],"medium":["https:\/\/pornuestrolaredo.com\/wp-content\/uploads\/2024\/10\/PNL-20241002-3-300x165.jpg",300,165,true],"medium_large":["https:\/\/pornuestrolaredo.com\/wp-content\/uploads\/2024\/10\/PNL-20241002-3-768x422.jpg",640,352,true],"large":["https:\/\/pornuestrolaredo.com\/wp-content\/uploads\/2024\/10\/PNL-20241002-3.jpg",640,352,false],"1536x1536":["https:\/\/pornuestrolaredo.com\/wp-content\/uploads\/2024\/10\/PNL-20241002-3.jpg",850,467,false],"2048x2048":["https:\/\/pornuestrolaredo.com\/wp-content\/uploads\/2024\/10\/PNL-20241002-3.jpg",850,467,false],"morenews-large":["https:\/\/pornuestrolaredo.com\/wp-content\/uploads\/2024\/10\/PNL-20241002-3.jpg",825,453,false],"morenews-medium":["https:\/\/pornuestrolaredo.com\/wp-content\/uploads\/2024\/10\/PNL-20241002-3.jpg",590,324,false]},"author_info":{"info":["Redactor"]},"category_info":"<a href=\"https:\/\/pornuestrolaredo.com\/?cat=33\" rel=\"category\">Mexico<\/a>","tag_info":"Mexico","comment_count":"0","jetpack_featured_media_url":"https:\/\/pornuestrolaredo.com\/wp-content\/uploads\/2024\/10\/PNL-20241002-3.jpg","jetpack_sharing_enabled":true,"_links":{"self":[{"href":"https:\/\/pornuestrolaredo.com\/index.php?rest_route=\/wp\/v2\/posts\/5158","targetHints":{"allow":["GET"]}}],"collection":[{"href":"https:\/\/pornuestrolaredo.com\/index.php?rest_route=\/wp\/v2\/posts"}],"about":[{"href":"https:\/\/pornuestrolaredo.com\/index.php?rest_route=\/wp\/v2\/types\/post"}],"author":[{"embeddable":true,"href":"https:\/\/pornuestrolaredo.com\/index.php?rest_route=\/wp\/v2\/users\/1"}],"replies":[{"embeddable":true,"href":"https:\/\/pornuestrolaredo.com\/index.php?rest_route=%2Fwp%2Fv2%2Fcomments&post=5158"}],"version-history":[{"count":2,"href":"https:\/\/pornuestrolaredo.com\/index.php?rest_route=\/wp\/v2\/posts\/5158\/revisions"}],"predecessor-version":[{"id":5161,"href":"https:\/\/pornuestrolaredo.com\/index.php?rest_route=\/wp\/v2\/posts\/5158\/revisions\/5161"}],"wp:featuredmedia":[{"embeddable":true,"href":"https:\/\/pornuestrolaredo.com\/index.php?rest_route=\/wp\/v2\/media\/5159"}],"wp:attachment":[{"href":"https:\/\/pornuestrolaredo.com\/index.php?rest_route=%2Fwp%2Fv2%2Fmedia&parent=5158"}],"wp:term":[{"taxonomy":"category","embeddable":true,"href":"https:\/\/pornuestrolaredo.com\/index.php?rest_route=%2Fwp%2Fv2%2Fcategories&post=5158"},{"taxonomy":"post_tag","embeddable":true,"href":"https:\/\/pornuestrolaredo.com\/index.php?rest_route=%2Fwp%2Fv2%2Ftags&post=5158"}],"curies":[{"name":"wp","href":"https:\/\/api.w.org\/{rel}","templated":true}]}}