{"id":5165,"date":"2024-10-03T05:05:32","date_gmt":"2024-10-03T05:05:32","guid":{"rendered":"https:\/\/pornuestrolaredo.com\/?p=5165"},"modified":"2024-10-03T05:05:32","modified_gmt":"2024-10-03T05:05:32","slug":"cumplio-100-anos-el-expresidente-jimmy-carter","status":"publish","type":"post","link":"https:\/\/pornuestrolaredo.com\/?p=5165","title":{"rendered":"Cumpli\u00f3 100 a\u00f1os el expresidente Jimmy Carter"},"content":{"rendered":"<p><strong><em>ATLANTA.-<\/em><\/strong> Jimmy Carter cumpli\u00f3 100 a\u00f1os el martes, la primera vez que un presidente estadounidense vive todo un siglo, en el hito m\u00e1s reciente de una vida que llev\u00f3 al hijo de un granjero de la era de la Gran Depresi\u00f3n a la Casa Blanca, y a trav\u00e9s del mundo como ganador del Premio Nobel de la Paz, humanista y defensor de la democracia.<\/p>\n<p>El dem\u00f3crata de Georgia y 39o presidente ha recibido atenci\u00f3n paliativa domiciliaria durante los \u00faltimos 19 meses en Plains, y ha desafiado continuamente las expectativas, como lo hizo al crecer desde la plantaci\u00f3n de man\u00ed y el negocio de almacenes de su familia hasta llegar al escenario mundial. Tuvo un solo mandato presidencial, de 1977 a 1981, y desde entonces, trabaj\u00f3 m\u00e1s de cuatro d\u00e9cadas dirigiendo el Centro Carter, que \u00e9l y su esposa, Rosalynn, cofundaron en 1982 para \u201cpromover la paz, combatir la enfermedad y aumentar la esperanza\u201d.<\/p>\n<blockquote><p>No cualquiera cumple 100 a\u00f1os en este mundo, y cuando alguien lo logra y usa ese tiempo para hacer tanto bien a tantas personas, merece ser celebrado\u201d, dijo en entrevista Jason Carter, nieto del expresidente y l\u00edder de la junta directiva del Centro Carter.<\/p><\/blockquote>\n<blockquote><p>Estos \u00faltimos 19 meses, ahora que ha estado recibiendo atenci\u00f3n paliativa, han sido una oportunidad para que nuestra familia reflexione\u201d, a\u00f1adi\u00f3, \u201cy para que el resto del pa\u00eds y el mundo reflexionen acerca de \u00e9l. Ha sido una \u00e9poca realmente gratificante\u201d.<\/p><\/blockquote>\n<p>James Earl Carter Jr. naci\u00f3 el 1 de octubre de 1924 en Plains, donde ha vivido m\u00e1s de 80 de sus 100 a\u00f1os. Se espera que celebre su cumplea\u00f1os en la misma casa de una sola planta que \u00e9l y Rosalynn construyeron a principios de la d\u00e9cada de 1960, antes de su primera elecci\u00f3n al Senado del estado de Georgia. La exprimera dama, que tambi\u00e9n naci\u00f3 en Plains, falleci\u00f3 en noviembre de 2023, a los 96 a\u00f1os.<\/p>\n<p>El presidente Joe Biden, que fue el primer senador en funciones que aval\u00f3 la campa\u00f1a de Carter en 1976, elogi\u00f3 al que ha sido su amigo desde hace mucho tiempo por su \u201cinquebrantable creencia en el poder de la bondad humana\u201d.<\/p>\n<blockquote><p>Siempre ha sido una fuerza moral para nuestra naci\u00f3n y para el mundo (y) un querido amigo de Jill, m\u00edo y de nuestra familia\u201d, le dijo a Carter el presidente, de 81 a\u00f1os, en un video de homenaje grabado frente al retrato presidencial de Carter en la Casa Blanca.<\/p><\/blockquote>\n<p>Afuera del P\u00f3rtico Norte, los Biden colocaron un gran letrero que dice \u201cFeliz cumplea\u00f1os, presidente Carter\u201d y el n\u00famero 100. Carter le pidi\u00f3 a Biden que hable en su funeral de Estado cuando llegue el momento.<\/p>\n<p>La \u00faltima vez que Carter fue visto en p\u00fablico fue hace casi un a\u00f1o, usando una silla de ruedas reclinable para asistir a los dos servicios funerarios de su esposa.<\/p>\n","protected":false},"excerpt":{"rendered":"<p>El presidente Joe Biden elogi\u00f3 al que ha sido su amigo desde hace mucho tiempo por su \u201cinquebrantable creencia en el poder de la bondad humana\u201d.<\/p>\n","protected":false},"author":1,"featured_media":5166,"comment_status":"closed","ping_status":"closed","sticky":false,"template":"","format":"standard","meta":{"_crdt_document":"","_jetpack_memberships_contains_paid_content":false,"footnotes":"","jetpack_publicize_message":"","jetpack_publicize_feature_enabled":true,"jetpack_social_post_already_shared":true,"jetpack_social_options":{"image_generator_settings":{"template":"highway","default_image_id":0,"font":"","enabled":false},"version":2},"_wpas_customize_per_network":false},"categories":[9],"tags":[],"class_list":["post-5165","post","type-post","status-publish","format-standard","has-post-thumbnail","hentry","category-el-mundo"],"magazineBlocksPostFeaturedMedia":{"thumbnail":"https:\/\/pornuestrolaredo.com\/wp-content\/uploads\/2024\/10\/PNL-20241002-5-150x150.jpg","medium":"https:\/\/pornuestrolaredo.com\/wp-content\/uploads\/2024\/10\/PNL-20241002-5-300x150.jpg","medium_large":"https:\/\/pornuestrolaredo.com\/wp-content\/uploads\/2024\/10\/PNL-20241002-5-768x384.jpg","large":"https:\/\/pornuestrolaredo.com\/wp-content\/uploads\/2024\/10\/PNL-20241002-5.jpg","1536x1536":"https:\/\/pornuestrolaredo.com\/wp-content\/uploads\/2024\/10\/PNL-20241002-5.jpg","2048x2048":"https:\/\/pornuestrolaredo.com\/wp-content\/uploads\/2024\/10\/PNL-20241002-5.jpg","morenews-large":"https:\/\/pornuestrolaredo.com\/wp-content\/uploads\/2024\/10\/PNL-20241002-5.jpg","morenews-medium":"https:\/\/pornuestrolaredo.com\/wp-content\/uploads\/2024\/10\/PNL-20241002-5.jpg"},"magazineBlocksPostAuthor":{"name":"Redactor","avatar":"https:\/\/pornuestrolaredo.com\/wp-content\/litespeed\/avatar\/dca1d7ec750c399f025f23b0b314f4cf.jpg?ver=1777612120"},"magazineBlocksPostCommentsNumber":false,"magazineBlocksPostExcerpt":"El presidente Joe Biden elogi\u00f3 al que ha sido su amigo desde hace mucho tiempo por su \u201cinquebrantable creencia en el poder de la bondad humana\u201d.","magazineBlocksPostCategories":["El Mundo"],"magazineBlocksPostViewCount":136,"magazineBlocksPostReadTime":3,"magazine_blocks_featured_image_url":{"full":["https:\/\/pornuestrolaredo.com\/wp-content\/uploads\/2024\/10\/PNL-20241002-5.jpg",850,425,false],"medium":["https:\/\/pornuestrolaredo.com\/wp-content\/uploads\/2024\/10\/PNL-20241002-5-300x150.jpg",300,150,true],"thumbnail":["https:\/\/pornuestrolaredo.com\/wp-content\/uploads\/2024\/10\/PNL-20241002-5-150x150.jpg",150,150,true]},"magazine_blocks_author":{"display_name":"Redactor","author_link":"https:\/\/pornuestrolaredo.com\/?author=1"},"magazine_blocks_comment":0,"magazine_blocks_author_image":"https:\/\/pornuestrolaredo.com\/wp-content\/litespeed\/avatar\/dca1d7ec750c399f025f23b0b314f4cf.jpg?ver=1777612120","magazine_blocks_category":"<a href=\"#\" class=\"category-link category-link-9\">El Mundo<\/a>","jetpack_publicize_connections":[],"featured_image_urls":{"full":["https:\/\/pornuestrolaredo.com\/wp-content\/uploads\/2024\/10\/PNL-20241002-5.jpg",850,425,false],"thumbnail":["https:\/\/pornuestrolaredo.com\/wp-content\/uploads\/2024\/10\/PNL-20241002-5-150x150.jpg",150,150,true],"medium":["https:\/\/pornuestrolaredo.com\/wp-content\/uploads\/2024\/10\/PNL-20241002-5-300x150.jpg",300,150,true],"medium_large":["https:\/\/pornuestrolaredo.com\/wp-content\/uploads\/2024\/10\/PNL-20241002-5-768x384.jpg",640,320,true],"large":["https:\/\/pornuestrolaredo.com\/wp-content\/uploads\/2024\/10\/PNL-20241002-5.jpg",640,320,false],"1536x1536":["https:\/\/pornuestrolaredo.com\/wp-content\/uploads\/2024\/10\/PNL-20241002-5.jpg",850,425,false],"2048x2048":["https:\/\/pornuestrolaredo.com\/wp-content\/uploads\/2024\/10\/PNL-20241002-5.jpg",850,425,false],"morenews-large":["https:\/\/pornuestrolaredo.com\/wp-content\/uploads\/2024\/10\/PNL-20241002-5.jpg",825,413,false],"morenews-medium":["https:\/\/pornuestrolaredo.com\/wp-content\/uploads\/2024\/10\/PNL-20241002-5.jpg",590,295,false]},"author_info":{"info":["Redactor"]},"category_info":"<a href=\"https:\/\/pornuestrolaredo.com\/?cat=9\" rel=\"category\">El Mundo<\/a>","tag_info":"El Mundo","comment_count":"0","jetpack_featured_media_url":"https:\/\/pornuestrolaredo.com\/wp-content\/uploads\/2024\/10\/PNL-20241002-5.jpg","jetpack_sharing_enabled":true,"_links":{"self":[{"href":"https:\/\/pornuestrolaredo.com\/index.php?rest_route=\/wp\/v2\/posts\/5165","targetHints":{"allow":["GET"]}}],"collection":[{"href":"https:\/\/pornuestrolaredo.com\/index.php?rest_route=\/wp\/v2\/posts"}],"about":[{"href":"https:\/\/pornuestrolaredo.com\/index.php?rest_route=\/wp\/v2\/types\/post"}],"author":[{"embeddable":true,"href":"https:\/\/pornuestrolaredo.com\/index.php?rest_route=\/wp\/v2\/users\/1"}],"replies":[{"embeddable":true,"href":"https:\/\/pornuestrolaredo.com\/index.php?rest_route=%2Fwp%2Fv2%2Fcomments&post=5165"}],"version-history":[{"count":1,"href":"https:\/\/pornuestrolaredo.com\/index.php?rest_route=\/wp\/v2\/posts\/5165\/revisions"}],"predecessor-version":[{"id":5167,"href":"https:\/\/pornuestrolaredo.com\/index.php?rest_route=\/wp\/v2\/posts\/5165\/revisions\/5167"}],"wp:featuredmedia":[{"embeddable":true,"href":"https:\/\/pornuestrolaredo.com\/index.php?rest_route=\/wp\/v2\/media\/5166"}],"wp:attachment":[{"href":"https:\/\/pornuestrolaredo.com\/index.php?rest_route=%2Fwp%2Fv2%2Fmedia&parent=5165"}],"wp:term":[{"taxonomy":"category","embeddable":true,"href":"https:\/\/pornuestrolaredo.com\/index.php?rest_route=%2Fwp%2Fv2%2Fcategories&post=5165"},{"taxonomy":"post_tag","embeddable":true,"href":"https:\/\/pornuestrolaredo.com\/index.php?rest_route=%2Fwp%2Fv2%2Ftags&post=5165"}],"curies":[{"name":"wp","href":"https:\/\/api.w.org\/{rel}","templated":true}]}}