{"id":5168,"date":"2024-10-03T05:25:58","date_gmt":"2024-10-03T05:25:58","guid":{"rendered":"https:\/\/pornuestrolaredo.com\/?p=5168"},"modified":"2024-10-03T05:25:58","modified_gmt":"2024-10-03T05:25:58","slug":"nuevo-ciclon-amenaza-las-costas-de-oaxaca","status":"publish","type":"post","link":"https:\/\/pornuestrolaredo.com\/?p=5168","title":{"rendered":"Nuevo cicl\u00f3n amenaza las costas de Oaxaca"},"content":{"rendered":"<p><strong>CIUDAD DE M\u00c9XICO.<\/strong>&#8211; Un nuevo cicl\u00f3n amenazaba la ya maltrecha costa de Oaxaca, azotada por las fuertes lluvias del hurac\u00e1n John. Se espera que el meteoro golpee entre la noche de ma\u00f1ana jueves y la madrugada del viernes entre Lagunas de Chacahua y Puerto Escondido.<\/p>\n<p>El Servicio Meteorol\u00f3gico Nacional (SMN) report\u00f3 que la depresi\u00f3n tropical Once-E se ubicaba al mediod\u00eda de este mi\u00e9rcoles a 115 kil\u00f3metros al sur-sureste de Puerto \u00c1ngel y a 120 al sur de Bah\u00edas de Huatulco.<\/p>\n<p>Se desplazaba hacia el suroeste a una velocidad de 5 kil\u00f3metros por hora.<\/p>\n<blockquote><p>La depresi\u00f3n tropical Once-E, se desplaza lentamente frente a las costas de Oaxaca, sobre el occidente del Golfo de Tehuantepec. Su circulaci\u00f3n, en interacci\u00f3n con la vaguada monz\u00f3nica y una circulaci\u00f3n de baja presi\u00f3n en el suroeste del Golfo de M\u00e9xico, generar\u00e1 lluvias fuertes a puntuales extraordinarias en el oriente, sur y sureste del pa\u00eds, as\u00ed como viento con rachas de 60 a 80 kil\u00f3metros por hora y oleaje de uno a tres metros de altura, con posible formaci\u00f3n de trombas marinas en costas de Oaxaca y Chiapas&#8221;, alert\u00f3 en un aviso.<\/p><\/blockquote>\n<blockquote><p>Se prev\u00e9 que se intensifique a tormenta tropical, dejando lluvias torrenciales a puntuales extraordinarias en Oaxaca, Chiapas, Veracruz y Tabasco&#8221;.<\/p><\/blockquote>\n<p>El SMN indic\u00f3 que se mantiene la zona de prevenci\u00f3n por efectos de tormenta tropical desde Lagunas de Chacahua, Oaxaca, hasta Boca de Pijijiapan, Chiapas.<\/p>\n<p>En videoconferencia, Jos\u00e9 Daniel Pretel\u00edn, meteor\u00f3logo del SMN, detall\u00f3 que, conforme al pron\u00f3stico de trayectoria, el cicl\u00f3n se intensificar\u00eda durante la tarde-noche de este mi\u00e9rcoles y se convertir\u00eda en la tormenta tropical &#8220;Kristy&#8221;.<\/p>\n<p>Tendr\u00e1 un desplazamiento lento, paralelo a las costas de Oaxaca, apunt\u00f3, durante el transcurso de ma\u00f1ana, e impactar\u00e1 en tierra entre la noche de ese d\u00eda y la madrugada del viernes.<\/p>\n<p>Se\u00f1al\u00f3 que se esperan lluvias acumuladas entre el 2 y el 4 de octubre de 300 a 400 mil\u00edmetros en Oaxaca y de 200 a 300 mil\u00edmetros en Guerrero, Veracruz y Chiapas.<\/p>\n","protected":false},"excerpt":{"rendered":"<p>Se espera que el meteoro golpee entre la noche del jueves y la madrugada del viernes entre Lagunas de Chacahua y Puerto Escondido<\/p>\n","protected":false},"author":1,"featured_media":5169,"comment_status":"closed","ping_status":"closed","sticky":false,"template":"","format":"standard","meta":{"_crdt_document":"","_jetpack_memberships_contains_paid_content":false,"footnotes":"","jetpack_publicize_message":"","jetpack_publicize_feature_enabled":true,"jetpack_social_post_already_shared":true,"jetpack_social_options":{"image_generator_settings":{"template":"highway","default_image_id":0,"font":"","enabled":false},"version":2},"_wpas_customize_per_network":false},"categories":[33],"tags":[],"class_list":["post-5168","post","type-post","status-publish","format-standard","has-post-thumbnail","hentry","category-mexico"],"magazineBlocksPostFeaturedMedia":{"thumbnail":"https:\/\/pornuestrolaredo.com\/wp-content\/uploads\/2024\/10\/PNL-20241002-6-150x150.jpg","medium":"https:\/\/pornuestrolaredo.com\/wp-content\/uploads\/2024\/10\/PNL-20241002-6-300x150.jpg","medium_large":"https:\/\/pornuestrolaredo.com\/wp-content\/uploads\/2024\/10\/PNL-20241002-6-768x385.jpg","large":"https:\/\/pornuestrolaredo.com\/wp-content\/uploads\/2024\/10\/PNL-20241002-6-1000x501.jpg","1536x1536":"https:\/\/pornuestrolaredo.com\/wp-content\/uploads\/2024\/10\/PNL-20241002-6-1536x770.jpg","2048x2048":"https:\/\/pornuestrolaredo.com\/wp-content\/uploads\/2024\/10\/PNL-20241002-6.jpg","morenews-large":"https:\/\/pornuestrolaredo.com\/wp-content\/uploads\/2024\/10\/PNL-20241002-6.jpg","morenews-medium":"https:\/\/pornuestrolaredo.com\/wp-content\/uploads\/2024\/10\/PNL-20241002-6.jpg"},"magazineBlocksPostAuthor":{"name":"Redactor","avatar":"https:\/\/pornuestrolaredo.com\/wp-content\/litespeed\/avatar\/dca1d7ec750c399f025f23b0b314f4cf.jpg?ver=1777612120"},"magazineBlocksPostCommentsNumber":false,"magazineBlocksPostExcerpt":"Se espera que el meteoro golpee entre la noche del jueves y la madrugada del viernes entre Lagunas de Chacahua y Puerto Escondido","magazineBlocksPostCategories":["Mexico"],"magazineBlocksPostViewCount":154,"magazineBlocksPostReadTime":2,"magazine_blocks_featured_image_url":{"full":["https:\/\/pornuestrolaredo.com\/wp-content\/uploads\/2024\/10\/PNL-20241002-6.jpg",1701,853,false],"medium":["https:\/\/pornuestrolaredo.com\/wp-content\/uploads\/2024\/10\/PNL-20241002-6-300x150.jpg",300,150,true],"thumbnail":["https:\/\/pornuestrolaredo.com\/wp-content\/uploads\/2024\/10\/PNL-20241002-6-150x150.jpg",150,150,true]},"magazine_blocks_author":{"display_name":"Redactor","author_link":"https:\/\/pornuestrolaredo.com\/?author=1"},"magazine_blocks_comment":0,"magazine_blocks_author_image":"https:\/\/pornuestrolaredo.com\/wp-content\/litespeed\/avatar\/dca1d7ec750c399f025f23b0b314f4cf.jpg?ver=1777612120","magazine_blocks_category":"<a href=\"#\" class=\"category-link category-link-33\">Mexico<\/a>","jetpack_publicize_connections":[],"featured_image_urls":{"full":["https:\/\/pornuestrolaredo.com\/wp-content\/uploads\/2024\/10\/PNL-20241002-6.jpg",1701,853,false],"thumbnail":["https:\/\/pornuestrolaredo.com\/wp-content\/uploads\/2024\/10\/PNL-20241002-6-150x150.jpg",150,150,true],"medium":["https:\/\/pornuestrolaredo.com\/wp-content\/uploads\/2024\/10\/PNL-20241002-6-300x150.jpg",300,150,true],"medium_large":["https:\/\/pornuestrolaredo.com\/wp-content\/uploads\/2024\/10\/PNL-20241002-6-768x385.jpg",640,321,true],"large":["https:\/\/pornuestrolaredo.com\/wp-content\/uploads\/2024\/10\/PNL-20241002-6-1000x501.jpg",640,321,true],"1536x1536":["https:\/\/pornuestrolaredo.com\/wp-content\/uploads\/2024\/10\/PNL-20241002-6-1536x770.jpg",1536,770,true],"2048x2048":["https:\/\/pornuestrolaredo.com\/wp-content\/uploads\/2024\/10\/PNL-20241002-6.jpg",1701,853,false],"morenews-large":["https:\/\/pornuestrolaredo.com\/wp-content\/uploads\/2024\/10\/PNL-20241002-6.jpg",825,414,false],"morenews-medium":["https:\/\/pornuestrolaredo.com\/wp-content\/uploads\/2024\/10\/PNL-20241002-6.jpg",590,296,false]},"author_info":{"info":["Redactor"]},"category_info":"<a href=\"https:\/\/pornuestrolaredo.com\/?cat=33\" rel=\"category\">Mexico<\/a>","tag_info":"Mexico","comment_count":"0","jetpack_featured_media_url":"https:\/\/pornuestrolaredo.com\/wp-content\/uploads\/2024\/10\/PNL-20241002-6.jpg","jetpack_sharing_enabled":true,"_links":{"self":[{"href":"https:\/\/pornuestrolaredo.com\/index.php?rest_route=\/wp\/v2\/posts\/5168","targetHints":{"allow":["GET"]}}],"collection":[{"href":"https:\/\/pornuestrolaredo.com\/index.php?rest_route=\/wp\/v2\/posts"}],"about":[{"href":"https:\/\/pornuestrolaredo.com\/index.php?rest_route=\/wp\/v2\/types\/post"}],"author":[{"embeddable":true,"href":"https:\/\/pornuestrolaredo.com\/index.php?rest_route=\/wp\/v2\/users\/1"}],"replies":[{"embeddable":true,"href":"https:\/\/pornuestrolaredo.com\/index.php?rest_route=%2Fwp%2Fv2%2Fcomments&post=5168"}],"version-history":[{"count":1,"href":"https:\/\/pornuestrolaredo.com\/index.php?rest_route=\/wp\/v2\/posts\/5168\/revisions"}],"predecessor-version":[{"id":5170,"href":"https:\/\/pornuestrolaredo.com\/index.php?rest_route=\/wp\/v2\/posts\/5168\/revisions\/5170"}],"wp:featuredmedia":[{"embeddable":true,"href":"https:\/\/pornuestrolaredo.com\/index.php?rest_route=\/wp\/v2\/media\/5169"}],"wp:attachment":[{"href":"https:\/\/pornuestrolaredo.com\/index.php?rest_route=%2Fwp%2Fv2%2Fmedia&parent=5168"}],"wp:term":[{"taxonomy":"category","embeddable":true,"href":"https:\/\/pornuestrolaredo.com\/index.php?rest_route=%2Fwp%2Fv2%2Fcategories&post=5168"},{"taxonomy":"post_tag","embeddable":true,"href":"https:\/\/pornuestrolaredo.com\/index.php?rest_route=%2Fwp%2Fv2%2Ftags&post=5168"}],"curies":[{"name":"wp","href":"https:\/\/api.w.org\/{rel}","templated":true}]}}