{"id":5175,"date":"2024-10-07T03:58:10","date_gmt":"2024-10-07T03:58:10","guid":{"rendered":"https:\/\/pornuestrolaredo.com\/?p=5175"},"modified":"2024-10-07T05:38:01","modified_gmt":"2024-10-07T05:38:01","slug":"fallece-ifigenia-martinez-luchadora-social-y-figura-de-la-izquierda","status":"publish","type":"post","link":"https:\/\/pornuestrolaredo.com\/?p=5175","title":{"rendered":"Fallece Ifigenia Mart\u00ednez, luchadora social y figura de la izquierda"},"content":{"rendered":"<p><strong><em>CIUDAD DE M\u00c9XICO.-<\/em><\/strong> Antes de partir, &#8220;la maestra&#8221; Ifigenia Mart\u00ednez, figura indiscutible de la transici\u00f3n pol\u00edtica y la democracia en el Pa\u00eds, atestigu\u00f3 lo que llam\u00f3 &#8220;la culminaci\u00f3n de una lucha que hemos atravesado generaciones enteras de mujeres&#8221;: la llegada de una mujer, Claudia Sheinbaum, a la Presidencia de M\u00e9xico.<\/p>\n<p>La economista, que durante m\u00e1s de 60 a\u00f1os de carrera desafi\u00f3 los l\u00edmites que impon\u00eda la estructura pol\u00edtica y social del siglo pasado, muri\u00f3 ayer.<\/p>\n<p>En el mensaje que por motivos de salud ya no pudo leer al entregar la banda presidencial el pasado 1 de octubre a la Mandataria de izquierda, la presidenta de la C\u00e1mara de Diputados agradeci\u00f3 por participar en ese acto simb\u00f3lico que, dijo, &#8220;representa no s\u00f3lo un punto de inflexi\u00f3n en la historia, sino tambi\u00e9n el triunfo de nuestros valores: igualdad, justicia y democracia&#8221;, sentenci\u00f3.<\/p>\n<p>Bautizada por Porfirio Mu\u00f1oz Ledo como &#8220;la Corregidora del M\u00e9xico contempor\u00e1neo&#8221;, ayud\u00f3 a construir la Corriente Democr\u00e1tica del PRI y despu\u00e9s fue cofundadora del Partido de la Revoluci\u00f3n Democr\u00e1tica (PRD) e impuls\u00f3 la candidatura presidencial del ingeniero Cuauht\u00e9moc C\u00e1rdenas.<br \/>\nMujer de izquierda, cr\u00edtica del neoliberalismo, fue la primera mexicana en estudiar una maestr\u00eda en Harvard, en donde tambi\u00e9n estudi\u00f3 un doctorado.<\/p>\n<p>Fue adem\u00e1s la primera en muchas cosas: la primera directora de la Escuela Nacional de Econom\u00eda, la primera senadora de Oposici\u00f3n por el entonces Distrito Federal, la primera economista de M\u00e9xico y Am\u00e9rica Latina que escribi\u00f3 sobre la distribuci\u00f3n del ingreso, y la primera mujer de izquierda en tomar protesta a los diputados entrantes de la LXI Legislatura.<\/p>\n<p>La acad\u00e9mica, funcionaria, diplom\u00e1tica y legisladora fue tambi\u00e9n la primera presidenta del Congreso en entregar la banda presidencial a una mujer.<\/p>\n<p>Quienes la conoc\u00edan la definieron como congruente, brillante y solidaria.<\/p>\n<p>Desde su primera incursi\u00f3n en la administraci\u00f3n p\u00fablica en 1953, con la llegada de Adolfo Ruiz Cortines a la Presidencia, se caracteriz\u00f3 por ejercer la pol\u00edtica con congruencia.<\/p>\n<p>En 1958 fue asesora del secretario de Educaci\u00f3n P\u00fablica, Jaime Torres Bodet.<\/p>\n<p>El 10 de septiembre de 1968, durante la incursi\u00f3n militar a Ciudad Universitaria, Mart\u00ednez, entonces directora de la Escuela Nacional de Econom\u00eda, fue detenida. Como registro de aquella noche, queda una imagen en la que se le ve arriba de una camioneta de la polic\u00eda, antes de ser conducida a la Direcci\u00f3n de Investigaciones Pol\u00edticas y Sociales, en Tlaxcoaque.<\/p>\n<p>Con la publicaci\u00f3n del art\u00edculo La distribuci\u00f3n del ingreso en M\u00e9xico: tendencias y perspectivas, en 1970, la maestra consolidar\u00eda su prestigio como economista.<\/p>\n<p>En la C\u00e1mara de Diputados se valora la posibilidad de realizarle un homenaje de cuerpo presente ma\u00f1ana.<\/p>\n","protected":false},"excerpt":{"rendered":"<p>Atestigu\u00f3 y fue la encargada de entregar la banda presidencial a la primera mujer en llegar a la Presidencia de M\u00e9xico<\/p>\n","protected":false},"author":1,"featured_media":5176,"comment_status":"closed","ping_status":"closed","sticky":false,"template":"","format":"standard","meta":{"_crdt_document":"","_jetpack_memberships_contains_paid_content":false,"footnotes":"","jetpack_publicize_message":"","jetpack_publicize_feature_enabled":true,"jetpack_social_post_already_shared":true,"jetpack_social_options":{"image_generator_settings":{"template":"highway","default_image_id":0,"font":"","enabled":false},"version":2},"_wpas_customize_per_network":false},"categories":[33],"tags":[],"class_list":["post-5175","post","type-post","status-publish","format-standard","has-post-thumbnail","hentry","category-mexico"],"magazineBlocksPostFeaturedMedia":{"thumbnail":"https:\/\/pornuestrolaredo.com\/wp-content\/uploads\/2024\/10\/Stereo91-20241006-1-150x150.jpg","medium":"https:\/\/pornuestrolaredo.com\/wp-content\/uploads\/2024\/10\/Stereo91-20241006-1-300x200.jpg","medium_large":"https:\/\/pornuestrolaredo.com\/wp-content\/uploads\/2024\/10\/Stereo91-20241006-1-768x512.jpg","large":"https:\/\/pornuestrolaredo.com\/wp-content\/uploads\/2024\/10\/Stereo91-20241006-1.jpg","1536x1536":"https:\/\/pornuestrolaredo.com\/wp-content\/uploads\/2024\/10\/Stereo91-20241006-1.jpg","2048x2048":"https:\/\/pornuestrolaredo.com\/wp-content\/uploads\/2024\/10\/Stereo91-20241006-1.jpg","morenews-large":"https:\/\/pornuestrolaredo.com\/wp-content\/uploads\/2024\/10\/Stereo91-20241006-1.jpg","morenews-medium":"https:\/\/pornuestrolaredo.com\/wp-content\/uploads\/2024\/10\/Stereo91-20241006-1.jpg"},"magazineBlocksPostAuthor":{"name":"Redactor","avatar":"https:\/\/pornuestrolaredo.com\/wp-content\/litespeed\/avatar\/dca1d7ec750c399f025f23b0b314f4cf.jpg?ver=1777612120"},"magazineBlocksPostCommentsNumber":false,"magazineBlocksPostExcerpt":"Atestigu\u00f3 y fue la encargada de entregar la banda presidencial a la primera mujer en llegar a la Presidencia de M\u00e9xico\r\n","magazineBlocksPostCategories":["Mexico"],"magazineBlocksPostViewCount":142,"magazineBlocksPostReadTime":3,"magazine_blocks_featured_image_url":{"full":["https:\/\/pornuestrolaredo.com\/wp-content\/uploads\/2024\/10\/Stereo91-20241006-1.jpg",960,640,false],"medium":["https:\/\/pornuestrolaredo.com\/wp-content\/uploads\/2024\/10\/Stereo91-20241006-1-300x200.jpg",300,200,true],"thumbnail":["https:\/\/pornuestrolaredo.com\/wp-content\/uploads\/2024\/10\/Stereo91-20241006-1-150x150.jpg",150,150,true]},"magazine_blocks_author":{"display_name":"Redactor","author_link":"https:\/\/pornuestrolaredo.com\/?author=1"},"magazine_blocks_comment":0,"magazine_blocks_author_image":"https:\/\/pornuestrolaredo.com\/wp-content\/litespeed\/avatar\/dca1d7ec750c399f025f23b0b314f4cf.jpg?ver=1777612120","magazine_blocks_category":"<a href=\"#\" class=\"category-link category-link-33\">Mexico<\/a>","jetpack_publicize_connections":[],"featured_image_urls":{"full":["https:\/\/pornuestrolaredo.com\/wp-content\/uploads\/2024\/10\/Stereo91-20241006-1.jpg",960,640,false],"thumbnail":["https:\/\/pornuestrolaredo.com\/wp-content\/uploads\/2024\/10\/Stereo91-20241006-1-150x150.jpg",150,150,true],"medium":["https:\/\/pornuestrolaredo.com\/wp-content\/uploads\/2024\/10\/Stereo91-20241006-1-300x200.jpg",300,200,true],"medium_large":["https:\/\/pornuestrolaredo.com\/wp-content\/uploads\/2024\/10\/Stereo91-20241006-1-768x512.jpg",640,427,true],"large":["https:\/\/pornuestrolaredo.com\/wp-content\/uploads\/2024\/10\/Stereo91-20241006-1.jpg",640,427,false],"1536x1536":["https:\/\/pornuestrolaredo.com\/wp-content\/uploads\/2024\/10\/Stereo91-20241006-1.jpg",960,640,false],"2048x2048":["https:\/\/pornuestrolaredo.com\/wp-content\/uploads\/2024\/10\/Stereo91-20241006-1.jpg",960,640,false],"morenews-large":["https:\/\/pornuestrolaredo.com\/wp-content\/uploads\/2024\/10\/Stereo91-20241006-1.jpg",825,550,false],"morenews-medium":["https:\/\/pornuestrolaredo.com\/wp-content\/uploads\/2024\/10\/Stereo91-20241006-1.jpg",590,393,false]},"author_info":{"info":["Redactor"]},"category_info":"<a href=\"https:\/\/pornuestrolaredo.com\/?cat=33\" rel=\"category\">Mexico<\/a>","tag_info":"Mexico","comment_count":"0","jetpack_featured_media_url":"https:\/\/pornuestrolaredo.com\/wp-content\/uploads\/2024\/10\/Stereo91-20241006-1.jpg","jetpack_sharing_enabled":true,"_links":{"self":[{"href":"https:\/\/pornuestrolaredo.com\/index.php?rest_route=\/wp\/v2\/posts\/5175","targetHints":{"allow":["GET"]}}],"collection":[{"href":"https:\/\/pornuestrolaredo.com\/index.php?rest_route=\/wp\/v2\/posts"}],"about":[{"href":"https:\/\/pornuestrolaredo.com\/index.php?rest_route=\/wp\/v2\/types\/post"}],"author":[{"embeddable":true,"href":"https:\/\/pornuestrolaredo.com\/index.php?rest_route=\/wp\/v2\/users\/1"}],"replies":[{"embeddable":true,"href":"https:\/\/pornuestrolaredo.com\/index.php?rest_route=%2Fwp%2Fv2%2Fcomments&post=5175"}],"version-history":[{"count":3,"href":"https:\/\/pornuestrolaredo.com\/index.php?rest_route=\/wp\/v2\/posts\/5175\/revisions"}],"predecessor-version":[{"id":5179,"href":"https:\/\/pornuestrolaredo.com\/index.php?rest_route=\/wp\/v2\/posts\/5175\/revisions\/5179"}],"wp:featuredmedia":[{"embeddable":true,"href":"https:\/\/pornuestrolaredo.com\/index.php?rest_route=\/wp\/v2\/media\/5176"}],"wp:attachment":[{"href":"https:\/\/pornuestrolaredo.com\/index.php?rest_route=%2Fwp%2Fv2%2Fmedia&parent=5175"}],"wp:term":[{"taxonomy":"category","embeddable":true,"href":"https:\/\/pornuestrolaredo.com\/index.php?rest_route=%2Fwp%2Fv2%2Fcategories&post=5175"},{"taxonomy":"post_tag","embeddable":true,"href":"https:\/\/pornuestrolaredo.com\/index.php?rest_route=%2Fwp%2Fv2%2Ftags&post=5175"}],"curies":[{"name":"wp","href":"https:\/\/api.w.org\/{rel}","templated":true}]}}