{"id":523,"date":"2022-10-08T16:46:57","date_gmt":"2022-10-08T16:46:57","guid":{"rendered":"https:\/\/pornuestrolaredo.com\/?p=523"},"modified":"2022-10-08T23:49:18","modified_gmt":"2022-10-08T23:49:18","slug":"surge-la-tormenta-tropical-julia","status":"publish","type":"post","link":"https:\/\/pornuestrolaredo.com\/?p=523","title":{"rendered":"Surge la tormenta tropical Julia"},"content":{"rendered":"\n<p class=\"wp-block-paragraph\"><strong><em>CIUDAD DE M\u00c9XICO.-<\/em><\/strong> La tormenta tropical Julia ganaba fuerza en su avance hacia el oeste del Caribe mientras las autoridades se preparan para que pueda azotar las islas colombianas y Nicaragua convertida en hurac\u00e1n y m\u00e1s tarde M\u00e9xico.<\/p>\n\n\n\n<p class=\"wp-block-paragraph\">Los vientos m\u00e1ximos sostenidos del meteoro aumentaron a 75 km\/h (45 mph) el viernes en la noche, dijo el Centro Nacional de Huracanes de Estados Unidos (NHC por sus siglas en ingl\u00e9s). Su v\u00f3rtice estaba a unos 575 kil\u00f3metros (360 millas) al este de la isla colombiana de Providencia y se mov\u00eda en direcci\u00f3n oeste a 28 km\/h (17 mph).<\/p>\n\n\n\n<p class=\"wp-block-paragraph\">De acuerdo con la previsi\u00f3n, Julia pasar\u00eda cerca o sobre las islas colombianas de San Andr\u00e9s y Providencia el s\u00e1bado por la noche y tocar\u00eda tierra en Nicaragua a primera hora del domingo. Su ruta la lleva hacia M\u00e9xico, a Chiapas, Tabasco y Oaxaca, aunque tambi\u00e9n podr\u00eda ingresar al Oce\u00e1no Pac\u00edfico, donde se podr\u00eda fortalecer de nuevo.<\/p>\n\n\n\n<p class=\"wp-block-paragraph\">El presidente de Colombia, Gustavo Petro, dijo a trav\u00e9s de Twitter que el gobierno estaba preparando refugios en las islas. Las autoridades de San Andr\u00e9s anunciaron un toque de queda a partir de las 6:00 horas del s\u00e1bado para limitar la presencia de gente en la calle.<\/p>\n\n\n\n<p class=\"wp-block-paragraph\">Yolanda Gonz\u00e1lez, directora del Instituto de Hidrolog\u00eda, Meteorolog\u00eda y Estudios Ambientales de Colombia, apunt\u00f3 que Julia podr\u00eda pasar por las islas convertida en un hurac\u00e1n de categor\u00eda 1.<\/p>\n\n\n\n<p class=\"wp-block-paragraph\">Una amenaza mayor que sus eran las lluvias. Se prev\u00e9 que el meteoro arroje precipitaciones de 13 a 25 cent\u00edmetros (5 a 10 pulgadas) en toda Am\u00e9rica Central, y hasta 38 cent\u00edmetros (15 pulgadas) en zonas aisladas.<\/p>\n\n\n\n<blockquote class=\"wp-block-quote is-layout-flow wp-block-quote-is-layout-flow\"><p>Estas lluvias pueden causar inundaciones repentinas y deslizamientos de tierra que pongan en peligro la vida hasta este fin de semana\u201d, indic\u00f3 el NHC. <\/p><\/blockquote>\n\n\n\n<p class=\"wp-block-paragraph\">Est\u00e1 previsto que que los remanentes del hurac\u00e1n pasen por Nicaragua, Honduras, El Salvador, Guatemala y el sur de M\u00e9xico, una regi\u00f3n ya saturada por semanas de fuertes lluvias.<\/p>\n","protected":false},"excerpt":{"rendered":"<p>CIUDAD DE M\u00c9XICO.- La tormenta tropical Julia ganaba fuerza en su avance hacia el oeste del Caribe mientras<\/p>\n","protected":false},"author":1,"featured_media":537,"comment_status":"closed","ping_status":"closed","sticky":false,"template":"","format":"standard","meta":{"_crdt_document":"","_jetpack_memberships_contains_paid_content":false,"footnotes":"","jetpack_publicize_message":"El sistema gana fuerza a medida que avanza por el Caribe y se convertir\u00e1 en hurac\u00e1n; Colombia, Nicaragua, Honduras, El Salvador, Guatemala y el sur de M\u00e9xico en su camino","jetpack_publicize_feature_enabled":true,"jetpack_social_post_already_shared":true,"jetpack_social_options":{"image_generator_settings":{"template":"highway","default_image_id":0,"font":"","enabled":false},"version":2},"_wpas_customize_per_network":false},"categories":[9],"tags":[],"class_list":["post-523","post","type-post","status-publish","format-standard","has-post-thumbnail","hentry","category-el-mundo"],"magazineBlocksPostFeaturedMedia":{"thumbnail":"https:\/\/pornuestrolaredo.com\/wp-content\/uploads\/2022\/10\/Captura-de-pantalla-2022-10-08-a-las-6.47.25-p.m.-150x150.png","medium":"https:\/\/pornuestrolaredo.com\/wp-content\/uploads\/2022\/10\/Captura-de-pantalla-2022-10-08-a-las-6.47.25-p.m.-300x142.png","medium_large":"https:\/\/pornuestrolaredo.com\/wp-content\/uploads\/2022\/10\/Captura-de-pantalla-2022-10-08-a-las-6.47.25-p.m.-768x364.png","large":"https:\/\/pornuestrolaredo.com\/wp-content\/uploads\/2022\/10\/Captura-de-pantalla-2022-10-08-a-las-6.47.25-p.m..png","1536x1536":"https:\/\/pornuestrolaredo.com\/wp-content\/uploads\/2022\/10\/Captura-de-pantalla-2022-10-08-a-las-6.47.25-p.m..png","2048x2048":"https:\/\/pornuestrolaredo.com\/wp-content\/uploads\/2022\/10\/Captura-de-pantalla-2022-10-08-a-las-6.47.25-p.m..png","morenews-large":"https:\/\/pornuestrolaredo.com\/wp-content\/uploads\/2022\/10\/Captura-de-pantalla-2022-10-08-a-las-6.47.25-p.m..png","morenews-medium":"https:\/\/pornuestrolaredo.com\/wp-content\/uploads\/2022\/10\/Captura-de-pantalla-2022-10-08-a-las-6.47.25-p.m..png"},"magazineBlocksPostAuthor":{"name":"Redactor","avatar":"https:\/\/pornuestrolaredo.com\/wp-content\/litespeed\/avatar\/dca1d7ec750c399f025f23b0b314f4cf.jpg?ver=1777007253"},"magazineBlocksPostCommentsNumber":false,"magazineBlocksPostExcerpt":"CIUDAD DE M\u00c9XICO.- La tormenta tropical Julia ganaba fuerza en su avance hacia el oeste del Caribe mientras","magazineBlocksPostCategories":["El Mundo"],"magazineBlocksPostViewCount":106,"magazineBlocksPostReadTime":2,"magazine_blocks_featured_image_url":{"full":["https:\/\/pornuestrolaredo.com\/wp-content\/uploads\/2022\/10\/Captura-de-pantalla-2022-10-08-a-las-6.47.25-p.m..png",955,453,false],"medium":["https:\/\/pornuestrolaredo.com\/wp-content\/uploads\/2022\/10\/Captura-de-pantalla-2022-10-08-a-las-6.47.25-p.m.-300x142.png",300,142,true],"thumbnail":["https:\/\/pornuestrolaredo.com\/wp-content\/uploads\/2022\/10\/Captura-de-pantalla-2022-10-08-a-las-6.47.25-p.m.-150x150.png",150,150,true]},"magazine_blocks_author":{"display_name":"Redactor","author_link":"https:\/\/pornuestrolaredo.com\/?author=1"},"magazine_blocks_comment":0,"magazine_blocks_author_image":"https:\/\/pornuestrolaredo.com\/wp-content\/litespeed\/avatar\/dca1d7ec750c399f025f23b0b314f4cf.jpg?ver=1777007253","magazine_blocks_category":"<a href=\"#\" class=\"category-link category-link-9\">El Mundo<\/a>","jetpack_publicize_connections":[],"featured_image_urls":{"full":["https:\/\/pornuestrolaredo.com\/wp-content\/uploads\/2022\/10\/Captura-de-pantalla-2022-10-08-a-las-6.47.25-p.m..png",955,453,false],"thumbnail":["https:\/\/pornuestrolaredo.com\/wp-content\/uploads\/2022\/10\/Captura-de-pantalla-2022-10-08-a-las-6.47.25-p.m.-150x150.png",150,150,true],"medium":["https:\/\/pornuestrolaredo.com\/wp-content\/uploads\/2022\/10\/Captura-de-pantalla-2022-10-08-a-las-6.47.25-p.m.-300x142.png",300,142,true],"medium_large":["https:\/\/pornuestrolaredo.com\/wp-content\/uploads\/2022\/10\/Captura-de-pantalla-2022-10-08-a-las-6.47.25-p.m.-768x364.png",640,303,true],"large":["https:\/\/pornuestrolaredo.com\/wp-content\/uploads\/2022\/10\/Captura-de-pantalla-2022-10-08-a-las-6.47.25-p.m..png",640,304,false],"1536x1536":["https:\/\/pornuestrolaredo.com\/wp-content\/uploads\/2022\/10\/Captura-de-pantalla-2022-10-08-a-las-6.47.25-p.m..png",955,453,false],"2048x2048":["https:\/\/pornuestrolaredo.com\/wp-content\/uploads\/2022\/10\/Captura-de-pantalla-2022-10-08-a-las-6.47.25-p.m..png",955,453,false],"morenews-large":["https:\/\/pornuestrolaredo.com\/wp-content\/uploads\/2022\/10\/Captura-de-pantalla-2022-10-08-a-las-6.47.25-p.m..png",825,391,false],"morenews-medium":["https:\/\/pornuestrolaredo.com\/wp-content\/uploads\/2022\/10\/Captura-de-pantalla-2022-10-08-a-las-6.47.25-p.m..png",590,280,false]},"author_info":{"info":["Redactor"]},"category_info":"<a href=\"https:\/\/pornuestrolaredo.com\/?cat=9\" rel=\"category\">El Mundo<\/a>","tag_info":"El Mundo","comment_count":"0","jetpack_featured_media_url":"https:\/\/pornuestrolaredo.com\/wp-content\/uploads\/2022\/10\/Captura-de-pantalla-2022-10-08-a-las-6.47.25-p.m..png","jetpack_sharing_enabled":true,"_links":{"self":[{"href":"https:\/\/pornuestrolaredo.com\/index.php?rest_route=\/wp\/v2\/posts\/523","targetHints":{"allow":["GET"]}}],"collection":[{"href":"https:\/\/pornuestrolaredo.com\/index.php?rest_route=\/wp\/v2\/posts"}],"about":[{"href":"https:\/\/pornuestrolaredo.com\/index.php?rest_route=\/wp\/v2\/types\/post"}],"author":[{"embeddable":true,"href":"https:\/\/pornuestrolaredo.com\/index.php?rest_route=\/wp\/v2\/users\/1"}],"replies":[{"embeddable":true,"href":"https:\/\/pornuestrolaredo.com\/index.php?rest_route=%2Fwp%2Fv2%2Fcomments&post=523"}],"version-history":[{"count":2,"href":"https:\/\/pornuestrolaredo.com\/index.php?rest_route=\/wp\/v2\/posts\/523\/revisions"}],"predecessor-version":[{"id":536,"href":"https:\/\/pornuestrolaredo.com\/index.php?rest_route=\/wp\/v2\/posts\/523\/revisions\/536"}],"wp:featuredmedia":[{"embeddable":true,"href":"https:\/\/pornuestrolaredo.com\/index.php?rest_route=\/wp\/v2\/media\/537"}],"wp:attachment":[{"href":"https:\/\/pornuestrolaredo.com\/index.php?rest_route=%2Fwp%2Fv2%2Fmedia&parent=523"}],"wp:term":[{"taxonomy":"category","embeddable":true,"href":"https:\/\/pornuestrolaredo.com\/index.php?rest_route=%2Fwp%2Fv2%2Fcategories&post=523"},{"taxonomy":"post_tag","embeddable":true,"href":"https:\/\/pornuestrolaredo.com\/index.php?rest_route=%2Fwp%2Fv2%2Ftags&post=523"}],"curies":[{"name":"wp","href":"https:\/\/api.w.org\/{rel}","templated":true}]}}