{"id":532,"date":"2022-10-08T23:45:22","date_gmt":"2022-10-08T23:45:22","guid":{"rendered":"https:\/\/pornuestrolaredo.com\/?p=532"},"modified":"2022-10-08T23:45:22","modified_gmt":"2022-10-08T23:45:22","slug":"gestiona-carmen-lilia-tramite-de-placas-para-legalizados","status":"publish","type":"post","link":"https:\/\/pornuestrolaredo.com\/?p=532","title":{"rendered":"Gestiona Carmen Lilia tr\u00e1mite de placas para legalizados"},"content":{"rendered":"\n<p class=\"wp-block-paragraph\"><strong><em>NUEVO LAREDO.-<\/em><\/strong> M\u00e1s de 3 mil coches han sido legalizados en los m\u00f3dulos municipales del Registro P\u00fablico de Veh\u00edculos (Repuve), y para seguir apoyando a las familias neolaredenses, la alcaldesa Carmen Lilia Canturosas Villarreal inform\u00f3 que ya se encuentra en pl\u00e1ticas con el nuevo gobierno estatal para que todos estos autos puedan tramitar sus placas.<\/p>\n\n\n\n<p class=\"wp-block-paragraph\">La presidenta municipal, dio a conocer que el gobernador Am\u00e9rico Villarreal Anaya dar\u00e1 todo su respaldo a los municipios para que las personas que ya regularizaron sus autos, ahora puedan contar con sus placas.<\/p>\n\n\n\n<p class=\"wp-block-paragraph\">De igual forma dijo que ha tenido pl\u00e1ticas con la nueva titular de la Secretar\u00eda de Finanzas del gobierno estatal, Adriana Lozano, para apoyar a todas las familias que ya legalizaron sus veh\u00edculos.<\/p>\n\n\n\n<blockquote class=\"wp-block-quote is-layout-flow wp-block-quote-is-layout-flow\"><p>El tema de las placas ya est\u00e1 platicado con&nbsp; la secretar\u00eda de Finanzas, Adrana Lozano, para buscarle una soluci\u00f3n a esos m\u00e1s de 3 mil veh\u00edculos que ya est\u00e1n&nbsp; legalmente en el pa\u00eds y&nbsp; que no hab\u00edan podido sacar sus placas por alg\u00fan freno que les pon\u00edan&nbsp; en la&nbsp; Oficina Fiscal del Estado en la pasada administraci\u00f3n\u201d, mencion\u00f3 la alcaldesa.&nbsp;<\/p><\/blockquote>\n\n\n\n<p class=\"wp-block-paragraph\">Destac\u00f3 que&nbsp; ahora est\u00e1n trabajando coordinados con los tres \u00f3rdenes de gobierno y esto traer\u00e1 m\u00e1s beneficios para la poblaci\u00f3n, por lo que cabe la posibilidad de ampliar los carriles en Nuevo Laredo y que as\u00ed haya m\u00e1s oportunidad de que las familias puedan legalizar sus carros.<\/p>\n\n\n\n<p class=\"wp-block-paragraph\">La alcaldesa coment\u00f3 que esta campa\u00f1a de regularizaci\u00f3n no s\u00f3lo es buena para los ciudadanos, sino que adem\u00e1s dejar\u00e1 grandes beneficios para el municipio ya que con el recurso recaudado, el gobierno federal invertir\u00e1 en sectores vulnerables de la ciudad.<\/p>\n\n\n\n<blockquote class=\"wp-block-quote is-layout-flow wp-block-quote-is-layout-flow\"><p>Todo ese dinero, los 2 mil 500 pesos, el d\u00eda de ma\u00f1ana el&nbsp; Gobierno Federal lo va a mandar al gobierno municipal, para que acabemos con las calles en&nbsp; mal estado, para el bacheo, para el recarpeteo; ese mismo dinero va a quedar en el municipio. Ustedes est\u00e1n contribuyendo para que la ciudad est\u00e9 mejor\u201d, puntualiz\u00f3 la presidenta municipal. <\/p><\/blockquote>\n\n\n\n<p class=\"wp-block-paragraph\">Reiter\u00f3 su agradecimiento al presidente Andr\u00e9s Manuel L\u00f3pez Obrador por este programa y tambi\u00e9n al gobernador por su disposici\u00f3n para que todos los que han nacionalizado su veh\u00edculo ahora puedan contar con sus placas.<\/p>\n","protected":false},"excerpt":{"rendered":"<p>NUEVO LAREDO.- M\u00e1s de 3 mil coches han sido legalizados en los m\u00f3dulos municipales del Registro P\u00fablico de<\/p>\n","protected":false},"author":1,"featured_media":533,"comment_status":"open","ping_status":"open","sticky":false,"template":"","format":"standard","meta":{"_crdt_document":"","_jetpack_memberships_contains_paid_content":false,"footnotes":"","jetpack_publicize_message":"En Nuevo Laredo ya son m\u00e1s de 3 mil los veh\u00edculos que dejaron de ser \u2018chocolates\u2019","jetpack_publicize_feature_enabled":true,"jetpack_social_post_already_shared":true,"jetpack_social_options":{"image_generator_settings":{"template":"highway","default_image_id":0,"font":"","enabled":false},"version":2},"_wpas_customize_per_network":false},"categories":[5],"tags":[],"class_list":["post-532","post","type-post","status-publish","format-standard","has-post-thumbnail","hentry","category-dos-laredos"],"magazineBlocksPostFeaturedMedia":{"thumbnail":"https:\/\/pornuestrolaredo.com\/wp-content\/uploads\/2022\/10\/Placas-150x150.jpg","medium":"https:\/\/pornuestrolaredo.com\/wp-content\/uploads\/2022\/10\/Placas-300x200.jpg","medium_large":"https:\/\/pornuestrolaredo.com\/wp-content\/uploads\/2022\/10\/Placas-768x512.jpg","large":"https:\/\/pornuestrolaredo.com\/wp-content\/uploads\/2022\/10\/Placas-1024x682.jpg","1536x1536":"https:\/\/pornuestrolaredo.com\/wp-content\/uploads\/2022\/10\/Placas.jpg","2048x2048":"https:\/\/pornuestrolaredo.com\/wp-content\/uploads\/2022\/10\/Placas.jpg","morenews-large":"https:\/\/pornuestrolaredo.com\/wp-content\/uploads\/2022\/10\/Placas.jpg","morenews-medium":"https:\/\/pornuestrolaredo.com\/wp-content\/uploads\/2022\/10\/Placas.jpg"},"magazineBlocksPostAuthor":{"name":"Redactor","avatar":"https:\/\/pornuestrolaredo.com\/wp-content\/litespeed\/avatar\/dca1d7ec750c399f025f23b0b314f4cf.jpg?ver=1777007253"},"magazineBlocksPostCommentsNumber":false,"magazineBlocksPostExcerpt":"NUEVO LAREDO.- M\u00e1s de 3 mil coches han sido legalizados en los m\u00f3dulos municipales del Registro P\u00fablico de","magazineBlocksPostCategories":["Dos Laredos"],"magazineBlocksPostViewCount":122,"magazineBlocksPostReadTime":3,"magazine_blocks_featured_image_url":{"full":["https:\/\/pornuestrolaredo.com\/wp-content\/uploads\/2022\/10\/Placas.jpg",1280,853,false],"medium":["https:\/\/pornuestrolaredo.com\/wp-content\/uploads\/2022\/10\/Placas-300x200.jpg",300,200,true],"thumbnail":["https:\/\/pornuestrolaredo.com\/wp-content\/uploads\/2022\/10\/Placas-150x150.jpg",150,150,true]},"magazine_blocks_author":{"display_name":"Redactor","author_link":"https:\/\/pornuestrolaredo.com\/?author=1"},"magazine_blocks_comment":0,"magazine_blocks_author_image":"https:\/\/pornuestrolaredo.com\/wp-content\/litespeed\/avatar\/dca1d7ec750c399f025f23b0b314f4cf.jpg?ver=1777007253","magazine_blocks_category":"<a href=\"#\" class=\"category-link category-link-5\">Dos Laredos<\/a>","jetpack_publicize_connections":[],"featured_image_urls":{"full":["https:\/\/pornuestrolaredo.com\/wp-content\/uploads\/2022\/10\/Placas.jpg",1280,853,false],"thumbnail":["https:\/\/pornuestrolaredo.com\/wp-content\/uploads\/2022\/10\/Placas-150x150.jpg",150,150,true],"medium":["https:\/\/pornuestrolaredo.com\/wp-content\/uploads\/2022\/10\/Placas-300x200.jpg",300,200,true],"medium_large":["https:\/\/pornuestrolaredo.com\/wp-content\/uploads\/2022\/10\/Placas-768x512.jpg",640,427,true],"large":["https:\/\/pornuestrolaredo.com\/wp-content\/uploads\/2022\/10\/Placas-1024x682.jpg",640,426,true],"1536x1536":["https:\/\/pornuestrolaredo.com\/wp-content\/uploads\/2022\/10\/Placas.jpg",1280,853,false],"2048x2048":["https:\/\/pornuestrolaredo.com\/wp-content\/uploads\/2022\/10\/Placas.jpg",1280,853,false],"morenews-large":["https:\/\/pornuestrolaredo.com\/wp-content\/uploads\/2022\/10\/Placas.jpg",825,550,false],"morenews-medium":["https:\/\/pornuestrolaredo.com\/wp-content\/uploads\/2022\/10\/Placas.jpg",590,393,false]},"author_info":{"info":["Redactor"]},"category_info":"<a href=\"https:\/\/pornuestrolaredo.com\/?cat=5\" rel=\"category\">Dos Laredos<\/a>","tag_info":"Dos Laredos","comment_count":"0","jetpack_featured_media_url":"https:\/\/pornuestrolaredo.com\/wp-content\/uploads\/2022\/10\/Placas.jpg","jetpack_sharing_enabled":true,"_links":{"self":[{"href":"https:\/\/pornuestrolaredo.com\/index.php?rest_route=\/wp\/v2\/posts\/532","targetHints":{"allow":["GET"]}}],"collection":[{"href":"https:\/\/pornuestrolaredo.com\/index.php?rest_route=\/wp\/v2\/posts"}],"about":[{"href":"https:\/\/pornuestrolaredo.com\/index.php?rest_route=\/wp\/v2\/types\/post"}],"author":[{"embeddable":true,"href":"https:\/\/pornuestrolaredo.com\/index.php?rest_route=\/wp\/v2\/users\/1"}],"replies":[{"embeddable":true,"href":"https:\/\/pornuestrolaredo.com\/index.php?rest_route=%2Fwp%2Fv2%2Fcomments&post=532"}],"version-history":[{"count":1,"href":"https:\/\/pornuestrolaredo.com\/index.php?rest_route=\/wp\/v2\/posts\/532\/revisions"}],"predecessor-version":[{"id":534,"href":"https:\/\/pornuestrolaredo.com\/index.php?rest_route=\/wp\/v2\/posts\/532\/revisions\/534"}],"wp:featuredmedia":[{"embeddable":true,"href":"https:\/\/pornuestrolaredo.com\/index.php?rest_route=\/wp\/v2\/media\/533"}],"wp:attachment":[{"href":"https:\/\/pornuestrolaredo.com\/index.php?rest_route=%2Fwp%2Fv2%2Fmedia&parent=532"}],"wp:term":[{"taxonomy":"category","embeddable":true,"href":"https:\/\/pornuestrolaredo.com\/index.php?rest_route=%2Fwp%2Fv2%2Fcategories&post=532"},{"taxonomy":"post_tag","embeddable":true,"href":"https:\/\/pornuestrolaredo.com\/index.php?rest_route=%2Fwp%2Fv2%2Ftags&post=532"}],"curies":[{"name":"wp","href":"https:\/\/api.w.org\/{rel}","templated":true}]}}