{"id":5323,"date":"2024-10-09T17:52:56","date_gmt":"2024-10-09T17:52:56","guid":{"rendered":"https:\/\/pornuestrolaredo.com\/?p=5323"},"modified":"2024-10-09T17:52:56","modified_gmt":"2024-10-09T17:52:56","slug":"fortaleceran-programas-de-salud-municipales-en-nld","status":"publish","type":"post","link":"https:\/\/pornuestrolaredo.com\/?p=5323","title":{"rendered":"Fortalecer\u00e1n programas de salud municipales en NLD"},"content":{"rendered":"<p><strong>NUEVO LAREDO.-<\/strong> El Gobierno Municipal, mediante la Secretar\u00eda de Bienestar Social, informa a la ciudadan\u00eda que durante el periodo administrativo del 2024-2027, se mantendr\u00e1n los mismos programas en la Direcci\u00f3n de Salud y se fortalecer\u00e1n para que los beneficios lleguen a m\u00e1s familias.<\/p>\n<p>La secretaria de Bienestar Social, Liliana Arjona Barocio, inform\u00f3 que en cuanto las Cl\u00ednicas UNE, se mantendr\u00e1 el servicio de consultas generales y de especialistas, adem\u00e1s de la venta a precios m\u00f3dicos de las Farmacias UNE para posibilitar el acceso a medicamentos de patente y de especialidad.<\/p>\n<blockquote><p>Vamos a buscar reforzar esta \u00e1rea con m\u00e1s especialistas para brindar un servicio de calidad y de acuerdo a lo que necesite la ciudadan\u00eda; adem\u00e1s continuaremos apoyando a los que m\u00e1s lo necesiten como gluc\u00f3metros, sillas de ruedas, estudios, entre otras necesidades\u201d, destac\u00f3.<\/p><\/blockquote>\n<p>Dio a conocer que referente al programa \u201cSalud en tu Hogar\u201d, seguir\u00e1n las visitas peri\u00f3dicas a los m\u00e1s de 100 pacientes que tienen registrados para dignificar su vida diaria.<\/p>\n<blockquote><p>El personal sale todos los d\u00edas a visitarlos, sabemos que son personas que no pueden trasladarse a un hospital por su situaci\u00f3n de salud y es por eso que acudimos a los hogares a que les hagan los tratamientos que necesitan, as\u00ed como apoyo psicol\u00f3gico para ellos y sus familiares\u201d, manifest\u00f3.<\/p><\/blockquote>\n<p>De igual forma, la funcionaria resalt\u00f3 que para las Brigadas de Salud seguir\u00e1n las colaboraci\u00f3n con el IMSS, ISSSTE, Hospital General y Civil para dar atenciones especializadas a la ciudadan\u00eda.<\/p>\n<blockquote><p>A estas brigadas acuden tambi\u00e9n nuestros compa\u00f1eros de apoyo alimentario y de donaciones, para atender y dar una atenci\u00f3n completa en todos los sentidos\u201d, mencion\u00f3.<\/p><\/blockquote>\n<p>Asimismo, las visitas a las escuelas y los centros de trabajo para acercar servicios gratuitos de salud como la detecci\u00f3n oportuna de enfermedades, pesaje, nutrici\u00f3n y dem\u00e1s servicios est\u00e9n al alcance de los estudiantes y trabajadores, sin la necesidad de que salgan de sus ocupaciones.<\/p>\n","protected":false},"excerpt":{"rendered":"<p>La secretaria de Bienestar Social, Liliana Arjona Barocio, anuncia que seguir\u00e1n las visitas peri\u00f3dicas en sus domicilios a los m\u00e1s de 100 pacientes que tienen registrados<\/p>\n","protected":false},"author":1,"featured_media":5324,"comment_status":"closed","ping_status":"closed","sticky":false,"template":"","format":"standard","meta":{"_crdt_document":"","_jetpack_memberships_contains_paid_content":false,"footnotes":"","jetpack_publicize_message":"","jetpack_publicize_feature_enabled":true,"jetpack_social_post_already_shared":true,"jetpack_social_options":{"image_generator_settings":{"template":"highway","default_image_id":0,"font":"","enabled":false},"version":2},"_wpas_customize_per_network":false},"categories":[4],"tags":[],"class_list":["post-5323","post","type-post","status-publish","format-standard","has-post-thumbnail","hentry","category-los-dos-laredos"],"magazineBlocksPostFeaturedMedia":{"thumbnail":"https:\/\/pornuestrolaredo.com\/wp-content\/uploads\/2024\/10\/Stereo91-20241009-3-150x150.jpg","medium":"https:\/\/pornuestrolaredo.com\/wp-content\/uploads\/2024\/10\/Stereo91-20241009-3-300x188.jpg","medium_large":"https:\/\/pornuestrolaredo.com\/wp-content\/uploads\/2024\/10\/Stereo91-20241009-3-768x481.jpg","large":"https:\/\/pornuestrolaredo.com\/wp-content\/uploads\/2024\/10\/Stereo91-20241009-3-1000x627.jpg","1536x1536":"https:\/\/pornuestrolaredo.com\/wp-content\/uploads\/2024\/10\/Stereo91-20241009-3.jpg","2048x2048":"https:\/\/pornuestrolaredo.com\/wp-content\/uploads\/2024\/10\/Stereo91-20241009-3.jpg","morenews-large":"https:\/\/pornuestrolaredo.com\/wp-content\/uploads\/2024\/10\/Stereo91-20241009-3-825x575.jpg","morenews-medium":"https:\/\/pornuestrolaredo.com\/wp-content\/uploads\/2024\/10\/Stereo91-20241009-3-590x410.jpg"},"magazineBlocksPostAuthor":{"name":"Redactor","avatar":"https:\/\/pornuestrolaredo.com\/wp-content\/litespeed\/avatar\/dca1d7ec750c399f025f23b0b314f4cf.jpg?ver=1777612120"},"magazineBlocksPostCommentsNumber":false,"magazineBlocksPostExcerpt":"La secretaria de Bienestar Social, Liliana Arjona Barocio, anuncia que seguir\u00e1n las visitas peri\u00f3dicas en sus domicilios a los m\u00e1s de 100 pacientes que tienen registrados","magazineBlocksPostCategories":["Los dos Laredos"],"magazineBlocksPostViewCount":121,"magazineBlocksPostReadTime":2,"magazine_blocks_featured_image_url":{"full":["https:\/\/pornuestrolaredo.com\/wp-content\/uploads\/2024\/10\/Stereo91-20241009-3.jpg",1280,802,false],"medium":["https:\/\/pornuestrolaredo.com\/wp-content\/uploads\/2024\/10\/Stereo91-20241009-3-300x188.jpg",300,188,true],"thumbnail":["https:\/\/pornuestrolaredo.com\/wp-content\/uploads\/2024\/10\/Stereo91-20241009-3-150x150.jpg",150,150,true]},"magazine_blocks_author":{"display_name":"Redactor","author_link":"https:\/\/pornuestrolaredo.com\/?author=1"},"magazine_blocks_comment":0,"magazine_blocks_author_image":"https:\/\/pornuestrolaredo.com\/wp-content\/litespeed\/avatar\/dca1d7ec750c399f025f23b0b314f4cf.jpg?ver=1777612120","magazine_blocks_category":"<a href=\"#\" class=\"category-link category-link-4\">Los dos Laredos<\/a>","jetpack_publicize_connections":[],"featured_image_urls":{"full":["https:\/\/pornuestrolaredo.com\/wp-content\/uploads\/2024\/10\/Stereo91-20241009-3.jpg",1280,802,false],"thumbnail":["https:\/\/pornuestrolaredo.com\/wp-content\/uploads\/2024\/10\/Stereo91-20241009-3-150x150.jpg",150,150,true],"medium":["https:\/\/pornuestrolaredo.com\/wp-content\/uploads\/2024\/10\/Stereo91-20241009-3-300x188.jpg",300,188,true],"medium_large":["https:\/\/pornuestrolaredo.com\/wp-content\/uploads\/2024\/10\/Stereo91-20241009-3-768x481.jpg",640,401,true],"large":["https:\/\/pornuestrolaredo.com\/wp-content\/uploads\/2024\/10\/Stereo91-20241009-3-1000x627.jpg",640,401,true],"1536x1536":["https:\/\/pornuestrolaredo.com\/wp-content\/uploads\/2024\/10\/Stereo91-20241009-3.jpg",1280,802,false],"2048x2048":["https:\/\/pornuestrolaredo.com\/wp-content\/uploads\/2024\/10\/Stereo91-20241009-3.jpg",1280,802,false],"morenews-large":["https:\/\/pornuestrolaredo.com\/wp-content\/uploads\/2024\/10\/Stereo91-20241009-3-825x575.jpg",825,575,true],"morenews-medium":["https:\/\/pornuestrolaredo.com\/wp-content\/uploads\/2024\/10\/Stereo91-20241009-3-590x410.jpg",590,410,true]},"author_info":{"info":["Redactor"]},"category_info":"<a href=\"https:\/\/pornuestrolaredo.com\/?cat=4\" rel=\"category\">Los dos Laredos<\/a>","tag_info":"Los dos Laredos","comment_count":"0","jetpack_featured_media_url":"https:\/\/pornuestrolaredo.com\/wp-content\/uploads\/2024\/10\/Stereo91-20241009-3.jpg","jetpack_sharing_enabled":true,"_links":{"self":[{"href":"https:\/\/pornuestrolaredo.com\/index.php?rest_route=\/wp\/v2\/posts\/5323","targetHints":{"allow":["GET"]}}],"collection":[{"href":"https:\/\/pornuestrolaredo.com\/index.php?rest_route=\/wp\/v2\/posts"}],"about":[{"href":"https:\/\/pornuestrolaredo.com\/index.php?rest_route=\/wp\/v2\/types\/post"}],"author":[{"embeddable":true,"href":"https:\/\/pornuestrolaredo.com\/index.php?rest_route=\/wp\/v2\/users\/1"}],"replies":[{"embeddable":true,"href":"https:\/\/pornuestrolaredo.com\/index.php?rest_route=%2Fwp%2Fv2%2Fcomments&post=5323"}],"version-history":[{"count":1,"href":"https:\/\/pornuestrolaredo.com\/index.php?rest_route=\/wp\/v2\/posts\/5323\/revisions"}],"predecessor-version":[{"id":5325,"href":"https:\/\/pornuestrolaredo.com\/index.php?rest_route=\/wp\/v2\/posts\/5323\/revisions\/5325"}],"wp:featuredmedia":[{"embeddable":true,"href":"https:\/\/pornuestrolaredo.com\/index.php?rest_route=\/wp\/v2\/media\/5324"}],"wp:attachment":[{"href":"https:\/\/pornuestrolaredo.com\/index.php?rest_route=%2Fwp%2Fv2%2Fmedia&parent=5323"}],"wp:term":[{"taxonomy":"category","embeddable":true,"href":"https:\/\/pornuestrolaredo.com\/index.php?rest_route=%2Fwp%2Fv2%2Fcategories&post=5323"},{"taxonomy":"post_tag","embeddable":true,"href":"https:\/\/pornuestrolaredo.com\/index.php?rest_route=%2Fwp%2Fv2%2Ftags&post=5323"}],"curies":[{"name":"wp","href":"https:\/\/api.w.org\/{rel}","templated":true}]}}