{"id":5335,"date":"2024-10-10T17:00:39","date_gmt":"2024-10-10T17:00:39","guid":{"rendered":"https:\/\/pornuestrolaredo.com\/?p=5335"},"modified":"2024-10-10T20:03:12","modified_gmt":"2024-10-10T20:03:12","slug":"habra-secuela-de-karate-kid","status":"publish","type":"post","link":"https:\/\/pornuestrolaredo.com\/?p=5335","title":{"rendered":"Habr\u00e1 secuela de Karate Kid"},"content":{"rendered":"<p>LOS \u00c1NGELES.- Los fan\u00e1ticos de la saga de karatecas han recibido una emocionante noticia que ha reavivado su entusiasmo por el universo de Karate Kid. Despu\u00e9s de d\u00e9cadas de historias centradas en el ic\u00f3nico Daniel Larusso y su rival Johnny Lawrence, se ha revelado el nuevo t\u00edtulo y logo de la pr\u00f3xima pel\u00edcula.<\/p>\n<p>El \u00e9xito de Karate Kid en la d\u00e9cada de los 80 y 90 ciment\u00f3 las bases de un culto alrededor de las artes marciales y su filosof\u00eda. Sumado a ello, la serie Cobra Kai, que se ha convertido en un gran \u00e9xito en plataformas de streaming, trajo de vuelta a los personajes principales, ofreciendo una nueva perspectiva sobre sus vidas y rivalidades.<\/p>\n<p>De acuerdo con lo revelado en redes sociales de la franquicia, el nuevo t\u00edtulo ser\u00e1, \u2018Karate Kid Legends\u2019, lo que lleva a explorar las historias de los personajes cl\u00e1sicos, pero tambi\u00e9n podr\u00eda introducir nuevos h\u00e9roes en la narrativa.<\/p>\n<p>A pesar de que no se ha confirmado oficialmente la trama, se espera que Karate Kid Legends rinda homenaje a las historias pasadas, mientras sigue adelante con nuevas aventuras. <\/p>\n<p>Una de las grandes sorpresas de Karate Kid Legends es el regreso de Ralph Macchio, quien volver\u00e1 a interpretar a Daniel Larusso, el alumno del querido Se\u00f1or Miyagi. Macchio ha estado vinculado al universo de Karate Kid desde su inicio, y su retorno es un s\u00edmbolo de continuidad que muchos fan\u00e1ticos han estado esperando.<\/p>\n<p>Tambi\u00e9n se ha confirmado la participaci\u00f3n de Jackie Chan, quien volver\u00e1 a encarnar a su personaje del Se\u00f1or Han, un experto en Kung Fu que introdujo a las audiencias a un estilo diferente de artes marciales en la pel\u00edcula de 2010.<\/p>\n<p>Con el talento de estos dos actores, se espera que la nueva pel\u00edcula de Karate Kid: Legends ofrezca una combinaci\u00f3n de nostalgia y nuevos desaf\u00edos. En cuanto a la fecha de estreno, se cree que llegar\u00e1 a los cines en 2025, pero esto sigue sin confirmarse.<\/p>\n","protected":false},"excerpt":{"rendered":"<p>Se anuncia el regreso de Ralph Macchio y de Jackie Chan en una pel\u00edcula que evoca la nostalgia<\/p>\n","protected":false},"author":1,"featured_media":5336,"comment_status":"closed","ping_status":"closed","sticky":false,"template":"","format":"standard","meta":{"_crdt_document":"","_jetpack_memberships_contains_paid_content":false,"footnotes":"","jetpack_publicize_message":"","jetpack_publicize_feature_enabled":true,"jetpack_social_post_already_shared":true,"jetpack_social_options":{"image_generator_settings":{"template":"highway","default_image_id":0,"font":"","enabled":false},"version":2},"_wpas_customize_per_network":false},"categories":[34],"tags":[],"class_list":["post-5335","post","type-post","status-publish","format-standard","has-post-thumbnail","hentry","category-farandula"],"magazineBlocksPostFeaturedMedia":{"thumbnail":"https:\/\/pornuestrolaredo.com\/wp-content\/uploads\/2024\/10\/107FM-20241010-7-150x150.jpg","medium":"https:\/\/pornuestrolaredo.com\/wp-content\/uploads\/2024\/10\/107FM-20241010-7-300x169.jpg","medium_large":"https:\/\/pornuestrolaredo.com\/wp-content\/uploads\/2024\/10\/107FM-20241010-7-768x432.jpg","large":"https:\/\/pornuestrolaredo.com\/wp-content\/uploads\/2024\/10\/107FM-20241010-7-1000x563.jpg","1536x1536":"https:\/\/pornuestrolaredo.com\/wp-content\/uploads\/2024\/10\/107FM-20241010-7.jpg","2048x2048":"https:\/\/pornuestrolaredo.com\/wp-content\/uploads\/2024\/10\/107FM-20241010-7.jpg","morenews-large":"https:\/\/pornuestrolaredo.com\/wp-content\/uploads\/2024\/10\/107FM-20241010-7-825x575.jpg","morenews-medium":"https:\/\/pornuestrolaredo.com\/wp-content\/uploads\/2024\/10\/107FM-20241010-7-590x410.jpg"},"magazineBlocksPostAuthor":{"name":"Redactor","avatar":"https:\/\/pornuestrolaredo.com\/wp-content\/litespeed\/avatar\/dca1d7ec750c399f025f23b0b314f4cf.jpg?ver=1777612120"},"magazineBlocksPostCommentsNumber":false,"magazineBlocksPostExcerpt":"Se anuncia el regreso de Ralph Macchio y de Jackie Chan en una pel\u00edcula que evoca la nostalgia","magazineBlocksPostCategories":["Far\u00e1ndula"],"magazineBlocksPostViewCount":135,"magazineBlocksPostReadTime":2,"magazine_blocks_featured_image_url":{"full":["https:\/\/pornuestrolaredo.com\/wp-content\/uploads\/2024\/10\/107FM-20241010-7.jpg",1280,720,false],"medium":["https:\/\/pornuestrolaredo.com\/wp-content\/uploads\/2024\/10\/107FM-20241010-7-300x169.jpg",300,169,true],"thumbnail":["https:\/\/pornuestrolaredo.com\/wp-content\/uploads\/2024\/10\/107FM-20241010-7-150x150.jpg",150,150,true]},"magazine_blocks_author":{"display_name":"Redactor","author_link":"https:\/\/pornuestrolaredo.com\/?author=1"},"magazine_blocks_comment":0,"magazine_blocks_author_image":"https:\/\/pornuestrolaredo.com\/wp-content\/litespeed\/avatar\/dca1d7ec750c399f025f23b0b314f4cf.jpg?ver=1777612120","magazine_blocks_category":"<a href=\"#\" class=\"category-link category-link-34\">Far\u00e1ndula<\/a>","jetpack_publicize_connections":[],"featured_image_urls":{"full":["https:\/\/pornuestrolaredo.com\/wp-content\/uploads\/2024\/10\/107FM-20241010-7.jpg",1280,720,false],"thumbnail":["https:\/\/pornuestrolaredo.com\/wp-content\/uploads\/2024\/10\/107FM-20241010-7-150x150.jpg",150,150,true],"medium":["https:\/\/pornuestrolaredo.com\/wp-content\/uploads\/2024\/10\/107FM-20241010-7-300x169.jpg",300,169,true],"medium_large":["https:\/\/pornuestrolaredo.com\/wp-content\/uploads\/2024\/10\/107FM-20241010-7-768x432.jpg",640,360,true],"large":["https:\/\/pornuestrolaredo.com\/wp-content\/uploads\/2024\/10\/107FM-20241010-7-1000x563.jpg",640,360,true],"1536x1536":["https:\/\/pornuestrolaredo.com\/wp-content\/uploads\/2024\/10\/107FM-20241010-7.jpg",1280,720,false],"2048x2048":["https:\/\/pornuestrolaredo.com\/wp-content\/uploads\/2024\/10\/107FM-20241010-7.jpg",1280,720,false],"morenews-large":["https:\/\/pornuestrolaredo.com\/wp-content\/uploads\/2024\/10\/107FM-20241010-7-825x575.jpg",825,575,true],"morenews-medium":["https:\/\/pornuestrolaredo.com\/wp-content\/uploads\/2024\/10\/107FM-20241010-7-590x410.jpg",590,410,true]},"author_info":{"info":["Redactor"]},"category_info":"<a href=\"https:\/\/pornuestrolaredo.com\/?cat=34\" rel=\"category\">Far\u00e1ndula<\/a>","tag_info":"Far\u00e1ndula","comment_count":"0","jetpack_featured_media_url":"https:\/\/pornuestrolaredo.com\/wp-content\/uploads\/2024\/10\/107FM-20241010-7.jpg","jetpack_sharing_enabled":true,"_links":{"self":[{"href":"https:\/\/pornuestrolaredo.com\/index.php?rest_route=\/wp\/v2\/posts\/5335","targetHints":{"allow":["GET"]}}],"collection":[{"href":"https:\/\/pornuestrolaredo.com\/index.php?rest_route=\/wp\/v2\/posts"}],"about":[{"href":"https:\/\/pornuestrolaredo.com\/index.php?rest_route=\/wp\/v2\/types\/post"}],"author":[{"embeddable":true,"href":"https:\/\/pornuestrolaredo.com\/index.php?rest_route=\/wp\/v2\/users\/1"}],"replies":[{"embeddable":true,"href":"https:\/\/pornuestrolaredo.com\/index.php?rest_route=%2Fwp%2Fv2%2Fcomments&post=5335"}],"version-history":[{"count":1,"href":"https:\/\/pornuestrolaredo.com\/index.php?rest_route=\/wp\/v2\/posts\/5335\/revisions"}],"predecessor-version":[{"id":5337,"href":"https:\/\/pornuestrolaredo.com\/index.php?rest_route=\/wp\/v2\/posts\/5335\/revisions\/5337"}],"wp:featuredmedia":[{"embeddable":true,"href":"https:\/\/pornuestrolaredo.com\/index.php?rest_route=\/wp\/v2\/media\/5336"}],"wp:attachment":[{"href":"https:\/\/pornuestrolaredo.com\/index.php?rest_route=%2Fwp%2Fv2%2Fmedia&parent=5335"}],"wp:term":[{"taxonomy":"category","embeddable":true,"href":"https:\/\/pornuestrolaredo.com\/index.php?rest_route=%2Fwp%2Fv2%2Fcategories&post=5335"},{"taxonomy":"post_tag","embeddable":true,"href":"https:\/\/pornuestrolaredo.com\/index.php?rest_route=%2Fwp%2Fv2%2Ftags&post=5335"}],"curies":[{"name":"wp","href":"https:\/\/api.w.org\/{rel}","templated":true}]}}