{"id":5338,"date":"2024-10-11T18:11:32","date_gmt":"2024-10-11T18:11:32","guid":{"rendered":"https:\/\/pornuestrolaredo.com\/?p=5338"},"modified":"2024-10-11T18:11:32","modified_gmt":"2024-10-11T18:11:32","slug":"pensionados-en-eu-recibiran-un-cheque-mas-gordito","status":"publish","type":"post","link":"https:\/\/pornuestrolaredo.com\/?p=5338","title":{"rendered":"Pensionados en EU recibir\u00e1n un cheque m\u00e1s \u2018gordito\u2019"},"content":{"rendered":"<p><strong>WASHINGTON.-<\/strong> Millones de beneficiarios de la Seguridad Social recibir\u00e1n un aumento del 2.5% por el costo de la vida en sus cheques mensuales a partir de enero, anunci\u00f3 el jueves la Administraci\u00f3n de la Seguridad Social.<\/p>\n<p>El ajuste por costo de la vida para los jubilados se traduce en un aumento medio de m\u00e1s de 50 d\u00f3lares al mes para los jubilados, dijeron funcionarios de la agencia.<\/p>\n<p>Unos 72.5 millones de personas, entre jubilados, discapacitados y ni\u00f1os, reciben prestaciones de la Seguridad Social.<\/p>\n<p>Pero incluso antes del anuncio, los jubilados expresaron su preocupaci\u00f3n por que el aumento no fuera suficiente para contrarrestar el aumento de los costes.<\/p>\n<p>Sherri Myers, una jubilada de 82 a\u00f1os de la ciudad de Pensacola (Florida), espera ahora conseguir un trabajo por horas en Walmart para poder llegar a fin de mes.<\/p>\n<blockquote><p>Me gustar\u00eda comer bien, pero no puedo. Cuando estoy en el supermercado, paso de largo de las verduras porque son demasiado caras. Tengo que ser muy selectiva con lo que como, incluso McDonald\u2019s es caro\u201d, dijo.<\/p><\/blockquote>\n<p>Los beneficiarios recibir\u00e1n un aumento del 3.2% en sus prestaciones en 2024, tras un aumento hist\u00f3rico del 8.7% en 2023, debido a una inflaci\u00f3n r\u00e9cord de 40 a\u00f1os.El menor aumento para 2025 refleja la moderaci\u00f3n de la inflaci\u00f3n.<\/p>\n<p>El Comisionado de la Seguridad Social, Martin O\u2019Malley, declar\u00f3 a The Associated Press que el pr\u00f3ximo aumento supondr\u00e1 un alivio para los beneficiarios, ya que la inflaci\u00f3n se ha enfriado y la agencia atiende a un n\u00famero r\u00e9cord de jubilados, mientras que la financiaci\u00f3n se encuentra en m\u00ednimos hist\u00f3ricos.<\/p>\n<p>Su mensaje a quienes consideran que el ajuste no es suficiente: \u00abNo se equivocan\u00bb.<\/p>\n<blockquote><p>He o\u00eddo las historias y es una lucha para los mayores\u201d, dijo, a\u00f1adiendo que \u201cen sus a\u00f1os de vejez, tienen que gastar su dinero en una serie diferente de costes y gastos, incluyendo los medicamentos recetados\u201d.<\/p>\n<p>Se\u00f1al\u00f3 que las pol\u00edticas avanzadas por el gobierno Biden-Harris deber\u00edan dar lugar a que muchas personas vean reducidos los costes de los medicamentos recetados.<\/p>\n","protected":false},"excerpt":{"rendered":"<p>El aumento para beneficiarios de la Seguridad Social es de 2.5%, debido a la inflaci\u00f3n<\/p>\n","protected":false},"author":1,"featured_media":5339,"comment_status":"closed","ping_status":"closed","sticky":false,"template":"","format":"standard","meta":{"_crdt_document":"","_jetpack_memberships_contains_paid_content":false,"footnotes":"","jetpack_publicize_message":"","jetpack_publicize_feature_enabled":true,"jetpack_social_post_already_shared":true,"jetpack_social_options":{"image_generator_settings":{"template":"highway","default_image_id":0,"font":"","enabled":false},"version":2},"_wpas_customize_per_network":false},"categories":[9],"tags":[],"class_list":["post-5338","post","type-post","status-publish","format-standard","has-post-thumbnail","hentry","category-el-mundo"],"magazineBlocksPostFeaturedMedia":{"thumbnail":"https:\/\/pornuestrolaredo.com\/wp-content\/uploads\/2024\/10\/Stereo91-20241011-1-150x150.jpg","medium":"https:\/\/pornuestrolaredo.com\/wp-content\/uploads\/2024\/10\/Stereo91-20241011-1-300x182.jpg","medium_large":"https:\/\/pornuestrolaredo.com\/wp-content\/uploads\/2024\/10\/Stereo91-20241011-1-768x466.jpg","large":"https:\/\/pornuestrolaredo.com\/wp-content\/uploads\/2024\/10\/Stereo91-20241011-1.jpg","1536x1536":"https:\/\/pornuestrolaredo.com\/wp-content\/uploads\/2024\/10\/Stereo91-20241011-1.jpg","2048x2048":"https:\/\/pornuestrolaredo.com\/wp-content\/uploads\/2024\/10\/Stereo91-20241011-1.jpg","morenews-large":"https:\/\/pornuestrolaredo.com\/wp-content\/uploads\/2024\/10\/Stereo91-20241011-1-825x516.jpg","morenews-medium":"https:\/\/pornuestrolaredo.com\/wp-content\/uploads\/2024\/10\/Stereo91-20241011-1-590x410.jpg"},"magazineBlocksPostAuthor":{"name":"Redactor","avatar":"https:\/\/pornuestrolaredo.com\/wp-content\/litespeed\/avatar\/dca1d7ec750c399f025f23b0b314f4cf.jpg?ver=1777612120"},"magazineBlocksPostCommentsNumber":false,"magazineBlocksPostExcerpt":"El aumento para beneficiarios de la Seguridad Social es de 2.5%, debido a la inflaci\u00f3n","magazineBlocksPostCategories":["El Mundo"],"magazineBlocksPostViewCount":117,"magazineBlocksPostReadTime":2,"magazine_blocks_featured_image_url":{"full":["https:\/\/pornuestrolaredo.com\/wp-content\/uploads\/2024\/10\/Stereo91-20241011-1.jpg",850,516,false],"medium":["https:\/\/pornuestrolaredo.com\/wp-content\/uploads\/2024\/10\/Stereo91-20241011-1-300x182.jpg",300,182,true],"thumbnail":["https:\/\/pornuestrolaredo.com\/wp-content\/uploads\/2024\/10\/Stereo91-20241011-1-150x150.jpg",150,150,true]},"magazine_blocks_author":{"display_name":"Redactor","author_link":"https:\/\/pornuestrolaredo.com\/?author=1"},"magazine_blocks_comment":0,"magazine_blocks_author_image":"https:\/\/pornuestrolaredo.com\/wp-content\/litespeed\/avatar\/dca1d7ec750c399f025f23b0b314f4cf.jpg?ver=1777612120","magazine_blocks_category":"<a href=\"#\" class=\"category-link category-link-9\">El Mundo<\/a>","jetpack_publicize_connections":[],"featured_image_urls":{"full":["https:\/\/pornuestrolaredo.com\/wp-content\/uploads\/2024\/10\/Stereo91-20241011-1.jpg",850,516,false],"thumbnail":["https:\/\/pornuestrolaredo.com\/wp-content\/uploads\/2024\/10\/Stereo91-20241011-1-150x150.jpg",150,150,true],"medium":["https:\/\/pornuestrolaredo.com\/wp-content\/uploads\/2024\/10\/Stereo91-20241011-1-300x182.jpg",300,182,true],"medium_large":["https:\/\/pornuestrolaredo.com\/wp-content\/uploads\/2024\/10\/Stereo91-20241011-1-768x466.jpg",640,388,true],"large":["https:\/\/pornuestrolaredo.com\/wp-content\/uploads\/2024\/10\/Stereo91-20241011-1.jpg",640,389,false],"1536x1536":["https:\/\/pornuestrolaredo.com\/wp-content\/uploads\/2024\/10\/Stereo91-20241011-1.jpg",850,516,false],"2048x2048":["https:\/\/pornuestrolaredo.com\/wp-content\/uploads\/2024\/10\/Stereo91-20241011-1.jpg",850,516,false],"morenews-large":["https:\/\/pornuestrolaredo.com\/wp-content\/uploads\/2024\/10\/Stereo91-20241011-1-825x516.jpg",825,516,true],"morenews-medium":["https:\/\/pornuestrolaredo.com\/wp-content\/uploads\/2024\/10\/Stereo91-20241011-1-590x410.jpg",590,410,true]},"author_info":{"info":["Redactor"]},"category_info":"<a href=\"https:\/\/pornuestrolaredo.com\/?cat=9\" rel=\"category\">El Mundo<\/a>","tag_info":"El Mundo","comment_count":"0","jetpack_featured_media_url":"https:\/\/pornuestrolaredo.com\/wp-content\/uploads\/2024\/10\/Stereo91-20241011-1.jpg","jetpack_sharing_enabled":true,"_links":{"self":[{"href":"https:\/\/pornuestrolaredo.com\/index.php?rest_route=\/wp\/v2\/posts\/5338","targetHints":{"allow":["GET"]}}],"collection":[{"href":"https:\/\/pornuestrolaredo.com\/index.php?rest_route=\/wp\/v2\/posts"}],"about":[{"href":"https:\/\/pornuestrolaredo.com\/index.php?rest_route=\/wp\/v2\/types\/post"}],"author":[{"embeddable":true,"href":"https:\/\/pornuestrolaredo.com\/index.php?rest_route=\/wp\/v2\/users\/1"}],"replies":[{"embeddable":true,"href":"https:\/\/pornuestrolaredo.com\/index.php?rest_route=%2Fwp%2Fv2%2Fcomments&post=5338"}],"version-history":[{"count":1,"href":"https:\/\/pornuestrolaredo.com\/index.php?rest_route=\/wp\/v2\/posts\/5338\/revisions"}],"predecessor-version":[{"id":5340,"href":"https:\/\/pornuestrolaredo.com\/index.php?rest_route=\/wp\/v2\/posts\/5338\/revisions\/5340"}],"wp:featuredmedia":[{"embeddable":true,"href":"https:\/\/pornuestrolaredo.com\/index.php?rest_route=\/wp\/v2\/media\/5339"}],"wp:attachment":[{"href":"https:\/\/pornuestrolaredo.com\/index.php?rest_route=%2Fwp%2Fv2%2Fmedia&parent=5338"}],"wp:term":[{"taxonomy":"category","embeddable":true,"href":"https:\/\/pornuestrolaredo.com\/index.php?rest_route=%2Fwp%2Fv2%2Fcategories&post=5338"},{"taxonomy":"post_tag","embeddable":true,"href":"https:\/\/pornuestrolaredo.com\/index.php?rest_route=%2Fwp%2Fv2%2Ftags&post=5338"}],"curies":[{"name":"wp","href":"https:\/\/api.w.org\/{rel}","templated":true}]}}