{"id":5341,"date":"2024-10-11T18:20:11","date_gmt":"2024-10-11T18:20:11","guid":{"rendered":"https:\/\/pornuestrolaredo.com\/?p=5341"},"modified":"2024-10-11T18:20:11","modified_gmt":"2024-10-11T18:20:11","slug":"presenta-tesla-su-robotaxi-pero-habra-aun-que-esperar","status":"publish","type":"post","link":"https:\/\/pornuestrolaredo.com\/?p=5341","title":{"rendered":"Presenta Tesla su robotaxi\u2026 pero habr\u00e1 a\u00fan que esperar"},"content":{"rendered":"<p><strong><em>LOS \u00c1NGELES.-<\/em><\/strong> Tesla present\u00f3 su esperado robotaxi en un estudio de Hollywood el jueves por la noche, aunque los fan\u00e1ticos del fabricante de veh\u00edculos el\u00e9ctricos tendr\u00e1n que esperar hasta por lo menos 2026 para que est\u00e9n disponibles.<\/p>\n<p>Elon Musk, el director general de la compa\u00f1\u00eda, subi\u00f3 al escenario de los estudios Warner Bros. en uno de los \u201cCybercabs\u201d de la empresa y explic\u00f3 a los asistentes que estos elegantes veh\u00edculos impulsados por inteligencia artificial no tienen volante ni pedales. Tambi\u00e9n expres\u00f3 su confianza en los avances de la empresa en la tecnolog\u00eda de conducci\u00f3n aut\u00f3noma, que permite a los veh\u00edculos circular sin intervenci\u00f3n humana.<\/p>\n<p>Tesla empez\u00f3 a vender el software, denominado \u201cFull Self-Driving\u201d, hace nueve a\u00f1os. Pero hay dudas sobre su fiabilidad.<\/p>\n<blockquote><p>Pasaremos de la conducci\u00f3n completamente aut\u00f3noma supervisada a la no supervisada, en la que puedes quedarte dormido y despertarte en tu destino\u201d, se\u00f1al\u00f3. \u201cVa a ser un futuro glorioso\u201d.<\/p><\/blockquote>\n<p>Tesla espera que los Cybercabs cuesten menos de 30.000 d\u00f3lares, seg\u00fan Musk. Estim\u00f3 que los veh\u00edculos estar\u00e1n disponibles en 2026, y luego a\u00f1adi\u00f3 \u201cantes de 2027\u201d.<\/p>\n<p>La compa\u00f1\u00eda tambi\u00e9n espera que la tecnolog\u00eda Full Self-Driving est\u00e9 disponible en sus populares veh\u00edculos Model 3 y Model Y en Texas y California el pr\u00f3ximo a\u00f1o.<\/p>\n<blockquote><p>Si finalmente van a llegar a los robotaxis, primero necesitan tener \u00e9xito con la conducci\u00f3n aut\u00f3noma no supervisada en la l\u00ednea actual\u201d, resalt\u00f3 Seth Goldstein, estratega de renta variable de Morningstar Research. \u201cEl evento de esta noche demostr\u00f3 que est\u00e1n listos para dar ese paso adelante\u201d.<\/p><\/blockquote>\n<p>Sin embargo, la poca claridad sobre cu\u00e1ndo Tesla realmente dar\u00e1 ese paso ha causado ansiedad a los inversores, que ven el despliegue de tecnolog\u00eda similar de otros fabricantes de autom\u00f3viles en este momento. Las acciones de Tesla Inc. cayeron 9% en la campana de apertura del viernes.<\/p>\n<p>Waymo, la unidad de veh\u00edculos aut\u00f3nomos de Alphabet Inc, est\u00e1 transportando pasajeros en veh\u00edculos sin conductores humanos de seguridad en Phoenix y otras \u00e1reas. La unidad de autoconducci\u00f3n Cruise de General Motors hab\u00eda estado conduciendo robotaxis en San Francisco hasta que el a\u00f1o pasado se produjo un accidente en que se vio implicado uno de sus veh\u00edculos.<\/p>\n<p>Aurora Innovation tambi\u00e9n ha anunciado que empezar\u00e1 a transportar mercanc\u00edas en semirremolques totalmente aut\u00f3nomos por las autopistas de Texas a finales de a\u00f1o. Otra empresa de semirremolques aut\u00f3nomos, Gatik, tiene previsto transportar mercanc\u00edas de forma aut\u00f3noma a finales de 2025.<\/p>\n","protected":false},"excerpt":{"rendered":"<p>Elon Musk, el director general de la compa\u00f1\u00eda explic\u00f3 a que estos veh\u00edculos impulsados por inteligencia artificial no tienen volante ni pedales<\/p>\n","protected":false},"author":1,"featured_media":5342,"comment_status":"closed","ping_status":"closed","sticky":false,"template":"","format":"standard","meta":{"_crdt_document":"","_jetpack_memberships_contains_paid_content":false,"footnotes":"","jetpack_publicize_message":"","jetpack_publicize_feature_enabled":true,"jetpack_social_post_already_shared":true,"jetpack_social_options":{"image_generator_settings":{"template":"highway","default_image_id":0,"font":"","enabled":false},"version":2},"_wpas_customize_per_network":false},"categories":[9],"tags":[],"class_list":["post-5341","post","type-post","status-publish","format-standard","has-post-thumbnail","hentry","category-el-mundo"],"magazineBlocksPostFeaturedMedia":{"thumbnail":"https:\/\/pornuestrolaredo.com\/wp-content\/uploads\/2024\/10\/107FM-20241011-2-150x150.jpg","medium":"https:\/\/pornuestrolaredo.com\/wp-content\/uploads\/2024\/10\/107FM-20241011-2-300x169.jpg","medium_large":"https:\/\/pornuestrolaredo.com\/wp-content\/uploads\/2024\/10\/107FM-20241011-2-768x432.jpg","large":"https:\/\/pornuestrolaredo.com\/wp-content\/uploads\/2024\/10\/107FM-20241011-2-1000x562.jpg","1536x1536":"https:\/\/pornuestrolaredo.com\/wp-content\/uploads\/2024\/10\/107FM-20241011-2.jpg","2048x2048":"https:\/\/pornuestrolaredo.com\/wp-content\/uploads\/2024\/10\/107FM-20241011-2.jpg","morenews-large":"https:\/\/pornuestrolaredo.com\/wp-content\/uploads\/2024\/10\/107FM-20241011-2-825x575.jpg","morenews-medium":"https:\/\/pornuestrolaredo.com\/wp-content\/uploads\/2024\/10\/107FM-20241011-2-590x410.jpg"},"magazineBlocksPostAuthor":{"name":"Redactor","avatar":"https:\/\/pornuestrolaredo.com\/wp-content\/litespeed\/avatar\/dca1d7ec750c399f025f23b0b314f4cf.jpg?ver=1777612120"},"magazineBlocksPostCommentsNumber":false,"magazineBlocksPostExcerpt":"Elon Musk, el director general de la compa\u00f1\u00eda explic\u00f3 a que estos veh\u00edculos impulsados por inteligencia artificial no tienen volante ni pedales","magazineBlocksPostCategories":["El Mundo"],"magazineBlocksPostViewCount":121,"magazineBlocksPostReadTime":3,"magazine_blocks_featured_image_url":{"full":["https:\/\/pornuestrolaredo.com\/wp-content\/uploads\/2024\/10\/107FM-20241011-2.jpg",1316,740,false],"medium":["https:\/\/pornuestrolaredo.com\/wp-content\/uploads\/2024\/10\/107FM-20241011-2-300x169.jpg",300,169,true],"thumbnail":["https:\/\/pornuestrolaredo.com\/wp-content\/uploads\/2024\/10\/107FM-20241011-2-150x150.jpg",150,150,true]},"magazine_blocks_author":{"display_name":"Redactor","author_link":"https:\/\/pornuestrolaredo.com\/?author=1"},"magazine_blocks_comment":0,"magazine_blocks_author_image":"https:\/\/pornuestrolaredo.com\/wp-content\/litespeed\/avatar\/dca1d7ec750c399f025f23b0b314f4cf.jpg?ver=1777612120","magazine_blocks_category":"<a href=\"#\" class=\"category-link category-link-9\">El Mundo<\/a>","jetpack_publicize_connections":[],"featured_image_urls":{"full":["https:\/\/pornuestrolaredo.com\/wp-content\/uploads\/2024\/10\/107FM-20241011-2.jpg",1316,740,false],"thumbnail":["https:\/\/pornuestrolaredo.com\/wp-content\/uploads\/2024\/10\/107FM-20241011-2-150x150.jpg",150,150,true],"medium":["https:\/\/pornuestrolaredo.com\/wp-content\/uploads\/2024\/10\/107FM-20241011-2-300x169.jpg",300,169,true],"medium_large":["https:\/\/pornuestrolaredo.com\/wp-content\/uploads\/2024\/10\/107FM-20241011-2-768x432.jpg",640,360,true],"large":["https:\/\/pornuestrolaredo.com\/wp-content\/uploads\/2024\/10\/107FM-20241011-2-1000x562.jpg",640,360,true],"1536x1536":["https:\/\/pornuestrolaredo.com\/wp-content\/uploads\/2024\/10\/107FM-20241011-2.jpg",1316,740,false],"2048x2048":["https:\/\/pornuestrolaredo.com\/wp-content\/uploads\/2024\/10\/107FM-20241011-2.jpg",1316,740,false],"morenews-large":["https:\/\/pornuestrolaredo.com\/wp-content\/uploads\/2024\/10\/107FM-20241011-2-825x575.jpg",825,575,true],"morenews-medium":["https:\/\/pornuestrolaredo.com\/wp-content\/uploads\/2024\/10\/107FM-20241011-2-590x410.jpg",590,410,true]},"author_info":{"info":["Redactor"]},"category_info":"<a href=\"https:\/\/pornuestrolaredo.com\/?cat=9\" rel=\"category\">El Mundo<\/a>","tag_info":"El Mundo","comment_count":"0","jetpack_featured_media_url":"https:\/\/pornuestrolaredo.com\/wp-content\/uploads\/2024\/10\/107FM-20241011-2.jpg","jetpack_sharing_enabled":true,"_links":{"self":[{"href":"https:\/\/pornuestrolaredo.com\/index.php?rest_route=\/wp\/v2\/posts\/5341","targetHints":{"allow":["GET"]}}],"collection":[{"href":"https:\/\/pornuestrolaredo.com\/index.php?rest_route=\/wp\/v2\/posts"}],"about":[{"href":"https:\/\/pornuestrolaredo.com\/index.php?rest_route=\/wp\/v2\/types\/post"}],"author":[{"embeddable":true,"href":"https:\/\/pornuestrolaredo.com\/index.php?rest_route=\/wp\/v2\/users\/1"}],"replies":[{"embeddable":true,"href":"https:\/\/pornuestrolaredo.com\/index.php?rest_route=%2Fwp%2Fv2%2Fcomments&post=5341"}],"version-history":[{"count":1,"href":"https:\/\/pornuestrolaredo.com\/index.php?rest_route=\/wp\/v2\/posts\/5341\/revisions"}],"predecessor-version":[{"id":5343,"href":"https:\/\/pornuestrolaredo.com\/index.php?rest_route=\/wp\/v2\/posts\/5341\/revisions\/5343"}],"wp:featuredmedia":[{"embeddable":true,"href":"https:\/\/pornuestrolaredo.com\/index.php?rest_route=\/wp\/v2\/media\/5342"}],"wp:attachment":[{"href":"https:\/\/pornuestrolaredo.com\/index.php?rest_route=%2Fwp%2Fv2%2Fmedia&parent=5341"}],"wp:term":[{"taxonomy":"category","embeddable":true,"href":"https:\/\/pornuestrolaredo.com\/index.php?rest_route=%2Fwp%2Fv2%2Fcategories&post=5341"},{"taxonomy":"post_tag","embeddable":true,"href":"https:\/\/pornuestrolaredo.com\/index.php?rest_route=%2Fwp%2Fv2%2Ftags&post=5341"}],"curies":[{"name":"wp","href":"https:\/\/api.w.org\/{rel}","templated":true}]}}