{"id":5357,"date":"2024-10-14T19:41:41","date_gmt":"2024-10-14T19:41:41","guid":{"rendered":"https:\/\/pornuestrolaredo.com\/?p=5357"},"modified":"2024-10-14T19:41:41","modified_gmt":"2024-10-14T19:41:41","slug":"investigaran-si-luna-europa-podria-tener-vida","status":"publish","type":"post","link":"https:\/\/pornuestrolaredo.com\/?p=5357","title":{"rendered":"Investigar\u00e1n si luna Europa podr\u00eda tener vida"},"content":{"rendered":"<p><strong><em>HOUSTON.- <\/em><\/strong>Una nave espacial de la NASA despeg\u00f3 este lunes en una misi\u00f3n para explorar la tentadora luna Europa de J\u00fapiter y revelar si su vasto oc\u00e9ano oculto podr\u00eda contener las claves para la vida.<\/p>\n<p>Europa Clipper tardar\u00e1 cinco a\u00f1os y medio en llegar a J\u00fapiter, donde se deslizar\u00e1 hasta la \u00f3rbita del planeta gaseoso gigante y se acercar\u00e1 a Europa durante docenas de sobrevuelos empapados de radiaci\u00f3n.<\/p>\n<p>Los cient\u00edficos est\u00e1n casi seguros de que existe un oc\u00e9ano profundo y global debajo de la corteza helada de Europa. Y donde hay agua, podr\u00eda haber vida, lo que convierte a la luna en uno de los lugares m\u00e1s prometedores para buscarla.<\/p>\n<p>Europa Clipper no buscar\u00e1 vida, ya que no tiene detectores de vida. En cambio, la nave espacial se centrar\u00e1 en los ingredientes necesarios para mantener la vida, buscando compuestos org\u00e1nicos y otras pistas mientras escudri\u00f1a el hielo en busca de condiciones adecuadas.<\/p>\n<blockquote><p>Los mundos oce\u00e1nicos como Europa no s\u00f3lo son \u00fanicos porque podr\u00edan ser habitables, sino que podr\u00edan ser habitables hoy en d\u00eda&#8221;, dijo Gina DiBraccio de la NASA en v\u00edsperas del lanzamiento.<\/p><\/blockquote>\n<p>SpaceX inici\u00f3 el viaje de Clipper de 3 mil millones de kil\u00f3metros, lanzando la nave espacial en un cohete Falcon Heavy desde el Centro Espacial Kennedy de Florida.<\/p>\n<p>La misi\u00f3n de 5 mil 200 millones de d\u00f3lares casi se vio frustrada por los transistores.<\/p>\n<p>La NASA no se enter\u00f3 hasta la primavera de que los transistores de Clipper podr\u00edan ser m\u00e1s vulnerables al intenso campo de radiaci\u00f3n de J\u00fapiter de lo previsto. Clipper soportar\u00e1 el equivalente a varios millones de radiograf\u00edas de t\u00f3rax durante cada uno de los 49 sobrevuelos de Europa. La agencia espacial pas\u00f3 meses revisando todo antes de concluir en septiembre que la misi\u00f3n podr\u00eda seguir adelante seg\u00fan lo planeado.<\/p>\n<p>El hurac\u00e1n &#8220;Milton&#8221; aument\u00f3 la ansiedad, retrasando el lanzamiento varios d\u00edas.<\/p>\n<p>Del tama\u00f1o de una cancha de baloncesto con sus alas solares desplegadas, Clipper pasar\u00e1 por Marte y luego por la Tierra en su camino hacia J\u00fapiter para recibir asistencia gravitacional. La sonda de casi 5 mil 700 kilogramos deber\u00eda llegar al planeta m\u00e1s grande del sistema solar en 2030.<\/p>\n<p>Clipper orbitar\u00e1 J\u00fapiter cada 21 d\u00edas. Uno de esos d\u00edas se acercar\u00e1 a Europa, una de las 95 lunas conocidas de J\u00fapiter y de tama\u00f1o similar al nuestro.<\/p>\n<p>La sonda pasar\u00e1 a 25 kil\u00f3metros de Europa, mucho m\u00e1s cerca que los pocos visitantes anteriores. El radar a bordo intentar\u00e1 penetrar la capa de hielo de la luna, que se cree tiene un espesor de entre 15 y 24 kil\u00f3metros. El oc\u00e9ano debajo podr\u00eda tener una profundidad de 120 kil\u00f3metros o m\u00e1s.<\/p>\n<p>La nave espacial lleva nueve instrumentos, y sus componentes electr\u00f3nicos sensibles est\u00e1n almacenados en una b\u00f3veda con densas paredes de zinc y aluminio para protegerlos de la radiaci\u00f3n. La exploraci\u00f3n durar\u00e1 hasta 2034.<\/p>\n<p>Seg\u00fan los cient\u00edficos, si se descubren condiciones favorables para la vida en Europa, se abre la posibilidad de que haya vida en otros mundos oce\u00e1nicos de nuestro sistema solar y m\u00e1s all\u00e1. Con un oc\u00e9ano subterr\u00e1neo y g\u00e9iseres, la luna Enc\u00e9lado de Saturno es otro candidato destacado.<\/p>\n","protected":false},"excerpt":{"rendered":"<p>Despega nave espacial que tardar\u00e1 cinco a\u00f1os y medio en llegar a la \u00f3rbita de J\u00fapiter<\/p>\n","protected":false},"author":1,"featured_media":5358,"comment_status":"closed","ping_status":"closed","sticky":false,"template":"","format":"standard","meta":{"_crdt_document":"","_jetpack_memberships_contains_paid_content":false,"footnotes":"","jetpack_publicize_message":"","jetpack_publicize_feature_enabled":true,"jetpack_social_post_already_shared":true,"jetpack_social_options":{"image_generator_settings":{"template":"highway","default_image_id":0,"font":"","enabled":false},"version":2},"_wpas_customize_per_network":false},"categories":[9],"tags":[],"class_list":["post-5357","post","type-post","status-publish","format-standard","has-post-thumbnail","hentry","category-el-mundo"],"magazineBlocksPostFeaturedMedia":{"thumbnail":"https:\/\/pornuestrolaredo.com\/wp-content\/uploads\/2024\/10\/Stereo91-20241014-2-150x150.jpg","medium":"https:\/\/pornuestrolaredo.com\/wp-content\/uploads\/2024\/10\/Stereo91-20241014-2-300x187.jpg","medium_large":"https:\/\/pornuestrolaredo.com\/wp-content\/uploads\/2024\/10\/Stereo91-20241014-2-768x478.jpg","large":"https:\/\/pornuestrolaredo.com\/wp-content\/uploads\/2024\/10\/Stereo91-20241014-2.jpg","1536x1536":"https:\/\/pornuestrolaredo.com\/wp-content\/uploads\/2024\/10\/Stereo91-20241014-2.jpg","2048x2048":"https:\/\/pornuestrolaredo.com\/wp-content\/uploads\/2024\/10\/Stereo91-20241014-2.jpg","morenews-large":"https:\/\/pornuestrolaredo.com\/wp-content\/uploads\/2024\/10\/Stereo91-20241014-2-825x529.jpg","morenews-medium":"https:\/\/pornuestrolaredo.com\/wp-content\/uploads\/2024\/10\/Stereo91-20241014-2-590x410.jpg"},"magazineBlocksPostAuthor":{"name":"Redactor","avatar":"https:\/\/pornuestrolaredo.com\/wp-content\/litespeed\/avatar\/dca1d7ec750c399f025f23b0b314f4cf.jpg?ver=1777612120"},"magazineBlocksPostCommentsNumber":false,"magazineBlocksPostExcerpt":"Despega nave espacial que tardar\u00e1 cinco a\u00f1os y medio en llegar a la \u00f3rbita de J\u00fapiter","magazineBlocksPostCategories":["El Mundo"],"magazineBlocksPostViewCount":122,"magazineBlocksPostReadTime":3,"magazine_blocks_featured_image_url":{"full":["https:\/\/pornuestrolaredo.com\/wp-content\/uploads\/2024\/10\/Stereo91-20241014-2.jpg",850,529,false],"medium":["https:\/\/pornuestrolaredo.com\/wp-content\/uploads\/2024\/10\/Stereo91-20241014-2-300x187.jpg",300,187,true],"thumbnail":["https:\/\/pornuestrolaredo.com\/wp-content\/uploads\/2024\/10\/Stereo91-20241014-2-150x150.jpg",150,150,true]},"magazine_blocks_author":{"display_name":"Redactor","author_link":"https:\/\/pornuestrolaredo.com\/?author=1"},"magazine_blocks_comment":0,"magazine_blocks_author_image":"https:\/\/pornuestrolaredo.com\/wp-content\/litespeed\/avatar\/dca1d7ec750c399f025f23b0b314f4cf.jpg?ver=1777612120","magazine_blocks_category":"<a href=\"#\" class=\"category-link category-link-9\">El Mundo<\/a>","jetpack_publicize_connections":[],"featured_image_urls":{"full":["https:\/\/pornuestrolaredo.com\/wp-content\/uploads\/2024\/10\/Stereo91-20241014-2.jpg",850,529,false],"thumbnail":["https:\/\/pornuestrolaredo.com\/wp-content\/uploads\/2024\/10\/Stereo91-20241014-2-150x150.jpg",150,150,true],"medium":["https:\/\/pornuestrolaredo.com\/wp-content\/uploads\/2024\/10\/Stereo91-20241014-2-300x187.jpg",300,187,true],"medium_large":["https:\/\/pornuestrolaredo.com\/wp-content\/uploads\/2024\/10\/Stereo91-20241014-2-768x478.jpg",640,398,true],"large":["https:\/\/pornuestrolaredo.com\/wp-content\/uploads\/2024\/10\/Stereo91-20241014-2.jpg",640,398,false],"1536x1536":["https:\/\/pornuestrolaredo.com\/wp-content\/uploads\/2024\/10\/Stereo91-20241014-2.jpg",850,529,false],"2048x2048":["https:\/\/pornuestrolaredo.com\/wp-content\/uploads\/2024\/10\/Stereo91-20241014-2.jpg",850,529,false],"morenews-large":["https:\/\/pornuestrolaredo.com\/wp-content\/uploads\/2024\/10\/Stereo91-20241014-2-825x529.jpg",825,529,true],"morenews-medium":["https:\/\/pornuestrolaredo.com\/wp-content\/uploads\/2024\/10\/Stereo91-20241014-2-590x410.jpg",590,410,true]},"author_info":{"info":["Redactor"]},"category_info":"<a href=\"https:\/\/pornuestrolaredo.com\/?cat=9\" rel=\"category\">El Mundo<\/a>","tag_info":"El Mundo","comment_count":"0","jetpack_featured_media_url":"https:\/\/pornuestrolaredo.com\/wp-content\/uploads\/2024\/10\/Stereo91-20241014-2.jpg","jetpack_sharing_enabled":true,"_links":{"self":[{"href":"https:\/\/pornuestrolaredo.com\/index.php?rest_route=\/wp\/v2\/posts\/5357","targetHints":{"allow":["GET"]}}],"collection":[{"href":"https:\/\/pornuestrolaredo.com\/index.php?rest_route=\/wp\/v2\/posts"}],"about":[{"href":"https:\/\/pornuestrolaredo.com\/index.php?rest_route=\/wp\/v2\/types\/post"}],"author":[{"embeddable":true,"href":"https:\/\/pornuestrolaredo.com\/index.php?rest_route=\/wp\/v2\/users\/1"}],"replies":[{"embeddable":true,"href":"https:\/\/pornuestrolaredo.com\/index.php?rest_route=%2Fwp%2Fv2%2Fcomments&post=5357"}],"version-history":[{"count":1,"href":"https:\/\/pornuestrolaredo.com\/index.php?rest_route=\/wp\/v2\/posts\/5357\/revisions"}],"predecessor-version":[{"id":5359,"href":"https:\/\/pornuestrolaredo.com\/index.php?rest_route=\/wp\/v2\/posts\/5357\/revisions\/5359"}],"wp:featuredmedia":[{"embeddable":true,"href":"https:\/\/pornuestrolaredo.com\/index.php?rest_route=\/wp\/v2\/media\/5358"}],"wp:attachment":[{"href":"https:\/\/pornuestrolaredo.com\/index.php?rest_route=%2Fwp%2Fv2%2Fmedia&parent=5357"}],"wp:term":[{"taxonomy":"category","embeddable":true,"href":"https:\/\/pornuestrolaredo.com\/index.php?rest_route=%2Fwp%2Fv2%2Fcategories&post=5357"},{"taxonomy":"post_tag","embeddable":true,"href":"https:\/\/pornuestrolaredo.com\/index.php?rest_route=%2Fwp%2Fv2%2Ftags&post=5357"}],"curies":[{"name":"wp","href":"https:\/\/api.w.org\/{rel}","templated":true}]}}