{"id":5372,"date":"2024-10-17T01:19:55","date_gmt":"2024-10-17T01:19:55","guid":{"rendered":"https:\/\/pornuestrolaredo.com\/?p=5372"},"modified":"2024-10-17T01:19:55","modified_gmt":"2024-10-17T01:19:55","slug":"sentencian-a-garcia-luna-a-38-anos-de-carcel","status":"publish","type":"post","link":"https:\/\/pornuestrolaredo.com\/?p=5372","title":{"rendered":"Sentencian a Garc\u00eda Luna a 38 a\u00f1os de c\u00e1rcel"},"content":{"rendered":"<p><strong><em>NUEVA YORK.-<\/em><\/strong> El hombre que alguna vez fue proclamado como el arquitecto de la guerra de M\u00e9xico contra los c\u00e1rteles de las drogas fue sentenciado el mi\u00e9rcoles a m\u00e1s de 38 a\u00f1os de c\u00e1rcel en Estados Unidos por recibir sobornos para ayudar a narcotraficantes.<\/p>\n<p>Genaro Garc\u00eda Luna, exsecretario de Seguridad P\u00fablica de M\u00e9xico, fue declarado culpable por un jurado en Nueva York en 2023 de recibir millones de d\u00f3lares en coimas para proteger al c\u00e1rtel de Sinaloa que supuestamente combat\u00eda.<\/p>\n<p>En su audiencia de sentencia el mi\u00e9rcoles ante un juez federal en Brooklyn, Garc\u00eda Luna sigui\u00f3 insistiendo en que es inocente y que el caso en su contra se basa en informaci\u00f3n falsa proveniente de delincuentes y del gobierno mexicano.<\/p>\n<blockquote><p>Tengo un firme respeto por la ley\u201d, manifest\u00f3 en espa\u00f1ol. \u201cYo no he cometido ninguno de esos delitos\u201d.<\/p><\/blockquote>\n<p>Garc\u00eda Luna, de 56 a\u00f1os, encabez\u00f3 a la Polic\u00eda Federal mexicana antes de estar al frente de una secretar\u00eda a nivel de gabinete, siendo el funcionario de seguridad de m\u00e1s alto rango en el pa\u00eds de 2006 a 2012, en el gobierno del entonces presidente Felipe Calder\u00f3n. En esa \u00e9poca, Estados Unidos elogi\u00f3 a Garc\u00eda Luna, llam\u00e1ndolo aliado suyo en el combate al narcotr\u00e1fico.<\/p>\n<p>Pero los fiscales estadounidenses dijeron que, a cambio de millones de d\u00f3lares, proporcion\u00f3 datos de inteligencia sobre investigaciones contra el c\u00e1rtel, informaci\u00f3n sobre c\u00e1rteles rivales y permiti\u00f3 libre tr\u00e1nsito a enormes cantidades de drogas.<\/p>\n<p>La fiscal\u00eda hab\u00eda pedido una sentencia de cadena perpetua. Los abogados de Garc\u00eda Luna hab\u00edan argumentado que no deber\u00eda recibir m\u00e1s de 20 a\u00f1os tras las rejas.<\/p>\n<p>El juez federal Brian Cogan se\u00f1al\u00f3 que no se sinti\u00f3 conmovido por los reconocimientos que Garc\u00eda Luna hab\u00eda recibido por su trabajo en la guerra contra las drogas.<\/p>\n<blockquote><p>Esa era su tapadera\u201d, le dijo el juez a Garc\u00eda Luna antes de imponer la sentencia. \u201cUsted es culpable de estos delitos, se\u00f1or. No puede presumir estas palabras y decir: \u2018Soy el polic\u00eda del a\u00f1o\u2019\u201d.<\/p><\/blockquote>\n<p>Los fiscales escribieron que las acciones de Garc\u00eda Luna favorecieron actividades de narcotr\u00e1fico que derivaron en cientos de muertes de ciudadanos estadounidenses y mexicanos.<\/p>\n<p>\u201cEs dif\u00edcil exagerar la magnitud de los delitos del acusado, las muertes y las adicciones que facilit\u00f3, y su traici\u00f3n a los pueblos de M\u00e9xico y de Estados Unidos\u201d, escribieron los fiscales. \u201cSus delitos exigen justicia\u201d.<\/p>\n<p>Durante el juicio se mostraron fotograf\u00edas de Garc\u00eda Luna estrechando la mano del expresidente estadounidense Barack Obama, y hablando con la exsecretaria de Estado Hillary Clinton y el exsenador John McCain.<\/p>\n<p>Los fiscales dicen que Garc\u00eda Luna se aseguraba de que a los narcotraficantes se les avisara con anticipaci\u00f3n de redadas en su contra y saboteaba operaciones policiales leg\u00edtimas con las que se pretend\u00eda aprehender a l\u00edderes de c\u00e1rteles.<\/p>\n<p>Los narcotraficantes pudieron enviar m\u00e1s de un mill\u00f3n de kilos (2.2 millones de libras) de coca\u00edna a trav\u00e9s de M\u00e9xico y hacia el interior de Estados Unidos vali\u00e9ndose de aviones, trenes, camiones y submarinos mientras Garc\u00eda Luna ejerci\u00f3 sus cargos en el gobierno, dijeron los fiscales.<\/p>\n<p>Durante el juicio a Joaqu\u00edn \u201cEl Chapo\u201d Guzm\u00e1n \u2014exl\u00edder del c\u00e1rtel de Sinaloa\u2014 en la misma corte en 2018, un exintegrante del c\u00e1rtel testific\u00f3 que \u00e9l personalmente entreg\u00f3 al menos 6 millones de d\u00f3lares en sobornos a Garc\u00eda Luna, y que miembros del c\u00e1rtel acordaron reunir un fondo de hasta 50 millones de d\u00f3lares para pagarle por su protecci\u00f3n.<\/p>\n<p>Los fiscales tambi\u00e9n dijeron que Garc\u00eda Luna tram\u00f3 anular el veredicto del juicio del a\u00f1o pasado al intentar sobornar o convencer por medio de pagos a varios reos del Centro Metropolitano de Detenci\u00f3n en Brooklyn, con el fin de que respaldaran acusaciones falsas de que dos testigos gubernamentales se comunicaron a trav\u00e9s de tel\u00e9fonos celulares antes del juicio.<\/p>\n<p>En su petici\u00f3n de indulgencia, los abogados de Garc\u00eda Luna le escribieron a un juez que el exsecretario de Seguridad P\u00fablica y su familia han sufrido ataques p\u00fablicos durante los casi cinco a\u00f1os que ha estado encarcelado.<\/p>\n<blockquote><p>\u00c9l ha perdido todo por lo que trabaj\u00f3 \u2014su reputaci\u00f3n, todos sus activos, las instituciones que defendi\u00f3, incluso la independencia del poder judicial mexicano\u2014, y se ha visto impotente para controlar nada de ello\u201d, escribieron.<\/p><\/blockquote>\n<blockquote><p>S\u00f3lo en los \u00faltimos dos a\u00f1os ha perdido dos hermanos, se enter\u00f3 que otra qued\u00f3 discapacitada debido a complicaciones por el covid-19 y que le fue impuesta una orden de arresto, y se enter\u00f3 que su hermana m\u00e1s joven fue encarcelada debido a su relaci\u00f3n con \u00e9l\u201d, agregaron.<\/p><\/blockquote>\n<p>En M\u00e9xico, la presidenta Claudia Sheinbaum coment\u00f3 brevemente sobre el caso el martes: \u201cEl gran tema aqu\u00ed, el tema de fondo, es c\u00f3mo alguien, incluso que fue premiado por instancias de Estados Unidos, que el expresidente Calder\u00f3n hablaba maravillas de su secretario de Seguridad, hoy est\u00e1 preso en Estados Unidos porque se demuestra que estaba vinculado con el narcotr\u00e1fico\u201d.<\/p>\n<p>Tras la imposici\u00f3n de la sentencia, Calder\u00f3n dijo en su cuenta en la red social X que respetaba la acci\u00f3n de los tribunales, pero asegur\u00f3 que sab\u00eda nada de las actividades delictivas de su secretario de Seguridad P\u00fablica, y que la lucha contra la violencia \u201cno era responsabilidad de una sola persona, sino de todo un equipo de gobierno\u201d.<\/p>\n<blockquote><p>Nunca tuve evidencia verificable que lo involucrara con actividades il\u00edcitas, ni tampoco recib\u00ed informaci\u00f3n en ese sentido de agencias de inteligencia, mexicanas o extranjeras, que entonces confiaban en \u00e9l e interactuaban con \u00e9l\u201d, asegur\u00f3.<\/p><\/blockquote>\n<p>Dijo tambi\u00e9n que enfrentar a los c\u00e1rteles fue \u201cuna de las decisiones m\u00e1s dif\u00edciles de mi vida, pero lo volver\u00eda a hacer\u201d, y aunque reconoci\u00f3 que su pol\u00edtica \u201ctuvo aciertos y errores\u201d, asegur\u00f3 que, cuando dej\u00f3 el poder, \u201cel crimen organizado retroced\u00eda\u201d.<\/p>\n<blockquote><p>Un presidente s\u00f3lo tiene dos opciones ante el odio y la maldad de los criminales: luchar o abdicar. Yo eleg\u00ed luchar, a pesar de todo, porque era y es lo correcto legal, moral y pol\u00edticamente\u201d, escribi\u00f3. \u201cLa sociedad har\u00e1 su balance\u201d.<\/p><\/blockquote>\n","protected":false},"excerpt":{"rendered":"<p>El exsecretario de Seguridad P\u00fablica de M\u00e9xico fue declarado culpable de recibir millones de d\u00f3lares de narcotraficantes<\/p>\n","protected":false},"author":1,"featured_media":5373,"comment_status":"closed","ping_status":"closed","sticky":false,"template":"","format":"standard","meta":{"_crdt_document":"","_jetpack_memberships_contains_paid_content":false,"footnotes":"","jetpack_publicize_message":"","jetpack_publicize_feature_enabled":true,"jetpack_social_post_already_shared":true,"jetpack_social_options":{"image_generator_settings":{"template":"highway","default_image_id":0,"font":"","enabled":false},"version":2},"_wpas_customize_per_network":false},"categories":[9],"tags":[],"class_list":["post-5372","post","type-post","status-publish","format-standard","has-post-thumbnail","hentry","category-el-mundo"],"magazineBlocksPostFeaturedMedia":{"thumbnail":"https:\/\/pornuestrolaredo.com\/wp-content\/uploads\/2024\/10\/Garcia-Luna-150x150.jpg","medium":"https:\/\/pornuestrolaredo.com\/wp-content\/uploads\/2024\/10\/Garcia-Luna-300x183.jpg","medium_large":"https:\/\/pornuestrolaredo.com\/wp-content\/uploads\/2024\/10\/Garcia-Luna-768x469.jpg","large":"https:\/\/pornuestrolaredo.com\/wp-content\/uploads\/2024\/10\/Garcia-Luna.jpg","1536x1536":"https:\/\/pornuestrolaredo.com\/wp-content\/uploads\/2024\/10\/Garcia-Luna.jpg","2048x2048":"https:\/\/pornuestrolaredo.com\/wp-content\/uploads\/2024\/10\/Garcia-Luna.jpg","morenews-large":"https:\/\/pornuestrolaredo.com\/wp-content\/uploads\/2024\/10\/Garcia-Luna-825x575.jpg","morenews-medium":"https:\/\/pornuestrolaredo.com\/wp-content\/uploads\/2024\/10\/Garcia-Luna-590x410.jpg"},"magazineBlocksPostAuthor":{"name":"Redactor","avatar":"https:\/\/pornuestrolaredo.com\/wp-content\/litespeed\/avatar\/dca1d7ec750c399f025f23b0b314f4cf.jpg?ver=1777612120"},"magazineBlocksPostCommentsNumber":false,"magazineBlocksPostExcerpt":"El exsecretario de Seguridad P\u00fablica de M\u00e9xico fue declarado culpable de recibir millones de d\u00f3lares de narcotraficantes","magazineBlocksPostCategories":["El Mundo"],"magazineBlocksPostViewCount":110,"magazineBlocksPostReadTime":6,"magazine_blocks_featured_image_url":{"full":["https:\/\/pornuestrolaredo.com\/wp-content\/uploads\/2024\/10\/Garcia-Luna.jpg",980,599,false],"medium":["https:\/\/pornuestrolaredo.com\/wp-content\/uploads\/2024\/10\/Garcia-Luna-300x183.jpg",300,183,true],"thumbnail":["https:\/\/pornuestrolaredo.com\/wp-content\/uploads\/2024\/10\/Garcia-Luna-150x150.jpg",150,150,true]},"magazine_blocks_author":{"display_name":"Redactor","author_link":"https:\/\/pornuestrolaredo.com\/?author=1"},"magazine_blocks_comment":0,"magazine_blocks_author_image":"https:\/\/pornuestrolaredo.com\/wp-content\/litespeed\/avatar\/dca1d7ec750c399f025f23b0b314f4cf.jpg?ver=1777612120","magazine_blocks_category":"<a href=\"#\" class=\"category-link category-link-9\">El Mundo<\/a>","jetpack_publicize_connections":[],"featured_image_urls":{"full":["https:\/\/pornuestrolaredo.com\/wp-content\/uploads\/2024\/10\/Garcia-Luna.jpg",980,599,false],"thumbnail":["https:\/\/pornuestrolaredo.com\/wp-content\/uploads\/2024\/10\/Garcia-Luna-150x150.jpg",150,150,true],"medium":["https:\/\/pornuestrolaredo.com\/wp-content\/uploads\/2024\/10\/Garcia-Luna-300x183.jpg",300,183,true],"medium_large":["https:\/\/pornuestrolaredo.com\/wp-content\/uploads\/2024\/10\/Garcia-Luna-768x469.jpg",640,391,true],"large":["https:\/\/pornuestrolaredo.com\/wp-content\/uploads\/2024\/10\/Garcia-Luna.jpg",640,391,false],"1536x1536":["https:\/\/pornuestrolaredo.com\/wp-content\/uploads\/2024\/10\/Garcia-Luna.jpg",980,599,false],"2048x2048":["https:\/\/pornuestrolaredo.com\/wp-content\/uploads\/2024\/10\/Garcia-Luna.jpg",980,599,false],"morenews-large":["https:\/\/pornuestrolaredo.com\/wp-content\/uploads\/2024\/10\/Garcia-Luna-825x575.jpg",825,575,true],"morenews-medium":["https:\/\/pornuestrolaredo.com\/wp-content\/uploads\/2024\/10\/Garcia-Luna-590x410.jpg",590,410,true]},"author_info":{"info":["Redactor"]},"category_info":"<a href=\"https:\/\/pornuestrolaredo.com\/?cat=9\" rel=\"category\">El Mundo<\/a>","tag_info":"El Mundo","comment_count":"0","jetpack_featured_media_url":"https:\/\/pornuestrolaredo.com\/wp-content\/uploads\/2024\/10\/Garcia-Luna.jpg","jetpack_sharing_enabled":true,"_links":{"self":[{"href":"https:\/\/pornuestrolaredo.com\/index.php?rest_route=\/wp\/v2\/posts\/5372","targetHints":{"allow":["GET"]}}],"collection":[{"href":"https:\/\/pornuestrolaredo.com\/index.php?rest_route=\/wp\/v2\/posts"}],"about":[{"href":"https:\/\/pornuestrolaredo.com\/index.php?rest_route=\/wp\/v2\/types\/post"}],"author":[{"embeddable":true,"href":"https:\/\/pornuestrolaredo.com\/index.php?rest_route=\/wp\/v2\/users\/1"}],"replies":[{"embeddable":true,"href":"https:\/\/pornuestrolaredo.com\/index.php?rest_route=%2Fwp%2Fv2%2Fcomments&post=5372"}],"version-history":[{"count":1,"href":"https:\/\/pornuestrolaredo.com\/index.php?rest_route=\/wp\/v2\/posts\/5372\/revisions"}],"predecessor-version":[{"id":5374,"href":"https:\/\/pornuestrolaredo.com\/index.php?rest_route=\/wp\/v2\/posts\/5372\/revisions\/5374"}],"wp:featuredmedia":[{"embeddable":true,"href":"https:\/\/pornuestrolaredo.com\/index.php?rest_route=\/wp\/v2\/media\/5373"}],"wp:attachment":[{"href":"https:\/\/pornuestrolaredo.com\/index.php?rest_route=%2Fwp%2Fv2%2Fmedia&parent=5372"}],"wp:term":[{"taxonomy":"category","embeddable":true,"href":"https:\/\/pornuestrolaredo.com\/index.php?rest_route=%2Fwp%2Fv2%2Fcategories&post=5372"},{"taxonomy":"post_tag","embeddable":true,"href":"https:\/\/pornuestrolaredo.com\/index.php?rest_route=%2Fwp%2Fv2%2Ftags&post=5372"}],"curies":[{"name":"wp","href":"https:\/\/api.w.org\/{rel}","templated":true}]}}