{"id":5375,"date":"2024-10-17T17:03:20","date_gmt":"2024-10-17T17:03:20","guid":{"rendered":"https:\/\/pornuestrolaredo.com\/?p=5375"},"modified":"2024-10-17T17:03:20","modified_gmt":"2024-10-17T17:03:20","slug":"ofrecen-descuentos-en-grandes-adeudos-en-la-oficina-fiscal","status":"publish","type":"post","link":"https:\/\/pornuestrolaredo.com\/?p=5375","title":{"rendered":"Ofrecen descuentos en grandes adeudos en la Oficina Fiscal"},"content":{"rendered":"<p><strong><em>NUEVO LAREDO.-<\/em> <\/strong>\u00bfDebe mucho a la Oficina Fiscal del Estado? \u00bfHace mucho que no paga placas, engomados y refrendos? Si tiene un veh\u00edculo 2009 o m\u00e1s viejito, puede ahorrarse much\u00edsimo dinero con un programa especial que estar\u00e1 vigente todo el 2024.<\/p>\n<p>\u00bfQu\u00e9 tiene de especial este programa? Que, si usted desde hace m\u00e1s de cinco a\u00f1os no le ha sacado placas a su veh\u00edculo, hoy puede hacerlo con s\u00f3lo 3 mil 990 pesos, saldar el 100 por ciento de su deuda y andar totalmente al corriente.<\/p>\n<p>El programa es s\u00f3lo para veh\u00edculos de 2009 y hacia atr\u00e1s y consiste en la eliminaci\u00f3n del 100 por ciento de los recargos y multas. Pr\u00e1cticamente va a pagar placas, engomados y refrendos de un a\u00f1o, quiz\u00e1 un poco m\u00e1s, pero recuerde que la tranquilidad de ser persona cumplida no tiene precio.<\/p>\n<p>Roque Hern\u00e1ndez Reyes, jefe de la Oficina Fiscal del Estado en Nuevo Laredo invit\u00f3 a quienes tienen adeudos a acudir a saldar todo de un golpe con una tarifa especial.<\/p>\n<blockquote><p>Estar\u00e1 vigente todo el 2024\u201d, dijo Hern\u00e1ndez Reyes.<\/p>\n<p>Advirti\u00f3 que este programa no es acumulable con otros descuentos que otorga la Oficina Fiscal. Por ejemplo, en este programa no podr\u00e1 aplicar el 50 por ciento menos que se les da a los adultos mayores.<\/p>\n<p>Hern\u00e1ndez Reyes dijo que para otros tr\u00e1mites s\u00ed se aplica el 50 por ciento que se da a los adultos mayores, como pago de placas, licencias, etc, salvo este programa adeudos de veh\u00edculos 2009 y anteriores y en las bajas del padr\u00f3n vehicular.<\/p>\n","protected":false},"excerpt":{"rendered":"<p>Si debe mucho al Estado de su veh\u00edculo 2009 o m\u00e1s viejito, puede saldar su deuda con un pago mucho menor<\/p>\n","protected":false},"author":1,"featured_media":5376,"comment_status":"closed","ping_status":"closed","sticky":false,"template":"","format":"standard","meta":{"_crdt_document":"","_jetpack_memberships_contains_paid_content":false,"footnotes":"","jetpack_publicize_message":"","jetpack_publicize_feature_enabled":true,"jetpack_social_post_already_shared":true,"jetpack_social_options":{"image_generator_settings":{"template":"highway","default_image_id":0,"font":"","enabled":false},"version":2},"_wpas_customize_per_network":false},"categories":[4],"tags":[],"class_list":["post-5375","post","type-post","status-publish","format-standard","has-post-thumbnail","hentry","category-los-dos-laredos"],"magazineBlocksPostFeaturedMedia":{"thumbnail":"https:\/\/pornuestrolaredo.com\/wp-content\/uploads\/2024\/10\/Stereo91-20241017-2-150x150.jpg","medium":"https:\/\/pornuestrolaredo.com\/wp-content\/uploads\/2024\/10\/Stereo91-20241017-2-300x197.jpg","medium_large":"https:\/\/pornuestrolaredo.com\/wp-content\/uploads\/2024\/10\/Stereo91-20241017-2-768x505.jpg","large":"https:\/\/pornuestrolaredo.com\/wp-content\/uploads\/2024\/10\/Stereo91-20241017-2.jpg","1536x1536":"https:\/\/pornuestrolaredo.com\/wp-content\/uploads\/2024\/10\/Stereo91-20241017-2.jpg","2048x2048":"https:\/\/pornuestrolaredo.com\/wp-content\/uploads\/2024\/10\/Stereo91-20241017-2.jpg","morenews-large":"https:\/\/pornuestrolaredo.com\/wp-content\/uploads\/2024\/10\/Stereo91-20241017-2-825x559.jpg","morenews-medium":"https:\/\/pornuestrolaredo.com\/wp-content\/uploads\/2024\/10\/Stereo91-20241017-2-590x410.jpg"},"magazineBlocksPostAuthor":{"name":"Redactor","avatar":"https:\/\/pornuestrolaredo.com\/wp-content\/litespeed\/avatar\/dca1d7ec750c399f025f23b0b314f4cf.jpg?ver=1777612120"},"magazineBlocksPostCommentsNumber":false,"magazineBlocksPostExcerpt":"Si debe mucho al Estado de su veh\u00edculo 2009 o m\u00e1s viejito, puede saldar su deuda con un pago mucho menor","magazineBlocksPostCategories":["Los dos Laredos"],"magazineBlocksPostViewCount":119,"magazineBlocksPostReadTime":2,"magazine_blocks_featured_image_url":{"full":["https:\/\/pornuestrolaredo.com\/wp-content\/uploads\/2024\/10\/Stereo91-20241017-2.jpg",850,559,false],"medium":["https:\/\/pornuestrolaredo.com\/wp-content\/uploads\/2024\/10\/Stereo91-20241017-2-300x197.jpg",300,197,true],"thumbnail":["https:\/\/pornuestrolaredo.com\/wp-content\/uploads\/2024\/10\/Stereo91-20241017-2-150x150.jpg",150,150,true]},"magazine_blocks_author":{"display_name":"Redactor","author_link":"https:\/\/pornuestrolaredo.com\/?author=1"},"magazine_blocks_comment":0,"magazine_blocks_author_image":"https:\/\/pornuestrolaredo.com\/wp-content\/litespeed\/avatar\/dca1d7ec750c399f025f23b0b314f4cf.jpg?ver=1777612120","magazine_blocks_category":"<a href=\"#\" class=\"category-link category-link-4\">Los dos Laredos<\/a>","jetpack_publicize_connections":[],"featured_image_urls":{"full":["https:\/\/pornuestrolaredo.com\/wp-content\/uploads\/2024\/10\/Stereo91-20241017-2.jpg",850,559,false],"thumbnail":["https:\/\/pornuestrolaredo.com\/wp-content\/uploads\/2024\/10\/Stereo91-20241017-2-150x150.jpg",150,150,true],"medium":["https:\/\/pornuestrolaredo.com\/wp-content\/uploads\/2024\/10\/Stereo91-20241017-2-300x197.jpg",300,197,true],"medium_large":["https:\/\/pornuestrolaredo.com\/wp-content\/uploads\/2024\/10\/Stereo91-20241017-2-768x505.jpg",640,421,true],"large":["https:\/\/pornuestrolaredo.com\/wp-content\/uploads\/2024\/10\/Stereo91-20241017-2.jpg",640,421,false],"1536x1536":["https:\/\/pornuestrolaredo.com\/wp-content\/uploads\/2024\/10\/Stereo91-20241017-2.jpg",850,559,false],"2048x2048":["https:\/\/pornuestrolaredo.com\/wp-content\/uploads\/2024\/10\/Stereo91-20241017-2.jpg",850,559,false],"morenews-large":["https:\/\/pornuestrolaredo.com\/wp-content\/uploads\/2024\/10\/Stereo91-20241017-2-825x559.jpg",825,559,true],"morenews-medium":["https:\/\/pornuestrolaredo.com\/wp-content\/uploads\/2024\/10\/Stereo91-20241017-2-590x410.jpg",590,410,true]},"author_info":{"info":["Redactor"]},"category_info":"<a href=\"https:\/\/pornuestrolaredo.com\/?cat=4\" rel=\"category\">Los dos Laredos<\/a>","tag_info":"Los dos Laredos","comment_count":"0","jetpack_featured_media_url":"https:\/\/pornuestrolaredo.com\/wp-content\/uploads\/2024\/10\/Stereo91-20241017-2.jpg","jetpack_sharing_enabled":true,"_links":{"self":[{"href":"https:\/\/pornuestrolaredo.com\/index.php?rest_route=\/wp\/v2\/posts\/5375","targetHints":{"allow":["GET"]}}],"collection":[{"href":"https:\/\/pornuestrolaredo.com\/index.php?rest_route=\/wp\/v2\/posts"}],"about":[{"href":"https:\/\/pornuestrolaredo.com\/index.php?rest_route=\/wp\/v2\/types\/post"}],"author":[{"embeddable":true,"href":"https:\/\/pornuestrolaredo.com\/index.php?rest_route=\/wp\/v2\/users\/1"}],"replies":[{"embeddable":true,"href":"https:\/\/pornuestrolaredo.com\/index.php?rest_route=%2Fwp%2Fv2%2Fcomments&post=5375"}],"version-history":[{"count":1,"href":"https:\/\/pornuestrolaredo.com\/index.php?rest_route=\/wp\/v2\/posts\/5375\/revisions"}],"predecessor-version":[{"id":5377,"href":"https:\/\/pornuestrolaredo.com\/index.php?rest_route=\/wp\/v2\/posts\/5375\/revisions\/5377"}],"wp:featuredmedia":[{"embeddable":true,"href":"https:\/\/pornuestrolaredo.com\/index.php?rest_route=\/wp\/v2\/media\/5376"}],"wp:attachment":[{"href":"https:\/\/pornuestrolaredo.com\/index.php?rest_route=%2Fwp%2Fv2%2Fmedia&parent=5375"}],"wp:term":[{"taxonomy":"category","embeddable":true,"href":"https:\/\/pornuestrolaredo.com\/index.php?rest_route=%2Fwp%2Fv2%2Fcategories&post=5375"},{"taxonomy":"post_tag","embeddable":true,"href":"https:\/\/pornuestrolaredo.com\/index.php?rest_route=%2Fwp%2Fv2%2Ftags&post=5375"}],"curies":[{"name":"wp","href":"https:\/\/api.w.org\/{rel}","templated":true}]}}