{"id":538,"date":"2022-10-10T01:15:52","date_gmt":"2022-10-10T01:15:52","guid":{"rendered":"https:\/\/pornuestrolaredo.com\/?p=538"},"modified":"2022-10-10T01:15:52","modified_gmt":"2022-10-10T01:15:52","slug":"ofrece-amlo-su-respaldo-a-tamaulipas","status":"publish","type":"post","link":"https:\/\/pornuestrolaredo.com\/?p=538","title":{"rendered":"Ofrece AMLO su respaldo a Tamaulipas"},"content":{"rendered":"\n<p class=\"wp-block-paragraph\"><strong><em>CIUDAD MADERO.- <\/em><\/strong>El presidente Andr\u00e9s Manuel L\u00f3pez Obrador asegur\u00f3 que el pueblo de Tamaulipas es un ejemplo &#8220;porque ustedes hicieron valer la democracia&#8221; y anunci\u00f3 que regresar\u00e1 con todo el gabinete para apoyar a\u00fan m\u00e1s al gobernador Am\u00e9rico Villarreal.<\/p>\n\n\n\n<blockquote class=\"wp-block-quote is-layout-flow wp-block-quote-is-layout-flow\"><p>Una bendici\u00f3n que ganara Am\u00e9rico Villarreal&#8230;tienen un buen gobernador&#8221;, expres\u00f3 el presidente, mientras saludaba a los ciudadanos que entusiastamente se acercaron a su veh\u00edculo, para estrechar su mano y expresarle muestras de afecto.<\/p><\/blockquote>\n\n\n\n<blockquote class=\"wp-block-quote is-layout-flow wp-block-quote-is-layout-flow\"><p>Es un honor estar con Obrador&#8221;, corearon algunos de los presentes, mientras otros le gritaban &#8220;eres un freg\u00f3n&#8221;.<\/p><\/blockquote>\n\n\n\n<p class=\"wp-block-paragraph\">A su salida de la refiner\u00eda, &#8216;Francisco I. Madero&#8217;, en donde encabez\u00f3 una reuni\u00f3n de supervisi\u00f3n a los trabajos de rehabilitaci\u00f3n en el complejo de Petr\u00f3leos Mexicanos, la tarde de este domingo, el presidente reiter\u00f3 que el gobernador Am\u00e9rico Villarreal tiene todo el respaldo del Gobierno Federal.<\/p>\n\n\n\n<p class=\"wp-block-paragraph\">Sobre los trabajos en la refiner\u00eda Madero, L\u00f3pez Obrador indic\u00f3 que &#8220;va avanzando y vamos a invertir m\u00e1s&#8221;, dijo.<\/p>\n\n\n\n<blockquote class=\"wp-block-quote is-layout-flow wp-block-quote-is-layout-flow\"><p>La refiner\u00eda Madero que estaba parada cuando llegamos al gobierno, ahora despu\u00e9s de invertirle 8 mil millones de pesos est\u00e1 procesando 105 mil barriles diarios de petr\u00f3leo&#8221;, escribi\u00f3 el presidente en sus redes sociales, luego de la reuni\u00f3n de trabajo.<\/p><\/blockquote>\n\n\n\n<blockquote class=\"wp-block-quote is-layout-flow wp-block-quote-is-layout-flow\"><p>Me acompa\u00f1\u00f3 el gobernador Am\u00e9rico Villarreal y me compromet\u00ed a regresar con todo el gabinete para apoyar a\u00fan m\u00e1s al pueblo de Tamaulipas&#8221;, agreg\u00f3 en su publicaci\u00f3n.<\/p><\/blockquote>\n\n\n\n<p class=\"wp-block-paragraph\">En la reuni\u00f3n de trabajo en la refiner\u00eda Madero tambi\u00e9n estuvieron presentes la Secretaria de Energ\u00eda, Roc\u00edo Nahle y el Director General de Pemex&nbsp; Octavio Romero Oropeza.<\/p>\n\n\n\n<p class=\"wp-block-paragraph\">El gobernador Am\u00e9rico Villarreal Anaya se dirigi\u00f3 al presidente de M\u00e9xico y asegur\u00f3 que Tamaulipas se sumar\u00e1 con voluntad y trabajo para contribuir a lograr la paz con justicia y un desarrollo equitativo en beneficio de los m\u00e1s pobres.<\/p>\n\n\n\n<p class=\"wp-block-paragraph\">Tras agradecer las repetidas expresiones de respaldo y afecto recibidas de parte del presidente de M\u00e9xico, el gobernador Am\u00e9rico Villarreal dese\u00f3 que esta sea la primera de muchas visitas de L\u00f3pez Obrador a tierras tamaulipecas.<\/p>\n\n\n\n<blockquote class=\"wp-block-quote is-layout-flow wp-block-quote-is-layout-flow\"><p>En esta nueva etapa de colaboraci\u00f3n respetuosa y positiva, le reitero nuestra coincidencia con los principios de la Cuarta Transformaci\u00f3n, as\u00ed como mi compromiso firme de gobernar con honestidad, de hablar invariablemente con la verdad y ser siempre leal a nuestro pueblo&#8221;, expres\u00f3 el gobernador.<\/p><\/blockquote>\n\n\n\n<p class=\"wp-block-paragraph\">El Jefe del Ejecutivo Estatal reiter\u00f3 el compromiso de su gobierno para trabajar en beneficio de los m\u00e1s pobres y para que M\u00e9xico pueda seguir construyendo por la v\u00eda pac\u00edfica, las bases de una naci\u00f3n m\u00e1s democr\u00e1tica, m\u00e1s justa&nbsp; socialmente y con un futuro mejor y promisorio para todas y todos.<\/p>\n","protected":false},"excerpt":{"rendered":"<p>CIUDAD MADERO.- El presidente Andr\u00e9s Manuel L\u00f3pez Obrador asegur\u00f3 que el pueblo de Tamaulipas es un ejemplo &#8220;porque<\/p>\n","protected":false},"author":1,"featured_media":539,"comment_status":"open","ping_status":"open","sticky":false,"template":"","format":"standard","meta":{"_crdt_document":"","_jetpack_memberships_contains_paid_content":false,"footnotes":"","jetpack_publicize_message":"Anuncia que regresar\u00e1 al Estado acompa\u00f1ado de todo su gabinete para apoyar a\u00fan m\u00e1s a los tamaulipecos","jetpack_publicize_feature_enabled":true,"jetpack_social_post_already_shared":true,"jetpack_social_options":{"image_generator_settings":{"template":"highway","default_image_id":0,"font":"","enabled":false},"version":2},"_wpas_customize_per_network":false},"categories":[11],"tags":[],"class_list":["post-538","post","type-post","status-publish","format-standard","has-post-thumbnail","hentry","category-tamaulipas"],"magazineBlocksPostFeaturedMedia":{"thumbnail":"https:\/\/pornuestrolaredo.com\/wp-content\/uploads\/2022\/10\/PNL-20221009-1-150x150.jpg","medium":"https:\/\/pornuestrolaredo.com\/wp-content\/uploads\/2022\/10\/PNL-20221009-1-300x216.jpg","medium_large":"https:\/\/pornuestrolaredo.com\/wp-content\/uploads\/2022\/10\/PNL-20221009-1-768x553.jpg","large":"https:\/\/pornuestrolaredo.com\/wp-content\/uploads\/2022\/10\/PNL-20221009-1.jpg","1536x1536":"https:\/\/pornuestrolaredo.com\/wp-content\/uploads\/2022\/10\/PNL-20221009-1.jpg","2048x2048":"https:\/\/pornuestrolaredo.com\/wp-content\/uploads\/2022\/10\/PNL-20221009-1.jpg","morenews-large":"https:\/\/pornuestrolaredo.com\/wp-content\/uploads\/2022\/10\/PNL-20221009-1.jpg","morenews-medium":"https:\/\/pornuestrolaredo.com\/wp-content\/uploads\/2022\/10\/PNL-20221009-1.jpg"},"magazineBlocksPostAuthor":{"name":"Redactor","avatar":"https:\/\/pornuestrolaredo.com\/wp-content\/litespeed\/avatar\/dca1d7ec750c399f025f23b0b314f4cf.jpg?ver=1777007253"},"magazineBlocksPostCommentsNumber":false,"magazineBlocksPostExcerpt":"CIUDAD MADERO.- El presidente Andr\u00e9s Manuel L\u00f3pez Obrador asegur\u00f3 que el pueblo de Tamaulipas es un ejemplo &#8220;porque","magazineBlocksPostCategories":["Tamaulipas"],"magazineBlocksPostViewCount":115,"magazineBlocksPostReadTime":3,"magazine_blocks_featured_image_url":{"full":["https:\/\/pornuestrolaredo.com\/wp-content\/uploads\/2022\/10\/PNL-20221009-1.jpg",1024,737,false],"medium":["https:\/\/pornuestrolaredo.com\/wp-content\/uploads\/2022\/10\/PNL-20221009-1-300x216.jpg",300,216,true],"thumbnail":["https:\/\/pornuestrolaredo.com\/wp-content\/uploads\/2022\/10\/PNL-20221009-1-150x150.jpg",150,150,true]},"magazine_blocks_author":{"display_name":"Redactor","author_link":"https:\/\/pornuestrolaredo.com\/?author=1"},"magazine_blocks_comment":0,"magazine_blocks_author_image":"https:\/\/pornuestrolaredo.com\/wp-content\/litespeed\/avatar\/dca1d7ec750c399f025f23b0b314f4cf.jpg?ver=1777007253","magazine_blocks_category":"<a href=\"#\" class=\"category-link category-link-11\">Tamaulipas<\/a>","jetpack_publicize_connections":[],"featured_image_urls":{"full":["https:\/\/pornuestrolaredo.com\/wp-content\/uploads\/2022\/10\/PNL-20221009-1.jpg",1024,737,false],"thumbnail":["https:\/\/pornuestrolaredo.com\/wp-content\/uploads\/2022\/10\/PNL-20221009-1-150x150.jpg",150,150,true],"medium":["https:\/\/pornuestrolaredo.com\/wp-content\/uploads\/2022\/10\/PNL-20221009-1-300x216.jpg",300,216,true],"medium_large":["https:\/\/pornuestrolaredo.com\/wp-content\/uploads\/2022\/10\/PNL-20221009-1-768x553.jpg",640,461,true],"large":["https:\/\/pornuestrolaredo.com\/wp-content\/uploads\/2022\/10\/PNL-20221009-1.jpg",640,461,false],"1536x1536":["https:\/\/pornuestrolaredo.com\/wp-content\/uploads\/2022\/10\/PNL-20221009-1.jpg",1024,737,false],"2048x2048":["https:\/\/pornuestrolaredo.com\/wp-content\/uploads\/2022\/10\/PNL-20221009-1.jpg",1024,737,false],"morenews-large":["https:\/\/pornuestrolaredo.com\/wp-content\/uploads\/2022\/10\/PNL-20221009-1.jpg",799,575,false],"morenews-medium":["https:\/\/pornuestrolaredo.com\/wp-content\/uploads\/2022\/10\/PNL-20221009-1.jpg",570,410,false]},"author_info":{"info":["Redactor"]},"category_info":"<a href=\"https:\/\/pornuestrolaredo.com\/?cat=11\" rel=\"category\">Tamaulipas<\/a>","tag_info":"Tamaulipas","comment_count":"0","jetpack_featured_media_url":"https:\/\/pornuestrolaredo.com\/wp-content\/uploads\/2022\/10\/PNL-20221009-1.jpg","jetpack_sharing_enabled":true,"_links":{"self":[{"href":"https:\/\/pornuestrolaredo.com\/index.php?rest_route=\/wp\/v2\/posts\/538","targetHints":{"allow":["GET"]}}],"collection":[{"href":"https:\/\/pornuestrolaredo.com\/index.php?rest_route=\/wp\/v2\/posts"}],"about":[{"href":"https:\/\/pornuestrolaredo.com\/index.php?rest_route=\/wp\/v2\/types\/post"}],"author":[{"embeddable":true,"href":"https:\/\/pornuestrolaredo.com\/index.php?rest_route=\/wp\/v2\/users\/1"}],"replies":[{"embeddable":true,"href":"https:\/\/pornuestrolaredo.com\/index.php?rest_route=%2Fwp%2Fv2%2Fcomments&post=538"}],"version-history":[{"count":1,"href":"https:\/\/pornuestrolaredo.com\/index.php?rest_route=\/wp\/v2\/posts\/538\/revisions"}],"predecessor-version":[{"id":540,"href":"https:\/\/pornuestrolaredo.com\/index.php?rest_route=\/wp\/v2\/posts\/538\/revisions\/540"}],"wp:featuredmedia":[{"embeddable":true,"href":"https:\/\/pornuestrolaredo.com\/index.php?rest_route=\/wp\/v2\/media\/539"}],"wp:attachment":[{"href":"https:\/\/pornuestrolaredo.com\/index.php?rest_route=%2Fwp%2Fv2%2Fmedia&parent=538"}],"wp:term":[{"taxonomy":"category","embeddable":true,"href":"https:\/\/pornuestrolaredo.com\/index.php?rest_route=%2Fwp%2Fv2%2Fcategories&post=538"},{"taxonomy":"post_tag","embeddable":true,"href":"https:\/\/pornuestrolaredo.com\/index.php?rest_route=%2Fwp%2Fv2%2Ftags&post=538"}],"curies":[{"name":"wp","href":"https:\/\/api.w.org\/{rel}","templated":true}]}}