{"id":5391,"date":"2024-10-23T16:20:47","date_gmt":"2024-10-23T16:20:47","guid":{"rendered":"https:\/\/pornuestrolaredo.com\/?p=5391"},"modified":"2024-10-23T16:20:47","modified_gmt":"2024-10-23T16:20:47","slug":"huracan-kristy-aumenta-su-fuerza-a-categoria-2","status":"publish","type":"post","link":"https:\/\/pornuestrolaredo.com\/?p=5391","title":{"rendered":"Hurac\u00e1n Kristy aumenta su fuerza a categor\u00eda 2"},"content":{"rendered":"<p><strong>CIUDAD DE M\u00c9XICO.-<\/strong> Kristy se fortaleci\u00f3 la madrugada de este mi\u00e9rcoles a hurac\u00e1n categor\u00eda 2 y aunque se aleja de las costas de M\u00e9xico, azotar\u00e1n fuertes lluvias a Colima, Jalisco, Nayarit y Baja California.<\/p>\n<p>De acuerdo con la Comisi\u00f3n Nacional del Agua, hurac\u00e1n Kristy seguir\u00e1 aumentando de fuerza, hasta alcanzar la categor\u00eda 4, pero no se prev\u00e9 que toque tierra en ning\u00fan punto del terrtorio mexicano.<\/p>\n<p>Sin embargo, sus bandas nubosas s\u00ed alcanzar\u00e1n varias zonas del Pac\u00edfico Mexicano.<\/p>\n<p>Por ahora, Kristy como un hurac\u00e1n de categor\u00eda 2 presenta vientos m\u00e1ximos sostenidos de 155 kil\u00f3metros por hora y rachas de 195 kil\u00f3metros por hora; el cicl\u00f3n tropical se desplaza hacia el oeste a 31 kil\u00f3metros por hora.<\/p>\n<p>De acuerdo con el m\u00e1s reciente reporte, el hurac\u00e1n Kristy se ubica a 490 kil\u00f3metros al sur-suroeste de isla Socorro, Colima, y a 960 kil\u00f3metros al sur-suroeste de Cabo San Lucas, Baja California Sur.<\/p>\n<p>Aunque Kristy se fortaleci\u00f3 a hurac\u00e1n categor\u00eda 2 y alcanzar\u00e1 el pen\u00faltimo nivel en la escala Saffir-Simpson ya no representa peligro para M\u00e9xico debido a su distancia y trayectoria, ya que seguir\u00e1 adentr\u00e1ndose hacia el Oc\u00e9ano Pac\u00edfico.<\/p>\n<p>Basados en los pron\u00f3sticos meteorol\u00f3gicos, Kristy se mantendr\u00e1 como categor\u00eda 4 todo el jueves para despu\u00e9s debilitarse y bajar a categor\u00eda 3 y para el domingo regresar a ser una tormenta tropical y finalmente en un cicl\u00f3n post-tropical lejos de M\u00e9xico.<\/p>\n","protected":false},"excerpt":{"rendered":"<p>Sin embargo, s\u00f3lo causar\u00e1 fuertes lluvias en algunos estados del Pac\u00edfico Mexicano y no se espera que toque tierra<\/p>\n","protected":false},"author":1,"featured_media":5392,"comment_status":"closed","ping_status":"closed","sticky":false,"template":"","format":"standard","meta":{"_crdt_document":"","_jetpack_memberships_contains_paid_content":false,"footnotes":"","jetpack_publicize_message":"","jetpack_publicize_feature_enabled":true,"jetpack_social_post_already_shared":true,"jetpack_social_options":{"image_generator_settings":{"template":"highway","default_image_id":0,"font":"","enabled":false},"version":2},"_wpas_customize_per_network":false},"categories":[33],"tags":[],"class_list":["post-5391","post","type-post","status-publish","format-standard","has-post-thumbnail","hentry","category-mexico"],"magazineBlocksPostFeaturedMedia":{"thumbnail":"https:\/\/pornuestrolaredo.com\/wp-content\/uploads\/2024\/10\/Stereo91-20241023-2-150x150.jpg","medium":"https:\/\/pornuestrolaredo.com\/wp-content\/uploads\/2024\/10\/Stereo91-20241023-2-300x143.jpg","medium_large":"https:\/\/pornuestrolaredo.com\/wp-content\/uploads\/2024\/10\/Stereo91-20241023-2-768x366.jpg","large":"https:\/\/pornuestrolaredo.com\/wp-content\/uploads\/2024\/10\/Stereo91-20241023-2-1000x477.jpg","1536x1536":"https:\/\/pornuestrolaredo.com\/wp-content\/uploads\/2024\/10\/Stereo91-20241023-2-1536x732.jpg","2048x2048":"https:\/\/pornuestrolaredo.com\/wp-content\/uploads\/2024\/10\/Stereo91-20241023-2.jpg","morenews-large":"https:\/\/pornuestrolaredo.com\/wp-content\/uploads\/2024\/10\/Stereo91-20241023-2-825x575.jpg","morenews-medium":"https:\/\/pornuestrolaredo.com\/wp-content\/uploads\/2024\/10\/Stereo91-20241023-2-590x410.jpg"},"magazineBlocksPostAuthor":{"name":"Redactor","avatar":"https:\/\/pornuestrolaredo.com\/wp-content\/litespeed\/avatar\/dca1d7ec750c399f025f23b0b314f4cf.jpg?ver=1777612120"},"magazineBlocksPostCommentsNumber":false,"magazineBlocksPostExcerpt":"Sin embargo, s\u00f3lo causar\u00e1 fuertes lluvias en algunos estados del Pac\u00edfico Mexicano y no se espera que toque tierra","magazineBlocksPostCategories":["Mexico"],"magazineBlocksPostViewCount":156,"magazineBlocksPostReadTime":2,"magazine_blocks_featured_image_url":{"full":["https:\/\/pornuestrolaredo.com\/wp-content\/uploads\/2024\/10\/Stereo91-20241023-2.jpg",1701,811,false],"medium":["https:\/\/pornuestrolaredo.com\/wp-content\/uploads\/2024\/10\/Stereo91-20241023-2-300x143.jpg",300,143,true],"thumbnail":["https:\/\/pornuestrolaredo.com\/wp-content\/uploads\/2024\/10\/Stereo91-20241023-2-150x150.jpg",150,150,true]},"magazine_blocks_author":{"display_name":"Redactor","author_link":"https:\/\/pornuestrolaredo.com\/?author=1"},"magazine_blocks_comment":0,"magazine_blocks_author_image":"https:\/\/pornuestrolaredo.com\/wp-content\/litespeed\/avatar\/dca1d7ec750c399f025f23b0b314f4cf.jpg?ver=1777612120","magazine_blocks_category":"<a href=\"#\" class=\"category-link category-link-33\">Mexico<\/a>","jetpack_publicize_connections":[],"featured_image_urls":{"full":["https:\/\/pornuestrolaredo.com\/wp-content\/uploads\/2024\/10\/Stereo91-20241023-2.jpg",1701,811,false],"thumbnail":["https:\/\/pornuestrolaredo.com\/wp-content\/uploads\/2024\/10\/Stereo91-20241023-2-150x150.jpg",150,150,true],"medium":["https:\/\/pornuestrolaredo.com\/wp-content\/uploads\/2024\/10\/Stereo91-20241023-2-300x143.jpg",300,143,true],"medium_large":["https:\/\/pornuestrolaredo.com\/wp-content\/uploads\/2024\/10\/Stereo91-20241023-2-768x366.jpg",640,305,true],"large":["https:\/\/pornuestrolaredo.com\/wp-content\/uploads\/2024\/10\/Stereo91-20241023-2-1000x477.jpg",640,305,true],"1536x1536":["https:\/\/pornuestrolaredo.com\/wp-content\/uploads\/2024\/10\/Stereo91-20241023-2-1536x732.jpg",1536,732,true],"2048x2048":["https:\/\/pornuestrolaredo.com\/wp-content\/uploads\/2024\/10\/Stereo91-20241023-2.jpg",1701,811,false],"morenews-large":["https:\/\/pornuestrolaredo.com\/wp-content\/uploads\/2024\/10\/Stereo91-20241023-2-825x575.jpg",825,575,true],"morenews-medium":["https:\/\/pornuestrolaredo.com\/wp-content\/uploads\/2024\/10\/Stereo91-20241023-2-590x410.jpg",590,410,true]},"author_info":{"info":["Redactor"]},"category_info":"<a href=\"https:\/\/pornuestrolaredo.com\/?cat=33\" rel=\"category\">Mexico<\/a>","tag_info":"Mexico","comment_count":"0","jetpack_featured_media_url":"https:\/\/pornuestrolaredo.com\/wp-content\/uploads\/2024\/10\/Stereo91-20241023-2.jpg","jetpack_sharing_enabled":true,"_links":{"self":[{"href":"https:\/\/pornuestrolaredo.com\/index.php?rest_route=\/wp\/v2\/posts\/5391","targetHints":{"allow":["GET"]}}],"collection":[{"href":"https:\/\/pornuestrolaredo.com\/index.php?rest_route=\/wp\/v2\/posts"}],"about":[{"href":"https:\/\/pornuestrolaredo.com\/index.php?rest_route=\/wp\/v2\/types\/post"}],"author":[{"embeddable":true,"href":"https:\/\/pornuestrolaredo.com\/index.php?rest_route=\/wp\/v2\/users\/1"}],"replies":[{"embeddable":true,"href":"https:\/\/pornuestrolaredo.com\/index.php?rest_route=%2Fwp%2Fv2%2Fcomments&post=5391"}],"version-history":[{"count":1,"href":"https:\/\/pornuestrolaredo.com\/index.php?rest_route=\/wp\/v2\/posts\/5391\/revisions"}],"predecessor-version":[{"id":5393,"href":"https:\/\/pornuestrolaredo.com\/index.php?rest_route=\/wp\/v2\/posts\/5391\/revisions\/5393"}],"wp:featuredmedia":[{"embeddable":true,"href":"https:\/\/pornuestrolaredo.com\/index.php?rest_route=\/wp\/v2\/media\/5392"}],"wp:attachment":[{"href":"https:\/\/pornuestrolaredo.com\/index.php?rest_route=%2Fwp%2Fv2%2Fmedia&parent=5391"}],"wp:term":[{"taxonomy":"category","embeddable":true,"href":"https:\/\/pornuestrolaredo.com\/index.php?rest_route=%2Fwp%2Fv2%2Fcategories&post=5391"},{"taxonomy":"post_tag","embeddable":true,"href":"https:\/\/pornuestrolaredo.com\/index.php?rest_route=%2Fwp%2Fv2%2Ftags&post=5391"}],"curies":[{"name":"wp","href":"https:\/\/api.w.org\/{rel}","templated":true}]}}