{"id":5399,"date":"2024-10-24T17:48:40","date_gmt":"2024-10-24T17:48:40","guid":{"rendered":"https:\/\/pornuestrolaredo.com\/?p=5399"},"modified":"2024-10-24T17:48:40","modified_gmt":"2024-10-24T17:48:40","slug":"pausa-sheinbaum-plan-de-mudar-dependencias-federales","status":"publish","type":"post","link":"https:\/\/pornuestrolaredo.com\/?p=5399","title":{"rendered":"Pausa Sheinbaum plan de mudar dependencias federales"},"content":{"rendered":"<p><strong>CIUDAD DE M\u00c9XICO.-<\/strong> La presidenta Claudia Sheinbaum puso en pausa el plan del expresidente Andr\u00e9s Manuel L\u00f3pez Obrador para descentralizar las dependencias federales y anunci\u00f3 que \u201cser\u00e1 puesto a revisi\u00f3n\u201d.<\/p>\n<p>Sheinbaum advirti\u00f3 que el proyecto -que no logr\u00f3 concluirse en el sexenio pasado-, requiere de una inversi\u00f3n importante de recursos, por lo que se valorar\u00e1 su continuidad.<\/p>\n<blockquote><p>Lo estamos analizando, aparte del problema de los dos a\u00f1os de pandemia, y eso limit\u00f3, se requieren recursos muy importantes, para que no solo se vayan las cabezas, el Ssecretario y la secretaria, sino que las dependencias completas se muevan a otra entidad de la Rep\u00fablica&#8221;, dijo.<\/p><\/blockquote>\n<p>Entonces estamos analizando si hay casos en donde puede hacerse o no&#8221;.<\/p>\n<blockquote>\n<p>El traslado de las sedes de las dependencias federales fue uno de los pendientes que dej\u00f3 el gobierno de L\u00f3pez Obrador.<\/p>\n<p>Apenas en julio, luego de las elecciones, L\u00f3pez Obrador se pronunci\u00f3 en favor de que la nueva Administraci\u00f3n continuara con el proceso de descentralizaci\u00f3n.<\/p>\n<p>Consider\u00f3 que, al mudar las secretar\u00edas de Estado a las entidades federativas, los funcionarios se ver\u00edan obligados a estar m\u00e1s en contacto con la poblaci\u00f3n.<\/p>\n<\/blockquote>\n<p>Yo creo que hay que seguir insistiendo en la descentralizaci\u00f3n, ayuda mucho, sobre todo para que los servidores p\u00fablicos est\u00e9n m\u00e1s cerca de la gente&#8221;, expres\u00f3.<\/p>\n<blockquote>\n<p>L\u00f3pez Obrador admiti\u00f3 p\u00fablicamente que su compromiso se vio frenado por la pandemia de Covid-19.<\/p>\n<\/blockquote>\n<p>Una de las cosas que tenemos pendiente es lo de la descentralizaci\u00f3n. Nos afect\u00f3 bastante la pandemia, como en otros casos, y ya no se pudo&#8221;, manifest\u00f3.<\/p>\n<blockquote>\n<p>Al cierre del sexenio mostraron avances solo algunas dependencias como la Administraci\u00f3n Nacional de Aduanas, Salud, Bienestar, Medio Ambiente, Cultura, Trabajo y Energ\u00eda.<\/p>\n<p>\u00bfCU\u00c1L ERA EL PLAN?<br \/>\n-Secretar\u00eda de Bienestar a Oaxaca<br \/>\n-Secretar\u00eda de Energ\u00eda a Villahermosa<br \/>\n-Secretar\u00eda de Econom\u00eda a Monterrey<br \/>\n-Secretar\u00eda de Educaci\u00f3n P\u00fablica a Puebla<br \/>\n-Secretar\u00eda de Salud a Acapulco<br \/>\n-Secretar\u00eda de Medio Ambiente a M\u00e9rida<br \/>\n-Secretar\u00eda de Agricultura a Ciudad Obreg\u00f3n<br \/>\n-Secretar\u00eda de Comunicaciones a San Luis Potos\u00ed<br \/>\n-Secretar\u00eda de la Funci\u00f3n P\u00fablica a Quer\u00e9taro<br \/>\n-Secretar\u00eda del Trabajo a Le\u00f3n<br \/>\n-Secretar\u00eda de Desarrollo Agrario a Pachuca<br \/>\n-Secretar\u00eda de Cultura a Tlaxcala, Tlaxcala<br \/>\n-Secretar\u00eda de Turismo a Chetumal<br \/>\n-Agencia Nacional de Aduanas a Nuevo Laredo.<br \/>\n-Pemex a Campeche<br \/>\n-CFE a Chiapas<br \/>\n-Conagua a Veracruz<\/p>\n","protected":false},"excerpt":{"rendered":"<p>Considera que el proyecto requiere de una inversi\u00f3n importante de recursos, por lo que se valorar\u00e1 su continuidad<\/p>\n","protected":false},"author":1,"featured_media":5400,"comment_status":"closed","ping_status":"closed","sticky":false,"template":"","format":"standard","meta":{"_crdt_document":"","_jetpack_memberships_contains_paid_content":false,"footnotes":"","jetpack_publicize_message":"","jetpack_publicize_feature_enabled":true,"jetpack_social_post_already_shared":true,"jetpack_social_options":{"image_generator_settings":{"template":"highway","default_image_id":0,"font":"","enabled":false},"version":2},"_wpas_customize_per_network":false},"categories":[33],"tags":[],"class_list":["post-5399","post","type-post","status-publish","format-standard","has-post-thumbnail","hentry","category-mexico"],"magazineBlocksPostFeaturedMedia":{"thumbnail":"https:\/\/pornuestrolaredo.com\/wp-content\/uploads\/2024\/10\/Stereo91-20241024-1-150x150.jpg","medium":"https:\/\/pornuestrolaredo.com\/wp-content\/uploads\/2024\/10\/Stereo91-20241024-1-300x186.jpg","medium_large":"https:\/\/pornuestrolaredo.com\/wp-content\/uploads\/2024\/10\/Stereo91-20241024-1-768x475.jpg","large":"https:\/\/pornuestrolaredo.com\/wp-content\/uploads\/2024\/10\/Stereo91-20241024-1-1000x618.jpg","1536x1536":"https:\/\/pornuestrolaredo.com\/wp-content\/uploads\/2024\/10\/Stereo91-20241024-1.jpg","2048x2048":"https:\/\/pornuestrolaredo.com\/wp-content\/uploads\/2024\/10\/Stereo91-20241024-1.jpg","morenews-large":"https:\/\/pornuestrolaredo.com\/wp-content\/uploads\/2024\/10\/Stereo91-20241024-1-825x575.jpg","morenews-medium":"https:\/\/pornuestrolaredo.com\/wp-content\/uploads\/2024\/10\/Stereo91-20241024-1-590x410.jpg"},"magazineBlocksPostAuthor":{"name":"Redactor","avatar":"https:\/\/pornuestrolaredo.com\/wp-content\/litespeed\/avatar\/dca1d7ec750c399f025f23b0b314f4cf.jpg?ver=1777612120"},"magazineBlocksPostCommentsNumber":false,"magazineBlocksPostExcerpt":"Considera que el proyecto requiere de una inversi\u00f3n importante de recursos, por lo que se valorar\u00e1 su continuidad","magazineBlocksPostCategories":["Mexico"],"magazineBlocksPostViewCount":144,"magazineBlocksPostReadTime":3,"magazine_blocks_featured_image_url":{"full":["https:\/\/pornuestrolaredo.com\/wp-content\/uploads\/2024\/10\/Stereo91-20241024-1.jpg",1200,742,false],"medium":["https:\/\/pornuestrolaredo.com\/wp-content\/uploads\/2024\/10\/Stereo91-20241024-1-300x186.jpg",300,186,true],"thumbnail":["https:\/\/pornuestrolaredo.com\/wp-content\/uploads\/2024\/10\/Stereo91-20241024-1-150x150.jpg",150,150,true]},"magazine_blocks_author":{"display_name":"Redactor","author_link":"https:\/\/pornuestrolaredo.com\/?author=1"},"magazine_blocks_comment":0,"magazine_blocks_author_image":"https:\/\/pornuestrolaredo.com\/wp-content\/litespeed\/avatar\/dca1d7ec750c399f025f23b0b314f4cf.jpg?ver=1777612120","magazine_blocks_category":"<a href=\"#\" class=\"category-link category-link-33\">Mexico<\/a>","jetpack_publicize_connections":[],"featured_image_urls":{"full":["https:\/\/pornuestrolaredo.com\/wp-content\/uploads\/2024\/10\/Stereo91-20241024-1.jpg",1200,742,false],"thumbnail":["https:\/\/pornuestrolaredo.com\/wp-content\/uploads\/2024\/10\/Stereo91-20241024-1-150x150.jpg",150,150,true],"medium":["https:\/\/pornuestrolaredo.com\/wp-content\/uploads\/2024\/10\/Stereo91-20241024-1-300x186.jpg",300,186,true],"medium_large":["https:\/\/pornuestrolaredo.com\/wp-content\/uploads\/2024\/10\/Stereo91-20241024-1-768x475.jpg",640,396,true],"large":["https:\/\/pornuestrolaredo.com\/wp-content\/uploads\/2024\/10\/Stereo91-20241024-1-1000x618.jpg",640,396,true],"1536x1536":["https:\/\/pornuestrolaredo.com\/wp-content\/uploads\/2024\/10\/Stereo91-20241024-1.jpg",1200,742,false],"2048x2048":["https:\/\/pornuestrolaredo.com\/wp-content\/uploads\/2024\/10\/Stereo91-20241024-1.jpg",1200,742,false],"morenews-large":["https:\/\/pornuestrolaredo.com\/wp-content\/uploads\/2024\/10\/Stereo91-20241024-1-825x575.jpg",825,575,true],"morenews-medium":["https:\/\/pornuestrolaredo.com\/wp-content\/uploads\/2024\/10\/Stereo91-20241024-1-590x410.jpg",590,410,true]},"author_info":{"info":["Redactor"]},"category_info":"<a href=\"https:\/\/pornuestrolaredo.com\/?cat=33\" rel=\"category\">Mexico<\/a>","tag_info":"Mexico","comment_count":"0","jetpack_featured_media_url":"https:\/\/pornuestrolaredo.com\/wp-content\/uploads\/2024\/10\/Stereo91-20241024-1.jpg","jetpack_sharing_enabled":true,"_links":{"self":[{"href":"https:\/\/pornuestrolaredo.com\/index.php?rest_route=\/wp\/v2\/posts\/5399","targetHints":{"allow":["GET"]}}],"collection":[{"href":"https:\/\/pornuestrolaredo.com\/index.php?rest_route=\/wp\/v2\/posts"}],"about":[{"href":"https:\/\/pornuestrolaredo.com\/index.php?rest_route=\/wp\/v2\/types\/post"}],"author":[{"embeddable":true,"href":"https:\/\/pornuestrolaredo.com\/index.php?rest_route=\/wp\/v2\/users\/1"}],"replies":[{"embeddable":true,"href":"https:\/\/pornuestrolaredo.com\/index.php?rest_route=%2Fwp%2Fv2%2Fcomments&post=5399"}],"version-history":[{"count":1,"href":"https:\/\/pornuestrolaredo.com\/index.php?rest_route=\/wp\/v2\/posts\/5399\/revisions"}],"predecessor-version":[{"id":5401,"href":"https:\/\/pornuestrolaredo.com\/index.php?rest_route=\/wp\/v2\/posts\/5399\/revisions\/5401"}],"wp:featuredmedia":[{"embeddable":true,"href":"https:\/\/pornuestrolaredo.com\/index.php?rest_route=\/wp\/v2\/media\/5400"}],"wp:attachment":[{"href":"https:\/\/pornuestrolaredo.com\/index.php?rest_route=%2Fwp%2Fv2%2Fmedia&parent=5399"}],"wp:term":[{"taxonomy":"category","embeddable":true,"href":"https:\/\/pornuestrolaredo.com\/index.php?rest_route=%2Fwp%2Fv2%2Fcategories&post=5399"},{"taxonomy":"post_tag","embeddable":true,"href":"https:\/\/pornuestrolaredo.com\/index.php?rest_route=%2Fwp%2Fv2%2Ftags&post=5399"}],"curies":[{"name":"wp","href":"https:\/\/api.w.org\/{rel}","templated":true}]}}