{"id":5404,"date":"2024-10-25T18:41:30","date_gmt":"2024-10-25T18:41:30","guid":{"rendered":"https:\/\/pornuestrolaredo.com\/?p=5404"},"modified":"2024-10-25T18:41:30","modified_gmt":"2024-10-25T18:41:30","slug":"invitan-a-desfile-del-dia-de-muertos","status":"publish","type":"post","link":"https:\/\/pornuestrolaredo.com\/?p=5404","title":{"rendered":"Invitan a desfile del D\u00eda de Muertos"},"content":{"rendered":"<p>NUEVO LAREDO.- Pocas tradiciones est\u00e1n tan arraigadas a nivel nacional en M\u00e9xico como la celebraci\u00f3n del D\u00eda de Muertos. Y es que esta es una forma de recordar y honrar a quienes ya han tomado el camino de la eternidad.<\/p>\n<p>Para mantener esta, una de las costumbres mexicanas que m\u00e1s se celebran, el Gobierno Municipal, a trav\u00e9s de la Direcci\u00f3n de Turismo, invita a organismos, instituciones educativas y p\u00fablico en  general  a participar este 2 de noviembre  en el primer Desfile del D\u00eda de los Muertos.<\/p>\n<p>Los interesados deber\u00e1n presentarse maquillados acorde al D\u00eda de los Muertos a partir de las 4:00 de la tarde del s\u00e1bado 2 de noviembre a la Plaza Ju\u00e1rez, de donde partir\u00e1 el contingente hasta llegar a la Explanada de la Independencia en  la Plaza Hidalgo.<\/p>\n<p>En la plaza Hidalgo se integrar\u00e1n al Festival de la  Catrina  que forma parte de la programaci\u00f3n del Festival Internacional de la Costa del Seno Mexicano.<\/p>\n<p>Los organizadores reiteraron la invitaci\u00f3n a este evento cuyo objetivo principal es reforzar la tradici\u00f3n mexicana e integrar a la comunidad  a ser parte de una actividad muy importante como es el D\u00eda de los Muertos.<\/p>\n","protected":false},"excerpt":{"rendered":"<p>Quienes quieran participar, se deber\u00e1n presentarse maquillados acorde a la celebraci\u00f3n en la Plaza Hidalgo<\/p>\n","protected":false},"author":1,"featured_media":5405,"comment_status":"closed","ping_status":"closed","sticky":false,"template":"","format":"standard","meta":{"_crdt_document":"","_jetpack_memberships_contains_paid_content":false,"footnotes":"","jetpack_publicize_message":"","jetpack_publicize_feature_enabled":true,"jetpack_social_post_already_shared":true,"jetpack_social_options":{"image_generator_settings":{"template":"highway","default_image_id":0,"font":"","enabled":false},"version":2},"_wpas_customize_per_network":false},"categories":[4],"tags":[],"class_list":["post-5404","post","type-post","status-publish","format-standard","has-post-thumbnail","hentry","category-los-dos-laredos"],"magazineBlocksPostFeaturedMedia":{"thumbnail":"https:\/\/pornuestrolaredo.com\/wp-content\/uploads\/2024\/10\/PNL-20241025-2-150x150.jpg","medium":"https:\/\/pornuestrolaredo.com\/wp-content\/uploads\/2024\/10\/PNL-20241025-2-300x175.jpg","medium_large":"https:\/\/pornuestrolaredo.com\/wp-content\/uploads\/2024\/10\/PNL-20241025-2-768x448.jpg","large":"https:\/\/pornuestrolaredo.com\/wp-content\/uploads\/2024\/10\/PNL-20241025-2.jpg","1536x1536":"https:\/\/pornuestrolaredo.com\/wp-content\/uploads\/2024\/10\/PNL-20241025-2.jpg","2048x2048":"https:\/\/pornuestrolaredo.com\/wp-content\/uploads\/2024\/10\/PNL-20241025-2.jpg","morenews-large":"https:\/\/pornuestrolaredo.com\/wp-content\/uploads\/2024\/10\/PNL-20241025-2-825x496.jpg","morenews-medium":"https:\/\/pornuestrolaredo.com\/wp-content\/uploads\/2024\/10\/PNL-20241025-2-590x410.jpg"},"magazineBlocksPostAuthor":{"name":"Redactor","avatar":"https:\/\/pornuestrolaredo.com\/wp-content\/litespeed\/avatar\/dca1d7ec750c399f025f23b0b314f4cf.jpg?ver=1777612120"},"magazineBlocksPostCommentsNumber":false,"magazineBlocksPostExcerpt":"Quienes quieran participar, se deber\u00e1n presentarse maquillados acorde a la celebraci\u00f3n en la Plaza Hidalgo","magazineBlocksPostCategories":["Los dos Laredos"],"magazineBlocksPostViewCount":147,"magazineBlocksPostReadTime":2,"magazine_blocks_featured_image_url":{"full":["https:\/\/pornuestrolaredo.com\/wp-content\/uploads\/2024\/10\/PNL-20241025-2.jpg",850,496,false],"medium":["https:\/\/pornuestrolaredo.com\/wp-content\/uploads\/2024\/10\/PNL-20241025-2-300x175.jpg",300,175,true],"thumbnail":["https:\/\/pornuestrolaredo.com\/wp-content\/uploads\/2024\/10\/PNL-20241025-2-150x150.jpg",150,150,true]},"magazine_blocks_author":{"display_name":"Redactor","author_link":"https:\/\/pornuestrolaredo.com\/?author=1"},"magazine_blocks_comment":0,"magazine_blocks_author_image":"https:\/\/pornuestrolaredo.com\/wp-content\/litespeed\/avatar\/dca1d7ec750c399f025f23b0b314f4cf.jpg?ver=1777612120","magazine_blocks_category":"<a href=\"#\" class=\"category-link category-link-4\">Los dos Laredos<\/a>","jetpack_publicize_connections":[],"featured_image_urls":{"full":["https:\/\/pornuestrolaredo.com\/wp-content\/uploads\/2024\/10\/PNL-20241025-2.jpg",850,496,false],"thumbnail":["https:\/\/pornuestrolaredo.com\/wp-content\/uploads\/2024\/10\/PNL-20241025-2-150x150.jpg",150,150,true],"medium":["https:\/\/pornuestrolaredo.com\/wp-content\/uploads\/2024\/10\/PNL-20241025-2-300x175.jpg",300,175,true],"medium_large":["https:\/\/pornuestrolaredo.com\/wp-content\/uploads\/2024\/10\/PNL-20241025-2-768x448.jpg",640,373,true],"large":["https:\/\/pornuestrolaredo.com\/wp-content\/uploads\/2024\/10\/PNL-20241025-2.jpg",640,373,false],"1536x1536":["https:\/\/pornuestrolaredo.com\/wp-content\/uploads\/2024\/10\/PNL-20241025-2.jpg",850,496,false],"2048x2048":["https:\/\/pornuestrolaredo.com\/wp-content\/uploads\/2024\/10\/PNL-20241025-2.jpg",850,496,false],"morenews-large":["https:\/\/pornuestrolaredo.com\/wp-content\/uploads\/2024\/10\/PNL-20241025-2-825x496.jpg",825,496,true],"morenews-medium":["https:\/\/pornuestrolaredo.com\/wp-content\/uploads\/2024\/10\/PNL-20241025-2-590x410.jpg",590,410,true]},"author_info":{"info":["Redactor"]},"category_info":"<a href=\"https:\/\/pornuestrolaredo.com\/?cat=4\" rel=\"category\">Los dos Laredos<\/a>","tag_info":"Los dos Laredos","comment_count":"0","jetpack_featured_media_url":"https:\/\/pornuestrolaredo.com\/wp-content\/uploads\/2024\/10\/PNL-20241025-2.jpg","jetpack_sharing_enabled":true,"_links":{"self":[{"href":"https:\/\/pornuestrolaredo.com\/index.php?rest_route=\/wp\/v2\/posts\/5404","targetHints":{"allow":["GET"]}}],"collection":[{"href":"https:\/\/pornuestrolaredo.com\/index.php?rest_route=\/wp\/v2\/posts"}],"about":[{"href":"https:\/\/pornuestrolaredo.com\/index.php?rest_route=\/wp\/v2\/types\/post"}],"author":[{"embeddable":true,"href":"https:\/\/pornuestrolaredo.com\/index.php?rest_route=\/wp\/v2\/users\/1"}],"replies":[{"embeddable":true,"href":"https:\/\/pornuestrolaredo.com\/index.php?rest_route=%2Fwp%2Fv2%2Fcomments&post=5404"}],"version-history":[{"count":1,"href":"https:\/\/pornuestrolaredo.com\/index.php?rest_route=\/wp\/v2\/posts\/5404\/revisions"}],"predecessor-version":[{"id":5406,"href":"https:\/\/pornuestrolaredo.com\/index.php?rest_route=\/wp\/v2\/posts\/5404\/revisions\/5406"}],"wp:featuredmedia":[{"embeddable":true,"href":"https:\/\/pornuestrolaredo.com\/index.php?rest_route=\/wp\/v2\/media\/5405"}],"wp:attachment":[{"href":"https:\/\/pornuestrolaredo.com\/index.php?rest_route=%2Fwp%2Fv2%2Fmedia&parent=5404"}],"wp:term":[{"taxonomy":"category","embeddable":true,"href":"https:\/\/pornuestrolaredo.com\/index.php?rest_route=%2Fwp%2Fv2%2Fcategories&post=5404"},{"taxonomy":"post_tag","embeddable":true,"href":"https:\/\/pornuestrolaredo.com\/index.php?rest_route=%2Fwp%2Fv2%2Ftags&post=5404"}],"curies":[{"name":"wp","href":"https:\/\/api.w.org\/{rel}","templated":true}]}}