{"id":5407,"date":"2024-10-25T19:11:29","date_gmt":"2024-10-25T19:11:29","guid":{"rendered":"https:\/\/pornuestrolaredo.com\/?p=5407"},"modified":"2024-10-25T19:11:29","modified_gmt":"2024-10-25T19:11:29","slug":"haran-pacto-para-contener-precios-de-canasta-basica","status":"publish","type":"post","link":"https:\/\/pornuestrolaredo.com\/?p=5407","title":{"rendered":"Har\u00e1n pacto para contener precios de canasta b\u00e1sica"},"content":{"rendered":"<p><strong><em>CIUDAD DE M\u00c9XICO.-<\/em><\/strong> La presidenta Claudia Sheinbaum anunci\u00f3 que renovar\u00e1n el pacto con la iniciativa privada para evitar un aumento en los precios de la canasta b\u00e1sica y controlar la inflaci\u00f3n.<\/p>\n<blockquote><p>Vamos muy avanzados, es un acuerdo (con la IP) que firm\u00f3 el Presidente (Andr\u00e9s Manuel) L\u00f3pez Obrador y que nuestro objetivo es firmarlo nuevamente. Lo est\u00e1 llevando el Secretario de Hacienda este acuerdo y y vamos muy, muy avanzados, tambi\u00e9n participan otros y otras secretar\u00edas y el objetivo es firmar para que la canasta b\u00e1sica no aumente&#8221;, asegur\u00f3 Sheinbaum durante la ma\u00f1anera.<\/p><\/blockquote>\n<p>Sheinbaum afirm\u00f3 que el precio del ma\u00edz est\u00e1 bajo y otros productos agr\u00edcolas no han aumentado significativamente.<\/p>\n<blockquote><p>Entonces se puede mantener la canasta b\u00e1sica, con los productos que tiene la canasta, sin aumentar para controlar la inflaci\u00f3n&#8221;.<\/p><\/blockquote>\n<p>Mientras, el Gobierno de la Rep\u00fablica se compromete a no aumentar en t\u00e9rminos reales ni la gasolina, ni la luz, ni el diesel, ni el gas LP.<\/p>\n<p>Cuestionada sobre los operativos que se implementar\u00e1n ante precios desbordados en el mercado, Sheinbaum destac\u00f3 que la canasta b\u00e1sica no ha aumentado. Sobre los operativos de la Procuradur\u00eda Federal del Consumidor (Profeco) indic\u00f3 que por un lado se est\u00e1 revisando la manera de inspeccionar de la Procuradur\u00eda y por el otro lado se mantendr\u00e1 la informaci\u00f3n de manera permanente para que la ciudadan\u00eda est\u00e9 informada de cu\u00e1les son los establecimientos con la canasta b\u00e1sica a menores precios.<\/p>\n","protected":false},"excerpt":{"rendered":"<p>Anuncia la presidenta Claudia Sheinbaum que ya est\u00e1n en pl\u00e1ticas con miembros de la iniciativa privada<\/p>\n","protected":false},"author":1,"featured_media":5408,"comment_status":"closed","ping_status":"closed","sticky":false,"template":"","format":"standard","meta":{"_crdt_document":"","_jetpack_memberships_contains_paid_content":false,"footnotes":"","jetpack_publicize_message":"","jetpack_publicize_feature_enabled":true,"jetpack_social_post_already_shared":true,"jetpack_social_options":{"image_generator_settings":{"template":"highway","default_image_id":0,"font":"","enabled":false},"version":2},"_wpas_customize_per_network":false},"categories":[33],"tags":[],"class_list":["post-5407","post","type-post","status-publish","format-standard","has-post-thumbnail","hentry","category-mexico"],"magazineBlocksPostFeaturedMedia":{"thumbnail":"https:\/\/pornuestrolaredo.com\/wp-content\/uploads\/2024\/10\/Stereo91-20241025-4-150x150.jpg","medium":"https:\/\/pornuestrolaredo.com\/wp-content\/uploads\/2024\/10\/Stereo91-20241025-4-300x192.jpg","medium_large":"https:\/\/pornuestrolaredo.com\/wp-content\/uploads\/2024\/10\/Stereo91-20241025-4-768x492.jpg","large":"https:\/\/pornuestrolaredo.com\/wp-content\/uploads\/2024\/10\/Stereo91-20241025-4-1000x640.jpg","1536x1536":"https:\/\/pornuestrolaredo.com\/wp-content\/uploads\/2024\/10\/Stereo91-20241025-4.jpg","2048x2048":"https:\/\/pornuestrolaredo.com\/wp-content\/uploads\/2024\/10\/Stereo91-20241025-4.jpg","morenews-large":"https:\/\/pornuestrolaredo.com\/wp-content\/uploads\/2024\/10\/Stereo91-20241025-4-825x575.jpg","morenews-medium":"https:\/\/pornuestrolaredo.com\/wp-content\/uploads\/2024\/10\/Stereo91-20241025-4-590x410.jpg"},"magazineBlocksPostAuthor":{"name":"Redactor","avatar":"https:\/\/pornuestrolaredo.com\/wp-content\/litespeed\/avatar\/dca1d7ec750c399f025f23b0b314f4cf.jpg?ver=1777612120"},"magazineBlocksPostCommentsNumber":false,"magazineBlocksPostExcerpt":"Anuncia la presidenta Claudia Sheinbaum que ya est\u00e1n en pl\u00e1ticas con miembros de la iniciativa privada","magazineBlocksPostCategories":["Mexico"],"magazineBlocksPostViewCount":149,"magazineBlocksPostReadTime":2,"magazine_blocks_featured_image_url":{"full":["https:\/\/pornuestrolaredo.com\/wp-content\/uploads\/2024\/10\/Stereo91-20241025-4.jpg",1200,768,false],"medium":["https:\/\/pornuestrolaredo.com\/wp-content\/uploads\/2024\/10\/Stereo91-20241025-4-300x192.jpg",300,192,true],"thumbnail":["https:\/\/pornuestrolaredo.com\/wp-content\/uploads\/2024\/10\/Stereo91-20241025-4-150x150.jpg",150,150,true]},"magazine_blocks_author":{"display_name":"Redactor","author_link":"https:\/\/pornuestrolaredo.com\/?author=1"},"magazine_blocks_comment":0,"magazine_blocks_author_image":"https:\/\/pornuestrolaredo.com\/wp-content\/litespeed\/avatar\/dca1d7ec750c399f025f23b0b314f4cf.jpg?ver=1777612120","magazine_blocks_category":"<a href=\"#\" class=\"category-link category-link-33\">Mexico<\/a>","jetpack_publicize_connections":[],"featured_image_urls":{"full":["https:\/\/pornuestrolaredo.com\/wp-content\/uploads\/2024\/10\/Stereo91-20241025-4.jpg",1200,768,false],"thumbnail":["https:\/\/pornuestrolaredo.com\/wp-content\/uploads\/2024\/10\/Stereo91-20241025-4-150x150.jpg",150,150,true],"medium":["https:\/\/pornuestrolaredo.com\/wp-content\/uploads\/2024\/10\/Stereo91-20241025-4-300x192.jpg",300,192,true],"medium_large":["https:\/\/pornuestrolaredo.com\/wp-content\/uploads\/2024\/10\/Stereo91-20241025-4-768x492.jpg",640,410,true],"large":["https:\/\/pornuestrolaredo.com\/wp-content\/uploads\/2024\/10\/Stereo91-20241025-4-1000x640.jpg",640,410,true],"1536x1536":["https:\/\/pornuestrolaredo.com\/wp-content\/uploads\/2024\/10\/Stereo91-20241025-4.jpg",1200,768,false],"2048x2048":["https:\/\/pornuestrolaredo.com\/wp-content\/uploads\/2024\/10\/Stereo91-20241025-4.jpg",1200,768,false],"morenews-large":["https:\/\/pornuestrolaredo.com\/wp-content\/uploads\/2024\/10\/Stereo91-20241025-4-825x575.jpg",825,575,true],"morenews-medium":["https:\/\/pornuestrolaredo.com\/wp-content\/uploads\/2024\/10\/Stereo91-20241025-4-590x410.jpg",590,410,true]},"author_info":{"info":["Redactor"]},"category_info":"<a href=\"https:\/\/pornuestrolaredo.com\/?cat=33\" rel=\"category\">Mexico<\/a>","tag_info":"Mexico","comment_count":"0","jetpack_featured_media_url":"https:\/\/pornuestrolaredo.com\/wp-content\/uploads\/2024\/10\/Stereo91-20241025-4.jpg","jetpack_sharing_enabled":true,"_links":{"self":[{"href":"https:\/\/pornuestrolaredo.com\/index.php?rest_route=\/wp\/v2\/posts\/5407","targetHints":{"allow":["GET"]}}],"collection":[{"href":"https:\/\/pornuestrolaredo.com\/index.php?rest_route=\/wp\/v2\/posts"}],"about":[{"href":"https:\/\/pornuestrolaredo.com\/index.php?rest_route=\/wp\/v2\/types\/post"}],"author":[{"embeddable":true,"href":"https:\/\/pornuestrolaredo.com\/index.php?rest_route=\/wp\/v2\/users\/1"}],"replies":[{"embeddable":true,"href":"https:\/\/pornuestrolaredo.com\/index.php?rest_route=%2Fwp%2Fv2%2Fcomments&post=5407"}],"version-history":[{"count":1,"href":"https:\/\/pornuestrolaredo.com\/index.php?rest_route=\/wp\/v2\/posts\/5407\/revisions"}],"predecessor-version":[{"id":5409,"href":"https:\/\/pornuestrolaredo.com\/index.php?rest_route=\/wp\/v2\/posts\/5407\/revisions\/5409"}],"wp:featuredmedia":[{"embeddable":true,"href":"https:\/\/pornuestrolaredo.com\/index.php?rest_route=\/wp\/v2\/media\/5408"}],"wp:attachment":[{"href":"https:\/\/pornuestrolaredo.com\/index.php?rest_route=%2Fwp%2Fv2%2Fmedia&parent=5407"}],"wp:term":[{"taxonomy":"category","embeddable":true,"href":"https:\/\/pornuestrolaredo.com\/index.php?rest_route=%2Fwp%2Fv2%2Fcategories&post=5407"},{"taxonomy":"post_tag","embeddable":true,"href":"https:\/\/pornuestrolaredo.com\/index.php?rest_route=%2Fwp%2Fv2%2Ftags&post=5407"}],"curies":[{"name":"wp","href":"https:\/\/api.w.org\/{rel}","templated":true}]}}