{"id":5418,"date":"2024-10-27T22:22:17","date_gmt":"2024-10-27T22:22:17","guid":{"rendered":"https:\/\/pornuestrolaredo.com\/?p=5418"},"modified":"2024-10-27T22:22:17","modified_gmt":"2024-10-27T22:22:17","slug":"encabeza-carmen-lilia-toma-de-protesta-del-consejo-administrativo-de-comapa","status":"publish","type":"post","link":"https:\/\/pornuestrolaredo.com\/?p=5418","title":{"rendered":"Encabeza Carmen Lilia toma de protesta del Consejo Administrativo de Comapa"},"content":{"rendered":"<p>NUEVO LAREDO.- Con el compromiso de continuar fortaleciendo la infraestructura hidr\u00e1ulica y los trabajos de saneamiento que se llevan a cabo de la mano del gobernador Am\u00e9rico Villarreal Anaya, la presidenta municipal Carmen Lilia Canturosas Villarreal encabez\u00f3 la instalaci\u00f3n del Consejo de Administraci\u00f3n de la Comisi\u00f3n Municipal de Agua Potable y Alcantarillado de Nuevo Laredo, para el per\u00edodo 2024-2027.<\/p>\n<p>La alcaldesa, quien presidir\u00e1 el Consejo, convoc\u00f3  junto a  Ra\u00fal Quiroga \u00c1lvarez, secretario de Recursos Hidr\u00e1ulicos para el Desarrollo Social del Gobierno del Estado, a tomar el cargo con lealtad, eficacia y siempre mirando por el bien y prosperidad de este organismo.<\/p>\n<blockquote><p>Hoy, m\u00e1s que nunca, es esencial que trabajemos juntos para fortalecer la gesti\u00f3n del agua, asegurando un servicio de calidad para todos los ciudadanos de Nuevo Laredo\u201d, se\u00f1al\u00f3 Canturosas Villarreal.<\/p><\/blockquote>\n<p>Indic\u00f3 que la instalaci\u00f3n del nuevo Consejo de Administraci\u00f3n de la Comapa no solo simboliza el inicio de una nueva etapa de gesti\u00f3n, sino que tambi\u00e9n reafirma la dedicaci\u00f3n a la transparencia, la eficiencia y el servicio p\u00fablico de calidad.<\/p>\n<p>Por su parte Quiroga \u00c1lvarez, destac\u00f3 el trabajo que se realiza en Nuevo Laredo al se\u00f1alar el proyecto integral para el saneamiento, protecci\u00f3n y la preservaci\u00f3n del R\u00edo Bravo.<\/p>\n<blockquote><p>Un ejercicio ejemplar en el estado es el que se lleva a cabo en Nuevo Laredo, la conjunci\u00f3n de esfuerzos entre instancias federales, estatales, municipales e internacionales, ha dado pie a que Nuevo Laredo sea el primer municipio que va a tratar casi todas sus aguas residuales, es un ejemplo para ser un ejemplo hay que salirse de la rutina\u201d, expres\u00f3 el funcionario estatal.<\/p><\/blockquote>\n<p>El Consejo qued\u00f3 integrado de la siguiente manera: alcaldesa Carmen Lilia Canturosas, presidenta del Consejo; Francisco Javier Guerrero Cabrieles, Director De Fondos y Control Presupuestal en representaci\u00f3n de Enrique \u00c1lvarez del Castillo Rojas, Secretario de Tesorer\u00eda y Finanzas; Ignacio Qui\u00f1ones, director de Proyectos en representaci\u00f3n de Carlos de Anda, Secretario de Obras P\u00fablicas; Miguel \u00c1ngel Carrillo Barrios, Director de Bienestar Social en representaci\u00f3n de  Liliana Arjona Barocio, Secretaria de Bienestar Social.<\/p>\n<p>As\u00ed como Ra\u00fal Quiroga \u00c1lvarez, Secretario de Recursos Hidr\u00e1ulico para el Desarrollo Social; Mario Rebolledo Urcadiz, Director de Promoci\u00f3n de la Salud en representaci\u00f3n de Vicente Joel Hern\u00e1ndez Navarro, Secretario de Salud del Estado de Tamaulipas; Mayra Alejandra Garc\u00eda Molina, Subdirectora de Seguimiento a Organismos P\u00fablicos Descentralizados en representaci\u00f3n de Karina Lizeth Saldivar Lartigue, Secretaria de Desarrollo Urbano y Medio Ambiente del Estado de Tamaulipas; los diputados locales Gabriela Regalado, Ana Laura Huerta y Sergio Ojeda.<\/p>\n<p>Este consejo tiene como objetivo establecer lineamientos y pol\u00edticas, as\u00ed como definir las normas y criterios necesarios para la prestaci\u00f3n eficiente de los servicios p\u00fablicos y la ejecuci\u00f3n de obras indispensables en el municipio.<\/p>\n","protected":false},"excerpt":{"rendered":"<p>La alcaldesa dijo que con estas acciones se reafirma la dedicaci\u00f3n a la transparencia, la eficiencia y el servicio p\u00fablico de calidad<\/p>\n","protected":false},"author":1,"featured_media":5419,"comment_status":"closed","ping_status":"closed","sticky":false,"template":"","format":"standard","meta":{"_crdt_document":"","_jetpack_memberships_contains_paid_content":false,"footnotes":"","jetpack_publicize_message":"","jetpack_publicize_feature_enabled":true,"jetpack_social_post_already_shared":true,"jetpack_social_options":{"image_generator_settings":{"template":"highway","default_image_id":0,"font":"","enabled":false},"version":2},"_wpas_customize_per_network":false},"categories":[4],"tags":[],"class_list":["post-5418","post","type-post","status-publish","format-standard","has-post-thumbnail","hentry","category-los-dos-laredos"],"magazineBlocksPostFeaturedMedia":{"thumbnail":"https:\/\/pornuestrolaredo.com\/wp-content\/uploads\/2024\/10\/PNL-20241027-4-150x150.jpg","medium":"https:\/\/pornuestrolaredo.com\/wp-content\/uploads\/2024\/10\/PNL-20241027-4-300x176.jpg","medium_large":"https:\/\/pornuestrolaredo.com\/wp-content\/uploads\/2024\/10\/PNL-20241027-4-768x452.jpg","large":"https:\/\/pornuestrolaredo.com\/wp-content\/uploads\/2024\/10\/PNL-20241027-4-1000x588.jpg","1536x1536":"https:\/\/pornuestrolaredo.com\/wp-content\/uploads\/2024\/10\/PNL-20241027-4-1536x903.jpg","2048x2048":"https:\/\/pornuestrolaredo.com\/wp-content\/uploads\/2024\/10\/PNL-20241027-4.jpg","morenews-large":"https:\/\/pornuestrolaredo.com\/wp-content\/uploads\/2024\/10\/PNL-20241027-4-825x575.jpg","morenews-medium":"https:\/\/pornuestrolaredo.com\/wp-content\/uploads\/2024\/10\/PNL-20241027-4-590x410.jpg"},"magazineBlocksPostAuthor":{"name":"Redactor","avatar":"https:\/\/pornuestrolaredo.com\/wp-content\/litespeed\/avatar\/dca1d7ec750c399f025f23b0b314f4cf.jpg?ver=1777612120"},"magazineBlocksPostCommentsNumber":false,"magazineBlocksPostExcerpt":"La alcaldesa dijo que con estas acciones se reafirma la dedicaci\u00f3n a la transparencia, la eficiencia y el servicio p\u00fablico de calidad","magazineBlocksPostCategories":["Los dos Laredos"],"magazineBlocksPostViewCount":150,"magazineBlocksPostReadTime":3,"magazine_blocks_featured_image_url":{"full":["https:\/\/pornuestrolaredo.com\/wp-content\/uploads\/2024\/10\/PNL-20241027-4.jpg",1600,941,false],"medium":["https:\/\/pornuestrolaredo.com\/wp-content\/uploads\/2024\/10\/PNL-20241027-4-300x176.jpg",300,176,true],"thumbnail":["https:\/\/pornuestrolaredo.com\/wp-content\/uploads\/2024\/10\/PNL-20241027-4-150x150.jpg",150,150,true]},"magazine_blocks_author":{"display_name":"Redactor","author_link":"https:\/\/pornuestrolaredo.com\/?author=1"},"magazine_blocks_comment":0,"magazine_blocks_author_image":"https:\/\/pornuestrolaredo.com\/wp-content\/litespeed\/avatar\/dca1d7ec750c399f025f23b0b314f4cf.jpg?ver=1777612120","magazine_blocks_category":"<a href=\"#\" class=\"category-link category-link-4\">Los dos Laredos<\/a>","jetpack_publicize_connections":[],"featured_image_urls":{"full":["https:\/\/pornuestrolaredo.com\/wp-content\/uploads\/2024\/10\/PNL-20241027-4.jpg",1600,941,false],"thumbnail":["https:\/\/pornuestrolaredo.com\/wp-content\/uploads\/2024\/10\/PNL-20241027-4-150x150.jpg",150,150,true],"medium":["https:\/\/pornuestrolaredo.com\/wp-content\/uploads\/2024\/10\/PNL-20241027-4-300x176.jpg",300,176,true],"medium_large":["https:\/\/pornuestrolaredo.com\/wp-content\/uploads\/2024\/10\/PNL-20241027-4-768x452.jpg",640,377,true],"large":["https:\/\/pornuestrolaredo.com\/wp-content\/uploads\/2024\/10\/PNL-20241027-4-1000x588.jpg",640,376,true],"1536x1536":["https:\/\/pornuestrolaredo.com\/wp-content\/uploads\/2024\/10\/PNL-20241027-4-1536x903.jpg",1536,903,true],"2048x2048":["https:\/\/pornuestrolaredo.com\/wp-content\/uploads\/2024\/10\/PNL-20241027-4.jpg",1600,941,false],"morenews-large":["https:\/\/pornuestrolaredo.com\/wp-content\/uploads\/2024\/10\/PNL-20241027-4-825x575.jpg",825,575,true],"morenews-medium":["https:\/\/pornuestrolaredo.com\/wp-content\/uploads\/2024\/10\/PNL-20241027-4-590x410.jpg",590,410,true]},"author_info":{"info":["Redactor"]},"category_info":"<a href=\"https:\/\/pornuestrolaredo.com\/?cat=4\" rel=\"category\">Los dos Laredos<\/a>","tag_info":"Los dos Laredos","comment_count":"0","jetpack_featured_media_url":"https:\/\/pornuestrolaredo.com\/wp-content\/uploads\/2024\/10\/PNL-20241027-4.jpg","jetpack_sharing_enabled":true,"_links":{"self":[{"href":"https:\/\/pornuestrolaredo.com\/index.php?rest_route=\/wp\/v2\/posts\/5418","targetHints":{"allow":["GET"]}}],"collection":[{"href":"https:\/\/pornuestrolaredo.com\/index.php?rest_route=\/wp\/v2\/posts"}],"about":[{"href":"https:\/\/pornuestrolaredo.com\/index.php?rest_route=\/wp\/v2\/types\/post"}],"author":[{"embeddable":true,"href":"https:\/\/pornuestrolaredo.com\/index.php?rest_route=\/wp\/v2\/users\/1"}],"replies":[{"embeddable":true,"href":"https:\/\/pornuestrolaredo.com\/index.php?rest_route=%2Fwp%2Fv2%2Fcomments&post=5418"}],"version-history":[{"count":1,"href":"https:\/\/pornuestrolaredo.com\/index.php?rest_route=\/wp\/v2\/posts\/5418\/revisions"}],"predecessor-version":[{"id":5420,"href":"https:\/\/pornuestrolaredo.com\/index.php?rest_route=\/wp\/v2\/posts\/5418\/revisions\/5420"}],"wp:featuredmedia":[{"embeddable":true,"href":"https:\/\/pornuestrolaredo.com\/index.php?rest_route=\/wp\/v2\/media\/5419"}],"wp:attachment":[{"href":"https:\/\/pornuestrolaredo.com\/index.php?rest_route=%2Fwp%2Fv2%2Fmedia&parent=5418"}],"wp:term":[{"taxonomy":"category","embeddable":true,"href":"https:\/\/pornuestrolaredo.com\/index.php?rest_route=%2Fwp%2Fv2%2Fcategories&post=5418"},{"taxonomy":"post_tag","embeddable":true,"href":"https:\/\/pornuestrolaredo.com\/index.php?rest_route=%2Fwp%2Fv2%2Ftags&post=5418"}],"curies":[{"name":"wp","href":"https:\/\/api.w.org\/{rel}","templated":true}]}}