{"id":545,"date":"2022-10-11T00:07:47","date_gmt":"2022-10-11T00:07:47","guid":{"rendered":"https:\/\/pornuestrolaredo.com\/?p=545"},"modified":"2022-10-11T00:07:47","modified_gmt":"2022-10-11T00:07:47","slug":"realizaran-rodada-rosa-en-nuevo-laredo","status":"publish","type":"post","link":"https:\/\/pornuestrolaredo.com\/?p=545","title":{"rendered":"Realizar\u00e1n &#8216;Rodada Rosa&#8217; en Nuevo Laredo"},"content":{"rendered":"\n<p class=\"wp-block-paragraph\"><strong><em>NUEVO LAREDO.-<\/em><\/strong> Como parte de las actividades por el mes para la sensibilizaci\u00f3n sobre el c\u00e1ncer de mama, el Gobierno Municipal en conjunto con el Sistema DIF realizar\u00e1 una serie de actividades a trav\u00e9s de la \u201cSemana Rosa\u201d.<\/p>\n\n\n\n<p class=\"wp-block-paragraph\">La presidenta municipal Carmen Lilia Canturosas Villarreal inform\u00f3 en su conferencia de prensa que junto al Sistema DIF estar\u00e1n llevando a cabo acciones encaminadas a crear conciencia sobre la importancia de la exploraci\u00f3n para&nbsp; prevenir o atender de forma oportuna el c\u00e1ncer de mama.<\/p>\n\n\n\n<p class=\"wp-block-paragraph\">Destac\u00f3 iniciativas como la cabina fotogr\u00e1fica instalada por el DIF, el reconocimiento a mujeres que se encuentran&nbsp; luchando contra el c\u00e1ncer, as\u00ed como la campa\u00f1a de mastograf\u00edas y exploraciones que se llevar\u00e1 a cabo durante todo el mes.<\/p>\n\n\n\n<blockquote class=\"wp-block-quote is-layout-flow wp-block-quote-is-layout-flow\"><p>Vamos hacer varias actividades con la finalidad de sumarnos a la lucha por la concientizaci\u00f3n y prevenci\u00f3n de esta enfermedad que afecta a muchas mujeres, la cabina fotogr\u00e1fica es una iniciativa muy atractiva para crear conciencia en toda la ciudadan\u00eda, adem\u00e1s nuestras cl\u00ednicas UNE estar\u00e1n ofreciendo de forma gratuita el servicio de exploraci\u00f3n\u201d, subray\u00f3.<\/p><\/blockquote>\n\n\n\n<p class=\"wp-block-paragraph\">Samantha Rodr\u00edguez, directora de Relaciones P\u00fablicas detall\u00f3 que las actividades inician el mi\u00e9rcoles 19 de octubre con el \u201cD\u00eda Rosa\u201d, donde se rendir\u00e1 un homenaje a las mujeres&nbsp; triunfantes de la lucha contra el c\u00e1ncer de mama, este evento se realizar\u00e1 en la sala 2 del Centro C\u00edvico a las 11 de la ma\u00f1ana.<\/p>\n\n\n\n<p class=\"wp-block-paragraph\">La segunda actividad ser\u00e1 el 20 de octubre, con la tradicional \u201cRodada Rosa 2022\u201d que se llevar\u00e1 a cabo con la asociaci\u00f3n Motoclub Unidos de Nuevo Laredo en el Monumento a Fundadores en la explanada Esteban Baca Calder\u00f3n, a las 8:00 de la noche.<\/p>\n\n\n\n<blockquote class=\"wp-block-quote is-layout-flow wp-block-quote-is-layout-flow\"><p>Esperamos entre 150 y 200 bikers, este es un evento 100 por ciento familiar para apoyar a las mujeres que est\u00e1n en la lucha contra este padecimiento y la intenci\u00f3n es crear conciencia en todas la mujeres y hombres, vamos a tener una velada muy bonita, los esperamos con mucho gusto, est\u00e1 rodada terminar\u00e1 en la plaza de las Antorchas a un costado del monumento a Benito Ju\u00e1rez\u201d, subray\u00f3.<\/p><\/blockquote>\n\n\n\n<p class=\"wp-block-paragraph\">Con estas actividades, el gobierno de Carmen Lilia Canturosas Villarreal, busca generar conciencia en las mujeres para la detecci\u00f3n temprana del c\u00e1ncer de mama, as\u00ed como el cuidado de la salud y la transformaci\u00f3n de Nuevo Laredo.<\/p>\n","protected":false},"excerpt":{"rendered":"<p>NUEVO LAREDO.- Como parte de las actividades por el mes para la sensibilizaci\u00f3n sobre el c\u00e1ncer de mama,<\/p>\n","protected":false},"author":1,"featured_media":546,"comment_status":"open","ping_status":"open","sticky":false,"template":"","format":"standard","meta":{"_crdt_document":"","_jetpack_memberships_contains_paid_content":false,"footnotes":"","jetpack_publicize_message":"Ser\u00e1 parte de la \u2018Semana Rosa\u2019, en la que habr\u00e1 diversas actividades del Gobierno Municipal para sensibilizar sobre la prevenci\u00f3n del c\u00e1ncer","jetpack_publicize_feature_enabled":true,"jetpack_social_post_already_shared":true,"jetpack_social_options":{"image_generator_settings":{"template":"highway","default_image_id":0,"font":"","enabled":false},"version":2},"_wpas_customize_per_network":false},"categories":[5],"tags":[],"class_list":["post-545","post","type-post","status-publish","format-standard","has-post-thumbnail","hentry","category-dos-laredos"],"magazineBlocksPostFeaturedMedia":{"thumbnail":"https:\/\/pornuestrolaredo.com\/wp-content\/uploads\/2022\/10\/Semana-Rosa-150x150.jpeg","medium":"https:\/\/pornuestrolaredo.com\/wp-content\/uploads\/2022\/10\/Semana-Rosa-300x200.jpeg","medium_large":"https:\/\/pornuestrolaredo.com\/wp-content\/uploads\/2022\/10\/Semana-Rosa-768x512.jpeg","large":"https:\/\/pornuestrolaredo.com\/wp-content\/uploads\/2022\/10\/Semana-Rosa-1024x682.jpeg","1536x1536":"https:\/\/pornuestrolaredo.com\/wp-content\/uploads\/2022\/10\/Semana-Rosa.jpeg","2048x2048":"https:\/\/pornuestrolaredo.com\/wp-content\/uploads\/2022\/10\/Semana-Rosa.jpeg","morenews-large":"https:\/\/pornuestrolaredo.com\/wp-content\/uploads\/2022\/10\/Semana-Rosa.jpeg","morenews-medium":"https:\/\/pornuestrolaredo.com\/wp-content\/uploads\/2022\/10\/Semana-Rosa.jpeg"},"magazineBlocksPostAuthor":{"name":"Redactor","avatar":"https:\/\/pornuestrolaredo.com\/wp-content\/litespeed\/avatar\/dca1d7ec750c399f025f23b0b314f4cf.jpg?ver=1777612120"},"magazineBlocksPostCommentsNumber":false,"magazineBlocksPostExcerpt":"NUEVO LAREDO.- Como parte de las actividades por el mes para la sensibilizaci\u00f3n sobre el c\u00e1ncer de mama,","magazineBlocksPostCategories":["Dos Laredos"],"magazineBlocksPostViewCount":129,"magazineBlocksPostReadTime":3,"magazine_blocks_featured_image_url":{"full":["https:\/\/pornuestrolaredo.com\/wp-content\/uploads\/2022\/10\/Semana-Rosa.jpeg",1280,853,false],"medium":["https:\/\/pornuestrolaredo.com\/wp-content\/uploads\/2022\/10\/Semana-Rosa-300x200.jpeg",300,200,true],"thumbnail":["https:\/\/pornuestrolaredo.com\/wp-content\/uploads\/2022\/10\/Semana-Rosa-150x150.jpeg",150,150,true]},"magazine_blocks_author":{"display_name":"Redactor","author_link":"https:\/\/pornuestrolaredo.com\/?author=1"},"magazine_blocks_comment":0,"magazine_blocks_author_image":"https:\/\/pornuestrolaredo.com\/wp-content\/litespeed\/avatar\/dca1d7ec750c399f025f23b0b314f4cf.jpg?ver=1777612120","magazine_blocks_category":"<a href=\"#\" class=\"category-link category-link-5\">Dos Laredos<\/a>","jetpack_publicize_connections":[],"featured_image_urls":{"full":["https:\/\/pornuestrolaredo.com\/wp-content\/uploads\/2022\/10\/Semana-Rosa.jpeg",1280,853,false],"thumbnail":["https:\/\/pornuestrolaredo.com\/wp-content\/uploads\/2022\/10\/Semana-Rosa-150x150.jpeg",150,150,true],"medium":["https:\/\/pornuestrolaredo.com\/wp-content\/uploads\/2022\/10\/Semana-Rosa-300x200.jpeg",300,200,true],"medium_large":["https:\/\/pornuestrolaredo.com\/wp-content\/uploads\/2022\/10\/Semana-Rosa-768x512.jpeg",640,427,true],"large":["https:\/\/pornuestrolaredo.com\/wp-content\/uploads\/2022\/10\/Semana-Rosa-1024x682.jpeg",640,426,true],"1536x1536":["https:\/\/pornuestrolaredo.com\/wp-content\/uploads\/2022\/10\/Semana-Rosa.jpeg",1280,853,false],"2048x2048":["https:\/\/pornuestrolaredo.com\/wp-content\/uploads\/2022\/10\/Semana-Rosa.jpeg",1280,853,false],"morenews-large":["https:\/\/pornuestrolaredo.com\/wp-content\/uploads\/2022\/10\/Semana-Rosa.jpeg",825,550,false],"morenews-medium":["https:\/\/pornuestrolaredo.com\/wp-content\/uploads\/2022\/10\/Semana-Rosa.jpeg",590,393,false]},"author_info":{"info":["Redactor"]},"category_info":"<a href=\"https:\/\/pornuestrolaredo.com\/?cat=5\" rel=\"category\">Dos Laredos<\/a>","tag_info":"Dos Laredos","comment_count":"0","jetpack_featured_media_url":"https:\/\/pornuestrolaredo.com\/wp-content\/uploads\/2022\/10\/Semana-Rosa.jpeg","jetpack_sharing_enabled":true,"_links":{"self":[{"href":"https:\/\/pornuestrolaredo.com\/index.php?rest_route=\/wp\/v2\/posts\/545","targetHints":{"allow":["GET"]}}],"collection":[{"href":"https:\/\/pornuestrolaredo.com\/index.php?rest_route=\/wp\/v2\/posts"}],"about":[{"href":"https:\/\/pornuestrolaredo.com\/index.php?rest_route=\/wp\/v2\/types\/post"}],"author":[{"embeddable":true,"href":"https:\/\/pornuestrolaredo.com\/index.php?rest_route=\/wp\/v2\/users\/1"}],"replies":[{"embeddable":true,"href":"https:\/\/pornuestrolaredo.com\/index.php?rest_route=%2Fwp%2Fv2%2Fcomments&post=545"}],"version-history":[{"count":1,"href":"https:\/\/pornuestrolaredo.com\/index.php?rest_route=\/wp\/v2\/posts\/545\/revisions"}],"predecessor-version":[{"id":547,"href":"https:\/\/pornuestrolaredo.com\/index.php?rest_route=\/wp\/v2\/posts\/545\/revisions\/547"}],"wp:featuredmedia":[{"embeddable":true,"href":"https:\/\/pornuestrolaredo.com\/index.php?rest_route=\/wp\/v2\/media\/546"}],"wp:attachment":[{"href":"https:\/\/pornuestrolaredo.com\/index.php?rest_route=%2Fwp%2Fv2%2Fmedia&parent=545"}],"wp:term":[{"taxonomy":"category","embeddable":true,"href":"https:\/\/pornuestrolaredo.com\/index.php?rest_route=%2Fwp%2Fv2%2Fcategories&post=545"},{"taxonomy":"post_tag","embeddable":true,"href":"https:\/\/pornuestrolaredo.com\/index.php?rest_route=%2Fwp%2Fv2%2Ftags&post=545"}],"curies":[{"name":"wp","href":"https:\/\/api.w.org\/{rel}","templated":true}]}}