{"id":548,"date":"2022-10-11T00:19:01","date_gmt":"2022-10-11T00:19:01","guid":{"rendered":"https:\/\/pornuestrolaredo.com\/?p=548"},"modified":"2022-10-11T00:19:01","modified_gmt":"2022-10-11T00:19:01","slug":"recibe-americo-un-estado-saqueado","status":"publish","type":"post","link":"https:\/\/pornuestrolaredo.com\/?p=548","title":{"rendered":"Recibe Am\u00e9rico un Estado saqueado"},"content":{"rendered":"\n<p class=\"wp-block-paragraph\"><strong><em>Altamira, Tamaulipas. &#8211;<\/em><\/strong> El Gobernador Am\u00e9rico Villarreal Anaya denunci\u00f3 que a una semana de haber iniciado su gobierno se detectaron graves irregularidades de la administraci\u00f3n anterior, destacando un d\u00e9ficit de 2 mil millones de pesos, se cuentan con 7 millones para el ejercicio del \u00faltimo trimestre; desorden administrativo, obras sobrevaloradas y &#8220;moches&#8221; por 4,800 millones de pesos.<\/p>\n\n\n\n<blockquote class=\"wp-block-quote is-layout-flow wp-block-quote-is-layout-flow\"><p>Recibimos un estado arruinado y peor a\u00fan maliciosamente saqueado. La situaci\u00f3n que guardan las finanzas es peor de lo que se cre\u00eda&#8221;, advirti\u00f3.<\/p><\/blockquote>\n\n\n\n<p class=\"wp-block-paragraph\">Al hacer una radiograf\u00eda de la situaci\u00f3n del estado que guarda la administraci\u00f3n estatal y acompa\u00f1ado por 11 secretarios de su gabinete, el Gobernador Am\u00e9rico Villarreal asegur\u00f3 que su gobierno no puede ser omiso a todo lo ocurrido en el pasado reciente y reiter\u00f3 que no habr\u00e1 impunidad, &#8220;porque al margen de la ley, nada; por encima de la ley, nadie&#8221;.<\/p>\n\n\n\n<p class=\"wp-block-paragraph\">Al exponer solamente algunas de las irregularidades detectadas, esta ma\u00f1ana en conferencia de prensa, celebrada en Altamira, el Jefe del Ejecutivo revel\u00f3 que al 1 de octubre de este a\u00f1o el gobierno saliente solo dej\u00f3 7 millones de pesos para el ejercicio de los meses de octubre a diciembre, lo que representa un d\u00e9ficit de 2 mil millones para el \u00faltimo trimestre del a\u00f1o.<\/p>\n\n\n\n<p class=\"wp-block-paragraph\">En la Secretar\u00eda de Salud, mencion\u00f3 que la empresa Intercontinental de Medicamentos S.A. de C.V. recibi\u00f3 un contrato multianual por 1,150 millones de pesos, pero solo ha suministrado el primer bimestre y parcialmente el segundo bimestre, lo que repercute de manera directa en el desabasto y en la calidad de los servicios de salud.<\/p>\n\n\n\n<p class=\"wp-block-paragraph\">Asimismo, se refiri\u00f3 a la situaci\u00f3n en la Secretar\u00eda de Educaci\u00f3n, donde hay desviaciones por 2,096.5 millones de pesos, seg\u00fan el reporte de la Auditor\u00eda Superior de la Federaci\u00f3n.<\/p>\n\n\n\n<p class=\"wp-block-paragraph\">Al referirse a la Secretar\u00eda de Obras P\u00fablicas revel\u00f3 que se detect\u00f3 la acumulaci\u00f3n de contrataciones, ampliaci\u00f3n injustificada de los presupuestos contratados inicialmente, diferencias inexplicables y sobrevaloraci\u00f3n de las obras que oscilan entre un 22% y un 25%.<\/p>\n\n\n\n<blockquote class=\"wp-block-quote is-layout-flow wp-block-quote-is-layout-flow\"><p>Este porcentaje corresponde a los &#8220;moches&#8221; que exig\u00edan. Nada m\u00e1s y nada menos que 4,868 millones de &#8220;moches&#8221; que se pagaron durante el per\u00edodo anterior&#8221;, indic\u00f3.<\/p><\/blockquote>\n\n\n\n<p class=\"wp-block-paragraph\">El Gobernador Am\u00e9rico Villarreal apunt\u00f3 que en Seguridad P\u00fablica, del total de la flota de 785 unidades, solo se encuentran activas 343, un 43.6% en operatividad. Solo 4 veh\u00edculos de cada 10 est\u00e1n en buen funcionamiento.<\/p>\n\n\n\n<blockquote class=\"wp-block-quote is-layout-flow wp-block-quote-is-layout-flow\"><p>Existen bastantes irregularidades y carencias en todas las secretar\u00edas que atenderemos a la brevedad, con el \u00fanico objetivo de dar respuesta a los problemas de la gente, como es nuestro compromiso y obligaci\u00f3n&#8221;, se\u00f1al\u00f3.<\/p><\/blockquote>\n\n\n\n<p class=\"wp-block-paragraph\">El hecho de que nosotros si vayamos a trabajar por el bien de las y los tamaulipecos para resolver el desastre heredado, no exime a aquellos que no cumplieron cabalmente con su responsabilidad y encargo, de responder legalmente por sus acciones y omisiones&#8221;, advirti\u00f3.<\/p>\n\n\n\n<p class=\"wp-block-paragraph\">En la conferencia de prensa, los titulares de las diferentes Secretar\u00edas tambi\u00e9n expusieron algunas de las situaciones que han detectado en la primera semana de su gesti\u00f3n.<\/p>\n\n\n\n<p class=\"wp-block-paragraph\">La secretaria de Finanzas, Adriana Lozano dijo que el estado est\u00e1 &#8220;golpeado y muy herido&#8221;, pues solo dejaron 7 millones de pesos; 4 millones de ingresos propios y 3 millones del Ramo 28, explic\u00f3 pero asegur\u00f3 que los trabajadores del estado pueden tener la seguridad que recibir\u00e1n el pago de su quincena.<\/p>\n\n\n\n<p class=\"wp-block-paragraph\">Por su parte, el secretario de Administraci\u00f3n, Jes\u00fas Lav\u00edn denunci\u00f3 que se han detectado aviadores, compensaciones excesivas, firmas ap\u00f3crifas y hasta extorsiones para que los trabajadores firmen por cantidades menores a la que les pagan.<br>Alert\u00f3 tambi\u00e9n sobre la basificaci\u00f3n de personal de puestos directivos y de personal que ten\u00eda menos de 6 a\u00f1os de laborar en Gobierno.<\/p>\n","protected":false},"excerpt":{"rendered":"<p>Altamira, Tamaulipas. &#8211; El Gobernador Am\u00e9rico Villarreal Anaya denunci\u00f3 que a una semana de haber iniciado su gobierno<\/p>\n","protected":false},"author":1,"featured_media":549,"comment_status":"open","ping_status":"open","sticky":false,"template":"","format":"standard","meta":{"_crdt_document":"","_jetpack_memberships_contains_paid_content":false,"footnotes":"","jetpack_publicize_message":"Asegura el Gobernador que hay un d\u00e9ficit que supera los 2 mil millones de pesos","jetpack_publicize_feature_enabled":true,"jetpack_social_post_already_shared":true,"jetpack_social_options":{"image_generator_settings":{"template":"highway","default_image_id":0,"font":"","enabled":false},"version":2},"_wpas_customize_per_network":false},"categories":[11],"tags":[],"class_list":["post-548","post","type-post","status-publish","format-standard","has-post-thumbnail","hentry","category-tamaulipas"],"magazineBlocksPostFeaturedMedia":{"thumbnail":"https:\/\/pornuestrolaredo.com\/wp-content\/uploads\/2022\/10\/Estado-saqueo-150x150.jpeg","medium":"https:\/\/pornuestrolaredo.com\/wp-content\/uploads\/2022\/10\/Estado-saqueo-300x200.jpeg","medium_large":"https:\/\/pornuestrolaredo.com\/wp-content\/uploads\/2022\/10\/Estado-saqueo-768x512.jpeg","large":"https:\/\/pornuestrolaredo.com\/wp-content\/uploads\/2022\/10\/Estado-saqueo-1024x683.jpeg","1536x1536":"https:\/\/pornuestrolaredo.com\/wp-content\/uploads\/2022\/10\/Estado-saqueo.jpeg","2048x2048":"https:\/\/pornuestrolaredo.com\/wp-content\/uploads\/2022\/10\/Estado-saqueo.jpeg","morenews-large":"https:\/\/pornuestrolaredo.com\/wp-content\/uploads\/2022\/10\/Estado-saqueo.jpeg","morenews-medium":"https:\/\/pornuestrolaredo.com\/wp-content\/uploads\/2022\/10\/Estado-saqueo.jpeg"},"magazineBlocksPostAuthor":{"name":"Redactor","avatar":"https:\/\/pornuestrolaredo.com\/wp-content\/litespeed\/avatar\/dca1d7ec750c399f025f23b0b314f4cf.jpg?ver=1777612120"},"magazineBlocksPostCommentsNumber":false,"magazineBlocksPostExcerpt":"Altamira, Tamaulipas. &#8211; El Gobernador Am\u00e9rico Villarreal Anaya denunci\u00f3 que a una semana de haber iniciado su gobierno","magazineBlocksPostCategories":["Tamaulipas"],"magazineBlocksPostViewCount":298,"magazineBlocksPostReadTime":4,"magazine_blocks_featured_image_url":{"full":["https:\/\/pornuestrolaredo.com\/wp-content\/uploads\/2022\/10\/Estado-saqueo.jpeg",1280,854,false],"medium":["https:\/\/pornuestrolaredo.com\/wp-content\/uploads\/2022\/10\/Estado-saqueo-300x200.jpeg",300,200,true],"thumbnail":["https:\/\/pornuestrolaredo.com\/wp-content\/uploads\/2022\/10\/Estado-saqueo-150x150.jpeg",150,150,true]},"magazine_blocks_author":{"display_name":"Redactor","author_link":"https:\/\/pornuestrolaredo.com\/?author=1"},"magazine_blocks_comment":0,"magazine_blocks_author_image":"https:\/\/pornuestrolaredo.com\/wp-content\/litespeed\/avatar\/dca1d7ec750c399f025f23b0b314f4cf.jpg?ver=1777612120","magazine_blocks_category":"<a href=\"#\" class=\"category-link category-link-11\">Tamaulipas<\/a>","jetpack_publicize_connections":[],"featured_image_urls":{"full":["https:\/\/pornuestrolaredo.com\/wp-content\/uploads\/2022\/10\/Estado-saqueo.jpeg",1280,854,false],"thumbnail":["https:\/\/pornuestrolaredo.com\/wp-content\/uploads\/2022\/10\/Estado-saqueo-150x150.jpeg",150,150,true],"medium":["https:\/\/pornuestrolaredo.com\/wp-content\/uploads\/2022\/10\/Estado-saqueo-300x200.jpeg",300,200,true],"medium_large":["https:\/\/pornuestrolaredo.com\/wp-content\/uploads\/2022\/10\/Estado-saqueo-768x512.jpeg",640,427,true],"large":["https:\/\/pornuestrolaredo.com\/wp-content\/uploads\/2022\/10\/Estado-saqueo-1024x683.jpeg",640,427,true],"1536x1536":["https:\/\/pornuestrolaredo.com\/wp-content\/uploads\/2022\/10\/Estado-saqueo.jpeg",1280,854,false],"2048x2048":["https:\/\/pornuestrolaredo.com\/wp-content\/uploads\/2022\/10\/Estado-saqueo.jpeg",1280,854,false],"morenews-large":["https:\/\/pornuestrolaredo.com\/wp-content\/uploads\/2022\/10\/Estado-saqueo.jpeg",825,550,false],"morenews-medium":["https:\/\/pornuestrolaredo.com\/wp-content\/uploads\/2022\/10\/Estado-saqueo.jpeg",590,394,false]},"author_info":{"info":["Redactor"]},"category_info":"<a href=\"https:\/\/pornuestrolaredo.com\/?cat=11\" rel=\"category\">Tamaulipas<\/a>","tag_info":"Tamaulipas","comment_count":"0","jetpack_featured_media_url":"https:\/\/pornuestrolaredo.com\/wp-content\/uploads\/2022\/10\/Estado-saqueo.jpeg","jetpack_sharing_enabled":true,"_links":{"self":[{"href":"https:\/\/pornuestrolaredo.com\/index.php?rest_route=\/wp\/v2\/posts\/548","targetHints":{"allow":["GET"]}}],"collection":[{"href":"https:\/\/pornuestrolaredo.com\/index.php?rest_route=\/wp\/v2\/posts"}],"about":[{"href":"https:\/\/pornuestrolaredo.com\/index.php?rest_route=\/wp\/v2\/types\/post"}],"author":[{"embeddable":true,"href":"https:\/\/pornuestrolaredo.com\/index.php?rest_route=\/wp\/v2\/users\/1"}],"replies":[{"embeddable":true,"href":"https:\/\/pornuestrolaredo.com\/index.php?rest_route=%2Fwp%2Fv2%2Fcomments&post=548"}],"version-history":[{"count":1,"href":"https:\/\/pornuestrolaredo.com\/index.php?rest_route=\/wp\/v2\/posts\/548\/revisions"}],"predecessor-version":[{"id":550,"href":"https:\/\/pornuestrolaredo.com\/index.php?rest_route=\/wp\/v2\/posts\/548\/revisions\/550"}],"wp:featuredmedia":[{"embeddable":true,"href":"https:\/\/pornuestrolaredo.com\/index.php?rest_route=\/wp\/v2\/media\/549"}],"wp:attachment":[{"href":"https:\/\/pornuestrolaredo.com\/index.php?rest_route=%2Fwp%2Fv2%2Fmedia&parent=548"}],"wp:term":[{"taxonomy":"category","embeddable":true,"href":"https:\/\/pornuestrolaredo.com\/index.php?rest_route=%2Fwp%2Fv2%2Fcategories&post=548"},{"taxonomy":"post_tag","embeddable":true,"href":"https:\/\/pornuestrolaredo.com\/index.php?rest_route=%2Fwp%2Fv2%2Ftags&post=548"}],"curies":[{"name":"wp","href":"https:\/\/api.w.org\/{rel}","templated":true}]}}