{"id":554,"date":"2022-10-11T05:51:49","date_gmt":"2022-10-11T05:51:49","guid":{"rendered":"https:\/\/pornuestrolaredo.com\/?p=554"},"modified":"2022-10-11T05:51:49","modified_gmt":"2022-10-11T05:51:49","slug":"%ef%bf%bcabriran-dos-depositos-mas-para-grandes-piezas-de-basura","status":"publish","type":"post","link":"https:\/\/pornuestrolaredo.com\/?p=554","title":{"rendered":"\ufffcAbrir\u00e1n dos dep\u00f3sitos m\u00e1s para grandes piezas de basura"},"content":{"rendered":"\n<p class=\"wp-block-paragraph\"><strong><em>NUEVO LAREDO.-<\/em><\/strong> La alcaldesa Carmen Lilia Canturosas Villarreal anunci\u00f3 en conferencia de prensa que, adem\u00e1s del centro de transferencia ubicado dentro del parque Polvo Enamorado, se sumar\u00e1n otros dos al sur y poniente de la ciudad para eficientizar las estrategias que el Gobierno Municipal lleva a cabo para mantener una ciudad limpia.<\/p>\n\n\n\n<p class=\"wp-block-paragraph\">Los centros de transferencia se instalar\u00e1n en el Kil\u00f3metro 10 de la Carretera Nacional en la calle Campo Santo, colonia Enrique C\u00e1rdenas Gonz\u00e1lez, a un lado del pante\u00f3n municipal nuevo y en Eva Samano 271 norte, colonia Solidaridad, a un lado de las oficinas de Limpieza Urbana.<\/p>\n\n\n\n<p class=\"wp-block-paragraph\">Con esta adici\u00f3n, se espera una recolecci\u00f3n mensual de 50 a 60 toneladas de basura.<\/p>\n\n\n\n<p class=\"wp-block-paragraph\">La presidenta municipal se\u00f1al\u00f3 que desde el inicio de la Administraci\u00f3n 2021-2024 se emprendi\u00f3 una serie de acciones encaminadas a mantener la ciudad aseada en coordinaci\u00f3n con las dependencias de Obras P\u00fablicas, Medio Ambiente, Servicios P\u00fablicos Primarios y la empresa Veolia para eficientizar el servicio de limpieza en la ciudad.<\/p>\n\n\n\n<blockquote class=\"wp-block-quote is-layout-flow wp-block-quote-is-layout-flow\"><p>El trabajo para restablecer la imagen urbana de Nuevo Laredo es intenso, nosotros como Gobierno Municipal estamos uniendo fuerzas para mantener a nuestra ciudad limpia, adem\u00e1s de los diferentes programas y centros de acopio de residuos que tenemos, hoy ponemos en marcha estos Centros de Transferencia que ser\u00e1n de mucho beneficio para las familias\u201d, resalt\u00f3.<\/p><\/blockquote>\n\n\n\n<p class=\"wp-block-paragraph\">El secretario de Servicios P\u00fablicos Primarios Municipal, Horacio Seoane Yeme, explic\u00f3 que esta estrategia surge para combatir la generaci\u00f3n de tiraderos clandestinos con alternativas para que los ciudadanos desechen sus residuos.<\/p>\n\n\n\n<blockquote class=\"wp-block-quote is-layout-flow wp-block-quote-is-layout-flow\"><p>Escuchamos a los ciudadanos y por eso implementamos otros dos centros de transferencia que ubicamos estrat\u00e9gicamente para posibilitar el alcance a la poblaci\u00f3n, es responsabilidad de todos cuidar el medio ambiente y con esto lo facilitamos\u201d, puntualiz\u00f3.<\/p><\/blockquote>\n\n\n\n<p class=\"wp-block-paragraph\">Como resultado de tres meses de funcionamiento del centro de transferencia en el Polvo Enamorado, se han recolectado m\u00e1s de 27 toneladas de basura.<\/p>\n\n\n\n<p class=\"wp-block-paragraph\">En ellos se puede desechar lo siguiente: jardiner\u00eda, muebles o colchones, alimentos, papel, cart\u00f3n y derivados, pl\u00e1sticos y hule, madera, pedacer\u00eda de cuero, vidrio, fibras sint\u00e9ticas y hueso.<\/p>\n\n\n\n<p class=\"wp-block-paragraph\">Lo que no se recibe es: llantas gastadas, escombro, animales muertos, lodo o l\u00edquidos, tampoco residuos peligrosos como aceite quemado, bater\u00edas, de curaci\u00f3n o aquellos corrosivos, reactivos, explosivos, t\u00f3xicos o biol\u00f3gicos infecciosos. Los centros operan de lunes a viernes con un horario de <strong>8:00 AM<\/strong> a <strong>9:00 PM<\/strong>&nbsp; y s\u00e1bados de <strong>8:00 AM<\/strong> a <strong>1:00 PM<\/strong>.<\/p>\n","protected":false},"excerpt":{"rendered":"<p>NUEVO LAREDO.- La alcaldesa Carmen Lilia Canturosas Villarreal anunci\u00f3 en conferencia de prensa que, adem\u00e1s del centro de<\/p>\n","protected":false},"author":1,"featured_media":555,"comment_status":"open","ping_status":"open","sticky":false,"template":"","format":"standard","meta":{"_crdt_document":"","_jetpack_memberships_contains_paid_content":false,"footnotes":"","jetpack_publicize_message":"Anuncia la alcaldesa que los centros de transferencia se ubicar\u00e1n en el Kil\u00f3metro 10 y en la colonia Solidaridad","jetpack_publicize_feature_enabled":true,"jetpack_social_post_already_shared":true,"jetpack_social_options":{"image_generator_settings":{"template":"highway","default_image_id":0,"font":"","enabled":false},"version":2},"_wpas_customize_per_network":false},"categories":[5],"tags":[],"class_list":["post-554","post","type-post","status-publish","format-standard","has-post-thumbnail","hentry","category-dos-laredos"],"magazineBlocksPostFeaturedMedia":{"thumbnail":"https:\/\/pornuestrolaredo.com\/wp-content\/uploads\/2022\/10\/PNL-20221010-3-150x150.jpg","medium":"https:\/\/pornuestrolaredo.com\/wp-content\/uploads\/2022\/10\/PNL-20221010-3-300x200.jpg","medium_large":"https:\/\/pornuestrolaredo.com\/wp-content\/uploads\/2022\/10\/PNL-20221010-3-768x512.jpg","large":"https:\/\/pornuestrolaredo.com\/wp-content\/uploads\/2022\/10\/PNL-20221010-3-1024x682.jpg","1536x1536":"https:\/\/pornuestrolaredo.com\/wp-content\/uploads\/2022\/10\/PNL-20221010-3.jpg","2048x2048":"https:\/\/pornuestrolaredo.com\/wp-content\/uploads\/2022\/10\/PNL-20221010-3.jpg","morenews-large":"https:\/\/pornuestrolaredo.com\/wp-content\/uploads\/2022\/10\/PNL-20221010-3.jpg","morenews-medium":"https:\/\/pornuestrolaredo.com\/wp-content\/uploads\/2022\/10\/PNL-20221010-3.jpg"},"magazineBlocksPostAuthor":{"name":"Redactor","avatar":"https:\/\/pornuestrolaredo.com\/wp-content\/litespeed\/avatar\/dca1d7ec750c399f025f23b0b314f4cf.jpg?ver=1777612120"},"magazineBlocksPostCommentsNumber":false,"magazineBlocksPostExcerpt":"NUEVO LAREDO.- La alcaldesa Carmen Lilia Canturosas Villarreal anunci\u00f3 en conferencia de prensa que, adem\u00e1s del centro de","magazineBlocksPostCategories":["Dos Laredos"],"magazineBlocksPostViewCount":130,"magazineBlocksPostReadTime":3,"magazine_blocks_featured_image_url":{"full":["https:\/\/pornuestrolaredo.com\/wp-content\/uploads\/2022\/10\/PNL-20221010-3.jpg",1280,853,false],"medium":["https:\/\/pornuestrolaredo.com\/wp-content\/uploads\/2022\/10\/PNL-20221010-3-300x200.jpg",300,200,true],"thumbnail":["https:\/\/pornuestrolaredo.com\/wp-content\/uploads\/2022\/10\/PNL-20221010-3-150x150.jpg",150,150,true]},"magazine_blocks_author":{"display_name":"Redactor","author_link":"https:\/\/pornuestrolaredo.com\/?author=1"},"magazine_blocks_comment":0,"magazine_blocks_author_image":"https:\/\/pornuestrolaredo.com\/wp-content\/litespeed\/avatar\/dca1d7ec750c399f025f23b0b314f4cf.jpg?ver=1777612120","magazine_blocks_category":"<a href=\"#\" class=\"category-link category-link-5\">Dos Laredos<\/a>","jetpack_publicize_connections":[],"featured_image_urls":{"full":["https:\/\/pornuestrolaredo.com\/wp-content\/uploads\/2022\/10\/PNL-20221010-3.jpg",1280,853,false],"thumbnail":["https:\/\/pornuestrolaredo.com\/wp-content\/uploads\/2022\/10\/PNL-20221010-3-150x150.jpg",150,150,true],"medium":["https:\/\/pornuestrolaredo.com\/wp-content\/uploads\/2022\/10\/PNL-20221010-3-300x200.jpg",300,200,true],"medium_large":["https:\/\/pornuestrolaredo.com\/wp-content\/uploads\/2022\/10\/PNL-20221010-3-768x512.jpg",640,427,true],"large":["https:\/\/pornuestrolaredo.com\/wp-content\/uploads\/2022\/10\/PNL-20221010-3-1024x682.jpg",640,426,true],"1536x1536":["https:\/\/pornuestrolaredo.com\/wp-content\/uploads\/2022\/10\/PNL-20221010-3.jpg",1280,853,false],"2048x2048":["https:\/\/pornuestrolaredo.com\/wp-content\/uploads\/2022\/10\/PNL-20221010-3.jpg",1280,853,false],"morenews-large":["https:\/\/pornuestrolaredo.com\/wp-content\/uploads\/2022\/10\/PNL-20221010-3.jpg",825,550,false],"morenews-medium":["https:\/\/pornuestrolaredo.com\/wp-content\/uploads\/2022\/10\/PNL-20221010-3.jpg",590,393,false]},"author_info":{"info":["Redactor"]},"category_info":"<a href=\"https:\/\/pornuestrolaredo.com\/?cat=5\" rel=\"category\">Dos Laredos<\/a>","tag_info":"Dos Laredos","comment_count":"0","jetpack_featured_media_url":"https:\/\/pornuestrolaredo.com\/wp-content\/uploads\/2022\/10\/PNL-20221010-3.jpg","jetpack_sharing_enabled":true,"_links":{"self":[{"href":"https:\/\/pornuestrolaredo.com\/index.php?rest_route=\/wp\/v2\/posts\/554","targetHints":{"allow":["GET"]}}],"collection":[{"href":"https:\/\/pornuestrolaredo.com\/index.php?rest_route=\/wp\/v2\/posts"}],"about":[{"href":"https:\/\/pornuestrolaredo.com\/index.php?rest_route=\/wp\/v2\/types\/post"}],"author":[{"embeddable":true,"href":"https:\/\/pornuestrolaredo.com\/index.php?rest_route=\/wp\/v2\/users\/1"}],"replies":[{"embeddable":true,"href":"https:\/\/pornuestrolaredo.com\/index.php?rest_route=%2Fwp%2Fv2%2Fcomments&post=554"}],"version-history":[{"count":1,"href":"https:\/\/pornuestrolaredo.com\/index.php?rest_route=\/wp\/v2\/posts\/554\/revisions"}],"predecessor-version":[{"id":556,"href":"https:\/\/pornuestrolaredo.com\/index.php?rest_route=\/wp\/v2\/posts\/554\/revisions\/556"}],"wp:featuredmedia":[{"embeddable":true,"href":"https:\/\/pornuestrolaredo.com\/index.php?rest_route=\/wp\/v2\/media\/555"}],"wp:attachment":[{"href":"https:\/\/pornuestrolaredo.com\/index.php?rest_route=%2Fwp%2Fv2%2Fmedia&parent=554"}],"wp:term":[{"taxonomy":"category","embeddable":true,"href":"https:\/\/pornuestrolaredo.com\/index.php?rest_route=%2Fwp%2Fv2%2Fcategories&post=554"},{"taxonomy":"post_tag","embeddable":true,"href":"https:\/\/pornuestrolaredo.com\/index.php?rest_route=%2Fwp%2Fv2%2Ftags&post=554"}],"curies":[{"name":"wp","href":"https:\/\/api.w.org\/{rel}","templated":true}]}}