{"id":557,"date":"2022-10-11T05:57:10","date_gmt":"2022-10-11T05:57:10","guid":{"rendered":"https:\/\/pornuestrolaredo.com\/?p=557"},"modified":"2022-10-11T05:57:10","modified_gmt":"2022-10-11T05:57:10","slug":"lluvias-torrenciales-matan-a-22-en-venezuela%ef%bf%bc","status":"publish","type":"post","link":"https:\/\/pornuestrolaredo.com\/?p=557","title":{"rendered":"Lluvias torrenciales matan a 22 en Venezuela\ufffc"},"content":{"rendered":"\n<p class=\"wp-block-paragraph\"><strong><em>LAS TEJER\u00cdAS, Venezuela.-  <\/em><\/strong>Inundaciones repentinas en el centro de Venezuela causaron la muerte de al menos 22 personas y dejaron decenas de barrios y empresas afectadas y varias casas destruidas, despu\u00e9s de que las lluvias torrenciales provocaron r\u00edos de lodo, rocas y \u00e1rboles en el municipio de Santos Michelena, informaron las autoridades.<\/p>\n\n\n\n<p class=\"wp-block-paragraph\">Los pobladores de Las Tejer\u00edas de Santos Michelena, un municipio agroindustrial del estado Aragua, a unos 87 kil\u00f3metros al suroeste de Caracas, apenas tuvieron unos pocos segundos para ponerse a salvo el s\u00e1bado por la noche.<\/p>\n\n\n\n<p class=\"wp-block-paragraph\">La cifra oficial de fallecidos se elev\u00f3 a 22 tras la recuperaci\u00f3n de 20 cuerpos el domingo, confirm\u00f3 la vicepresidenta Delcy Rodr\u00edguez en declaraciones a la prensa difundidas por la estatal Venezolana de Televisi\u00f3n.<\/p>\n\n\n\n<blockquote class=\"wp-block-quote is-layout-flow wp-block-quote-is-layout-flow\"><p>Hubo un gran deslave en la zona central de Las Tejer\u00edas\u201d, donde se desbordaron cinco quebradas, acot\u00f3 la vicepresidenta desde la zona afectada. Adem\u00e1s de los da\u00f1os a la infraestructura de la localidad, \u201ctenemos ya encontradas 22 personas fallecidas, hay m\u00e1s de 52 personas desaparecidas\u201d, agreg\u00f3.<\/p><\/blockquote>\n\n\n\n<blockquote class=\"wp-block-quote is-layout-flow wp-block-quote-is-layout-flow\"><p>Hemos perdido ni\u00f1as, ni\u00f1os, todo muy lamentable\u201d, indic\u00f3 Rodr\u00edguez, y destac\u00f3 que todav\u00eda \u201chay personas tapiadas. Estamos tratando de rescatarlos, de rescatarlos con vida\u201d. Tambi\u00e9n se habilitar\u00e1n refugios para el resguardo de la poblaci\u00f3n que perdi\u00f3 sus viviendas.<\/p><\/blockquote>\n\n\n\n<p class=\"wp-block-paragraph\">Horas antes, el mayor general Carlos P\u00e9rez Ampueda, viceministro para la Gesti\u00f3n de Riesgo y Protecci\u00f3n Civil, se\u00f1al\u00f3 en Twitter que vecinos de las barriadas El B\u00e9isbol y La Agotada \u2014ubicadas al norte del municipio, donde decenas de viviendas fueron afectadas por el desbordamiento de la quebrada Los Patos\u2014 reportan varios desaparecidos.<\/p>\n\n\n\n<p class=\"wp-block-paragraph\">Socorristas realizaban labores de b\u00fasqueda y rescate con la ayuda de perros adiestrados y drones, destac\u00f3 el viceministro el domingo.<\/p>\n\n\n\n<p class=\"wp-block-paragraph\">Monta\u00f1a arriba, el alud arras\u00f3 con la mayor\u00eda de las casas, incluyendo las de familias de un grupo de pastores evang\u00e9licos de la localidad, que en ese momento se encontraban orando, coment\u00f3 Carmen Teresa Chirinos, una ama de casa de Las Tejer\u00edas.<\/p>\n\n\n\n<blockquote class=\"wp-block-quote is-layout-flow wp-block-quote-is-layout-flow\"><p>Hay mucha gente desaparecida\u201d, se lament\u00f3, mientras las familias se abrazaban y lloraban frente a sus hogares y comercios.<\/p><\/blockquote>\n\n\n\n<p class=\"wp-block-paragraph\">En tanto, la gobernadora del estado de Aragua, Karina Carpio, indic\u00f3 que la corriente de las aguas \u201cafect\u00f3 de manera terrible\u201d a 21 sectores de Las Tejer\u00edas, capital del municipio de Santos Michelena, que cuenta con unos 54 mil &nbsp;habitantes.<\/p>\n\n\n\n<p class=\"wp-block-paragraph\">Adem\u00e1s, de manera preliminar se contabilizaban 15 empresas afectadas, varias casas y comercios destruidos y la interrupci\u00f3n del servicio el\u00e9ctrico luego de casi tres horas de fuertes lluvias.<\/p>\n\n\n\n<blockquote class=\"wp-block-quote is-layout-flow wp-block-quote-is-layout-flow\"><p>Tantas familias que perdieron sus casas, yo como comerciante perd\u00ed mi pizzer\u00eda\u201d, dijo Luis Fuentes, quien apenas dos a\u00f1os atr\u00e1s comenz\u00f3 su negocio. \u201cMira, no tengo nada\u201d, a\u00f1adi\u00f3 visiblemente afectado.<\/p><\/blockquote>\n\n\n\n<p class=\"wp-block-paragraph\">Cuadrillas de obreros y maquinaria pesada retiraban escombros para despejar v\u00edas y restituir los servicios de electricidad y agua. Tambi\u00e9n se registraban fallas en la telefon\u00eda m\u00f3vil y fija, de acuerdo con informes.<\/p>\n\n\n\n<p class=\"wp-block-paragraph\">Durante la semana pasada, el paso de la onda tropical 41 de la temporada frente a las costas caribe\u00f1as de Venezuela provoc\u00f3 tasas m\u00e1ximas de precipitaciones, inundaciones y da\u00f1os materiales en 11 de los 23 estados del pa\u00eds. <\/p>\n\n\n\n<p class=\"wp-block-paragraph\">El gobierno del presidente Nicol\u00e1s Maduro ha dicho que 120 de los 335 municipios del pa\u00eds han sido afectados. El mandatario inform\u00f3 que se han desplegado a m\u00e1s de 20 mil funcionarios, incluidos socorristas y agentes de los cuerpos de seguridad, para atender la emergencia.<\/p>\n","protected":false},"excerpt":{"rendered":"<p>LAS TEJER\u00cdAS, Venezuela.- Inundaciones repentinas en el centro de Venezuela causaron la muerte de al menos 22 personas<\/p>\n","protected":false},"author":1,"featured_media":558,"comment_status":"open","ping_status":"open","sticky":false,"template":"","format":"standard","meta":{"_crdt_document":"","_jetpack_memberships_contains_paid_content":false,"footnotes":"","jetpack_publicize_message":"Decenas de barrios y empresas resultan afectadas por inundaciones y r\u00edos de lodo, rocas y \u00e1rboles","jetpack_publicize_feature_enabled":true,"jetpack_social_post_already_shared":true,"jetpack_social_options":{"image_generator_settings":{"template":"highway","default_image_id":0,"font":"","enabled":false},"version":2},"_wpas_customize_per_network":false},"categories":[9],"tags":[],"class_list":["post-557","post","type-post","status-publish","format-standard","has-post-thumbnail","hentry","category-el-mundo"],"magazineBlocksPostFeaturedMedia":{"thumbnail":"https:\/\/pornuestrolaredo.com\/wp-content\/uploads\/2022\/10\/Stereo91-20221010-3-150x150.jpeg","medium":"https:\/\/pornuestrolaredo.com\/wp-content\/uploads\/2022\/10\/Stereo91-20221010-3-300x200.jpeg","medium_large":"https:\/\/pornuestrolaredo.com\/wp-content\/uploads\/2022\/10\/Stereo91-20221010-3-768x512.jpeg","large":"https:\/\/pornuestrolaredo.com\/wp-content\/uploads\/2022\/10\/Stereo91-20221010-3.jpeg","1536x1536":"https:\/\/pornuestrolaredo.com\/wp-content\/uploads\/2022\/10\/Stereo91-20221010-3.jpeg","2048x2048":"https:\/\/pornuestrolaredo.com\/wp-content\/uploads\/2022\/10\/Stereo91-20221010-3.jpeg","morenews-large":"https:\/\/pornuestrolaredo.com\/wp-content\/uploads\/2022\/10\/Stereo91-20221010-3.jpeg","morenews-medium":"https:\/\/pornuestrolaredo.com\/wp-content\/uploads\/2022\/10\/Stereo91-20221010-3.jpeg"},"magazineBlocksPostAuthor":{"name":"Redactor","avatar":"https:\/\/pornuestrolaredo.com\/wp-content\/litespeed\/avatar\/dca1d7ec750c399f025f23b0b314f4cf.jpg?ver=1777612120"},"magazineBlocksPostCommentsNumber":false,"magazineBlocksPostExcerpt":"LAS TEJER\u00cdAS, Venezuela.- Inundaciones repentinas en el centro de Venezuela causaron la muerte de al menos 22 personas","magazineBlocksPostCategories":["El Mundo"],"magazineBlocksPostViewCount":129,"magazineBlocksPostReadTime":3,"magazine_blocks_featured_image_url":{"full":["https:\/\/pornuestrolaredo.com\/wp-content\/uploads\/2022\/10\/Stereo91-20221010-3.jpeg",1000,667,false],"medium":["https:\/\/pornuestrolaredo.com\/wp-content\/uploads\/2022\/10\/Stereo91-20221010-3-300x200.jpeg",300,200,true],"thumbnail":["https:\/\/pornuestrolaredo.com\/wp-content\/uploads\/2022\/10\/Stereo91-20221010-3-150x150.jpeg",150,150,true]},"magazine_blocks_author":{"display_name":"Redactor","author_link":"https:\/\/pornuestrolaredo.com\/?author=1"},"magazine_blocks_comment":0,"magazine_blocks_author_image":"https:\/\/pornuestrolaredo.com\/wp-content\/litespeed\/avatar\/dca1d7ec750c399f025f23b0b314f4cf.jpg?ver=1777612120","magazine_blocks_category":"<a href=\"#\" class=\"category-link category-link-9\">El Mundo<\/a>","jetpack_publicize_connections":[],"featured_image_urls":{"full":["https:\/\/pornuestrolaredo.com\/wp-content\/uploads\/2022\/10\/Stereo91-20221010-3.jpeg",1000,667,false],"thumbnail":["https:\/\/pornuestrolaredo.com\/wp-content\/uploads\/2022\/10\/Stereo91-20221010-3-150x150.jpeg",150,150,true],"medium":["https:\/\/pornuestrolaredo.com\/wp-content\/uploads\/2022\/10\/Stereo91-20221010-3-300x200.jpeg",300,200,true],"medium_large":["https:\/\/pornuestrolaredo.com\/wp-content\/uploads\/2022\/10\/Stereo91-20221010-3-768x512.jpeg",640,427,true],"large":["https:\/\/pornuestrolaredo.com\/wp-content\/uploads\/2022\/10\/Stereo91-20221010-3.jpeg",640,427,false],"1536x1536":["https:\/\/pornuestrolaredo.com\/wp-content\/uploads\/2022\/10\/Stereo91-20221010-3.jpeg",1000,667,false],"2048x2048":["https:\/\/pornuestrolaredo.com\/wp-content\/uploads\/2022\/10\/Stereo91-20221010-3.jpeg",1000,667,false],"morenews-large":["https:\/\/pornuestrolaredo.com\/wp-content\/uploads\/2022\/10\/Stereo91-20221010-3.jpeg",825,550,false],"morenews-medium":["https:\/\/pornuestrolaredo.com\/wp-content\/uploads\/2022\/10\/Stereo91-20221010-3.jpeg",590,394,false]},"author_info":{"info":["Redactor"]},"category_info":"<a href=\"https:\/\/pornuestrolaredo.com\/?cat=9\" rel=\"category\">El Mundo<\/a>","tag_info":"El Mundo","comment_count":"0","jetpack_featured_media_url":"https:\/\/pornuestrolaredo.com\/wp-content\/uploads\/2022\/10\/Stereo91-20221010-3.jpeg","jetpack_sharing_enabled":true,"_links":{"self":[{"href":"https:\/\/pornuestrolaredo.com\/index.php?rest_route=\/wp\/v2\/posts\/557","targetHints":{"allow":["GET"]}}],"collection":[{"href":"https:\/\/pornuestrolaredo.com\/index.php?rest_route=\/wp\/v2\/posts"}],"about":[{"href":"https:\/\/pornuestrolaredo.com\/index.php?rest_route=\/wp\/v2\/types\/post"}],"author":[{"embeddable":true,"href":"https:\/\/pornuestrolaredo.com\/index.php?rest_route=\/wp\/v2\/users\/1"}],"replies":[{"embeddable":true,"href":"https:\/\/pornuestrolaredo.com\/index.php?rest_route=%2Fwp%2Fv2%2Fcomments&post=557"}],"version-history":[{"count":1,"href":"https:\/\/pornuestrolaredo.com\/index.php?rest_route=\/wp\/v2\/posts\/557\/revisions"}],"predecessor-version":[{"id":559,"href":"https:\/\/pornuestrolaredo.com\/index.php?rest_route=\/wp\/v2\/posts\/557\/revisions\/559"}],"wp:featuredmedia":[{"embeddable":true,"href":"https:\/\/pornuestrolaredo.com\/index.php?rest_route=\/wp\/v2\/media\/558"}],"wp:attachment":[{"href":"https:\/\/pornuestrolaredo.com\/index.php?rest_route=%2Fwp%2Fv2%2Fmedia&parent=557"}],"wp:term":[{"taxonomy":"category","embeddable":true,"href":"https:\/\/pornuestrolaredo.com\/index.php?rest_route=%2Fwp%2Fv2%2Fcategories&post=557"},{"taxonomy":"post_tag","embeddable":true,"href":"https:\/\/pornuestrolaredo.com\/index.php?rest_route=%2Fwp%2Fv2%2Ftags&post=557"}],"curies":[{"name":"wp","href":"https:\/\/api.w.org\/{rel}","templated":true}]}}