{"id":5593,"date":"2024-11-05T19:21:55","date_gmt":"2024-11-05T19:21:55","guid":{"rendered":"https:\/\/pornuestrolaredo.com\/?p=5593"},"modified":"2024-11-05T19:21:55","modified_gmt":"2024-11-05T19:21:55","slug":"pasa-por-jaimaica-la-tormenta-tropical-rafael","status":"publish","type":"post","link":"https:\/\/pornuestrolaredo.com\/?p=5593","title":{"rendered":"Pasa por Jaimaica la tormenta tropical Rafael"},"content":{"rendered":"<p><strong><em>SAN JUAN, Puerto Rico.- <\/em><\/strong>La tormenta tropical Rafael pasaba el martes por el oeste de Jamaica y se esperaba que se fortaleciera hasta convertirse en hurac\u00e1n rumbo a Cuba.<\/p>\n<p>La tormenta se encontraba por la ma\u00f1ana a 105 kil\u00f3metros (65 millas) al suroeste de Bah\u00eda Montego, Jamaica, con vientos m\u00e1ximos sostenidos de 95 km\/h (60 mph) y se mov\u00eda hacia el noroeste a 20 km\/h (13 mph), seg\u00fan el Centro Nacional de Huracanes de Estados Unidos.<\/p>\n<p>El centro dijo que esperaba una \u201cintensificaci\u00f3n de constante a r\u00e1pida\u201d durante las pr\u00f3ximas 24 a 36 horas y que continuara pasando por Jamaica hasta el martes por la tarde, que estuviera cerca o sobre las Islas Caim\u00e1n el martes por la noche y que tocara tierra en Cuba el mi\u00e9rcoles.<\/p>\n<blockquote><p>Se espera que Rafael se convierta en hurac\u00e1n a medida que pase cerca de las Islas Caim\u00e1n con mayor fortalecimiento antes de tocar tierra en Cuba\u201d, dijo el centro.<\/p><\/blockquote>\n<p>Hay una alerta de hurac\u00e1n para las Islas Caim\u00e1n y las provincias cubanas de Pinar del R\u00edo, Artemisa, La Habana, Mayabeque, Matanzas y la Isla de la Juventud.<\/p>\n<p>Se emiti\u00f3 una alerta de tormenta tropical para Jamaica y las provincias cubanas de Villa Clara, Cienfuegos, Sancti Sp\u00edritus y Ciego de \u00c1vila. Hab\u00eda un aviso de tormenta tropical para las provincias cubanas de Camag\u00fcey y Las Tunas y los Cayos de Florida inferiores y medios desde Cayo Hueso hasta el oeste del puente Channel 5, as\u00ed como en Dry Tortugas.<\/p>\n<blockquote><p>La tormenta se encuentra actualmente en un entorno atmosf\u00e9rico y oce\u00e1nico bastante propicio para su fortalecimiento\u201d, dijo el centro de huracanes.<\/p><\/blockquote>\n<p>En las Islas Caim\u00e1n, las autoridades cerraron escuelas y oficinas gubernamentales mientras instaban a los residentes a prepararse. Se reportaron largas filas en las tiendas de comestibles a medida que se acercaba la tormenta.<\/p>\n<p>Se espera que Rafael pase cerca o sobre las Islas Caim\u00e1n a \u00faltima hora del martes, y las autoridades cerraron escuelas y oficinas gubernamentales mientras instaban a la poblaci\u00f3n a prepararse.<\/p>\n<p>Jamaica tambi\u00e9n cerr\u00f3 como precauci\u00f3n, y los vientos exteriores de la tormenta ya azotaban la isla el lunes por la noche.<\/p>\n<blockquote><p>Pedimos a todos los jamaicanos a permanecer vigilantes\u201d, dijo el ministro de gobierno local y desarrollo comunitario, Desmond McKenzie.<\/p><\/blockquote>\n<p>El pron\u00f3stico apuntaba a que Rafael se acercar\u00eda a Cuba el mi\u00e9rcoles. Las autoridades cubanas dijeron el lunes por la noche que unas 37 mil personas estaban bajo \u00f3rdenes de evacuaci\u00f3n en el extremo oriental de Cuba, en la provincia de Guant\u00e1namo, debido al mal tiempo.<\/p>\n<p>La isla apenas se est\u00e1 recuperando del hurac\u00e1n \u00d3scar, que azot\u00f3 la isla hace aproximadamente dos semanas despu\u00e9s de tocar tierra en la parte oriental de Cuba, y mat\u00f3 al menos a seis personas. La tormenta tambi\u00e9n coincidi\u00f3 con un apag\u00f3n a gran escala en la isla.<\/p>\n<p>Los pronosticadores advirtieron que Rafael desatar\u00eda fuertes lluvias en el Caribe occidental que podr\u00edan provocar inundaciones y deslizamientos de tierra, con precipitaciones de 7 a 15 cent\u00edmetros (3 a 6 pulgadas) y hasta 25 cm (10 pulgadas) en algunos puntos de Jamaica y partes de Cuba.<\/p>\n<p>Tambi\u00e9n se esperaban fuertes lluvias que se extender\u00edan hacia el norte hasta Florida y \u00e1reas cercanas del sureste de Estados Unidos durante la parte media y final de la semana. Adem\u00e1s, se esperaban algunos tornados el mi\u00e9rcoles sobre los Cayos y el extremo suroeste del territorio continental de Florida.<\/p>\n<p>Rafael es la 17ma tormenta con nombre de la temporada.<\/p>\n<p>La Oficina Nacional de Administraci\u00f3n Oce\u00e1nica y Atmosf\u00e9rica de Estados Unidos predijo que la temporada de huracanes de 2024 probablemente estar\u00eda muy por encima de la media, con entre 17 y 25 tormentas con nombre. El pron\u00f3stico barajaba hasta 13 huracanes y cuatro huracanes de categor\u00eda 3 o m\u00e1s.<\/p>\n<p>Una temporada promedio de huracanes en el Atl\u00e1ntico produce 14 tormentas con nombre, siete de ellas huracanes y tres de categor\u00eda 3 o may<\/p>\n","protected":false},"excerpt":{"rendered":"<p>Se espera que al regresar al mar, tome fuerza de hurac\u00e1n y enfile rumbo a Cuba<\/p>\n","protected":false},"author":1,"featured_media":5594,"comment_status":"closed","ping_status":"closed","sticky":false,"template":"","format":"standard","meta":{"_crdt_document":"","_jetpack_memberships_contains_paid_content":false,"footnotes":"","jetpack_publicize_message":"","jetpack_publicize_feature_enabled":true,"jetpack_social_post_already_shared":true,"jetpack_social_options":{"image_generator_settings":{"template":"highway","default_image_id":0,"font":"","enabled":false},"version":2},"_wpas_customize_per_network":false},"categories":[9],"tags":[],"class_list":["post-5593","post","type-post","status-publish","format-standard","has-post-thumbnail","hentry","category-el-mundo"],"magazineBlocksPostFeaturedMedia":{"thumbnail":"https:\/\/pornuestrolaredo.com\/wp-content\/uploads\/2024\/11\/Stereo91-20241105-2-150x150.jpg","medium":"https:\/\/pornuestrolaredo.com\/wp-content\/uploads\/2024\/11\/Stereo91-20241105-2-300x166.jpg","medium_large":"https:\/\/pornuestrolaredo.com\/wp-content\/uploads\/2024\/11\/Stereo91-20241105-2-768x426.jpg","large":"https:\/\/pornuestrolaredo.com\/wp-content\/uploads\/2024\/11\/Stereo91-20241105-2-1000x555.jpg","1536x1536":"https:\/\/pornuestrolaredo.com\/wp-content\/uploads\/2024\/11\/Stereo91-20241105-2-1536x852.jpg","2048x2048":"https:\/\/pornuestrolaredo.com\/wp-content\/uploads\/2024\/11\/Stereo91-20241105-2.jpg","morenews-large":"https:\/\/pornuestrolaredo.com\/wp-content\/uploads\/2024\/11\/Stereo91-20241105-2.jpg","morenews-medium":"https:\/\/pornuestrolaredo.com\/wp-content\/uploads\/2024\/11\/Stereo91-20241105-2.jpg"},"magazineBlocksPostAuthor":{"name":"Redactor","avatar":"https:\/\/pornuestrolaredo.com\/wp-content\/litespeed\/avatar\/dca1d7ec750c399f025f23b0b314f4cf.jpg?ver=1777612120"},"magazineBlocksPostCommentsNumber":false,"magazineBlocksPostExcerpt":"Se espera que al regresar al mar, tome fuerza de hurac\u00e1n y enfile rumbo a Cuba","magazineBlocksPostCategories":["El Mundo"],"magazineBlocksPostViewCount":134,"magazineBlocksPostReadTime":4,"magazine_blocks_featured_image_url":{"full":["https:\/\/pornuestrolaredo.com\/wp-content\/uploads\/2024\/11\/Stereo91-20241105-2.jpg",1701,944,false],"medium":["https:\/\/pornuestrolaredo.com\/wp-content\/uploads\/2024\/11\/Stereo91-20241105-2-300x166.jpg",300,166,true],"thumbnail":["https:\/\/pornuestrolaredo.com\/wp-content\/uploads\/2024\/11\/Stereo91-20241105-2-150x150.jpg",150,150,true]},"magazine_blocks_author":{"display_name":"Redactor","author_link":"https:\/\/pornuestrolaredo.com\/?author=1"},"magazine_blocks_comment":0,"magazine_blocks_author_image":"https:\/\/pornuestrolaredo.com\/wp-content\/litespeed\/avatar\/dca1d7ec750c399f025f23b0b314f4cf.jpg?ver=1777612120","magazine_blocks_category":"<a href=\"#\" class=\"category-link category-link-9\">El Mundo<\/a>","jetpack_publicize_connections":[],"featured_image_urls":{"full":["https:\/\/pornuestrolaredo.com\/wp-content\/uploads\/2024\/11\/Stereo91-20241105-2.jpg",1701,944,false],"thumbnail":["https:\/\/pornuestrolaredo.com\/wp-content\/uploads\/2024\/11\/Stereo91-20241105-2-150x150.jpg",150,150,true],"medium":["https:\/\/pornuestrolaredo.com\/wp-content\/uploads\/2024\/11\/Stereo91-20241105-2-300x166.jpg",300,166,true],"medium_large":["https:\/\/pornuestrolaredo.com\/wp-content\/uploads\/2024\/11\/Stereo91-20241105-2-768x426.jpg",640,355,true],"large":["https:\/\/pornuestrolaredo.com\/wp-content\/uploads\/2024\/11\/Stereo91-20241105-2-1000x555.jpg",640,355,true],"1536x1536":["https:\/\/pornuestrolaredo.com\/wp-content\/uploads\/2024\/11\/Stereo91-20241105-2-1536x852.jpg",1536,852,true],"2048x2048":["https:\/\/pornuestrolaredo.com\/wp-content\/uploads\/2024\/11\/Stereo91-20241105-2.jpg",1701,944,false],"morenews-large":["https:\/\/pornuestrolaredo.com\/wp-content\/uploads\/2024\/11\/Stereo91-20241105-2.jpg",825,458,false],"morenews-medium":["https:\/\/pornuestrolaredo.com\/wp-content\/uploads\/2024\/11\/Stereo91-20241105-2.jpg",590,327,false]},"author_info":{"info":["Redactor"]},"category_info":"<a href=\"https:\/\/pornuestrolaredo.com\/?cat=9\" rel=\"category\">El Mundo<\/a>","tag_info":"El Mundo","comment_count":"0","jetpack_featured_media_url":"https:\/\/pornuestrolaredo.com\/wp-content\/uploads\/2024\/11\/Stereo91-20241105-2.jpg","jetpack_sharing_enabled":true,"_links":{"self":[{"href":"https:\/\/pornuestrolaredo.com\/index.php?rest_route=\/wp\/v2\/posts\/5593","targetHints":{"allow":["GET"]}}],"collection":[{"href":"https:\/\/pornuestrolaredo.com\/index.php?rest_route=\/wp\/v2\/posts"}],"about":[{"href":"https:\/\/pornuestrolaredo.com\/index.php?rest_route=\/wp\/v2\/types\/post"}],"author":[{"embeddable":true,"href":"https:\/\/pornuestrolaredo.com\/index.php?rest_route=\/wp\/v2\/users\/1"}],"replies":[{"embeddable":true,"href":"https:\/\/pornuestrolaredo.com\/index.php?rest_route=%2Fwp%2Fv2%2Fcomments&post=5593"}],"version-history":[{"count":1,"href":"https:\/\/pornuestrolaredo.com\/index.php?rest_route=\/wp\/v2\/posts\/5593\/revisions"}],"predecessor-version":[{"id":5595,"href":"https:\/\/pornuestrolaredo.com\/index.php?rest_route=\/wp\/v2\/posts\/5593\/revisions\/5595"}],"wp:featuredmedia":[{"embeddable":true,"href":"https:\/\/pornuestrolaredo.com\/index.php?rest_route=\/wp\/v2\/media\/5594"}],"wp:attachment":[{"href":"https:\/\/pornuestrolaredo.com\/index.php?rest_route=%2Fwp%2Fv2%2Fmedia&parent=5593"}],"wp:term":[{"taxonomy":"category","embeddable":true,"href":"https:\/\/pornuestrolaredo.com\/index.php?rest_route=%2Fwp%2Fv2%2Fcategories&post=5593"},{"taxonomy":"post_tag","embeddable":true,"href":"https:\/\/pornuestrolaredo.com\/index.php?rest_route=%2Fwp%2Fv2%2Ftags&post=5593"}],"curies":[{"name":"wp","href":"https:\/\/api.w.org\/{rel}","templated":true}]}}