{"id":560,"date":"2022-10-12T06:08:47","date_gmt":"2022-10-12T06:08:47","guid":{"rendered":"https:\/\/pornuestrolaredo.com\/?p=560"},"modified":"2022-10-12T06:08:47","modified_gmt":"2022-10-12T06:08:47","slug":"el-calor-no-aflojara-en-los-dos-laredos","status":"publish","type":"post","link":"https:\/\/pornuestrolaredo.com\/?p=560","title":{"rendered":"El calor no aflojar\u00e1 en los dos Laredos"},"content":{"rendered":"\n<p class=\"wp-block-paragraph\"><strong><em>LOS DOS LAREDOS.-<\/em><\/strong> En pleno oto\u00f1o, las temperaturas altas dominar\u00e1n en los dos Laredos por lo menos hasta el domingo y todo pese a la llegada de un frente fr\u00edo que no traer\u00e1 Ning\u00fan cambio importante a la regi\u00f3n.<\/p>\n\n\n\n<p class=\"wp-block-paragraph\">S\u00ed seguramente habr\u00e1 le\u00eddo en otras p\u00e1ginas que viene un frente fr\u00edo y hasta le dicen que saque las cobijas y todo se lo atribuyen al Servicio Meteorol\u00f3gico Nacional de M\u00e9xico. Por desgracia, el SMN no tiene estaciones meteorol\u00f3gicas en Nuevo Laredo y sus pron\u00f3sticos suelen ser muy errados.<\/p>\n\n\n\n<p class=\"wp-block-paragraph\">Por el contrario, el Servicio Meteorol\u00f3gico Nacional de Estados Unidos (NWS, por sus siglas en ingl\u00e9s) tiene acceso a seis estaciones meteorol\u00f3gicas en Laredo, Texas, y acceso a una en Nuevo Laredo y considera que har\u00e1 calor por las tardes de mi\u00e9rcoles, jueves, viernes, s\u00e1bado y domingo.<\/p>\n\n\n\n<p class=\"wp-block-paragraph\">El NWS asegura que las temperaturas m\u00e1ximas rondar\u00e1n entre los <strong>34<\/strong> y <strong>35<\/strong> grados cent\u00edgrados (<strong>94<\/strong> y <strong>95<\/strong>F) desde este mi\u00e9rcoles y hasta el domingo. Las m\u00ednimas andar\u00e1n entre 22 y 23 grados cent\u00edgrados (<strong>74<\/strong> y <strong>72<\/strong>F).<\/p>\n\n\n\n<p class=\"wp-block-paragraph\">Salvo el viernes, que estar\u00e1 completamente despejado, el resto de lo que queda de la semana ser\u00e1 de cielos de parcialmente nublados a despejados.<\/p>\n\n\n\n<p class=\"wp-block-paragraph\">El frente fr\u00edo pasar\u00e1 sobre los dos Laredos entre jueves y viernes, pero salvo algo de viento suave, su influencia ser\u00e1 m\u00ednima en esta regi\u00f3n.<\/p>\n\n\n\n<p class=\"wp-block-paragraph\">El domingo podr\u00eda darse un cambio en las probabilidades de lluvia, pues despu\u00e9s de las 8:00 de la noche alcanzar\u00e1n <strong>33<\/strong> por ciento y para la medianoche alcanzar\u00e1n <strong>47<\/strong> por ciento.<\/p>\n\n\n\n<p class=\"wp-block-paragraph\">Para el lunes de la pr\u00f3xima semana es posible alg\u00fan cambio, quiz\u00e1 algo de lluvia, menos calor y noches mucho m\u00e1s frescas, pero habr\u00e1 que esperar a ver qu\u00e9 es lo que pasa con una corriente en chorro que podr\u00eda empujar hacia el oeste la masa de aire fr\u00edo que se espera para entonces.<\/p>\n\n\n\n<p class=\"wp-block-paragraph\">Estaremos informando.<\/p>\n\n\n\n<p class=\"wp-block-paragraph\"><strong>EL PRON\u00d3STICO<\/strong><\/p>\n\n\n\n<p class=\"wp-block-paragraph\">Este es el pron\u00f3stico del Servicio Meteorol\u00f3gico de Estados Unidos.<\/p>\n\n\n\n<ul class=\"wp-block-list\"><li>Mi\u00e9rcoles<\/li><li>M\u00e1xima 35C\/94F&nbsp;&nbsp;&nbsp;&nbsp;&nbsp;&nbsp;&nbsp; M\u00ednima 23C\/73F<\/li><\/ul>\n\n\n\n<p class=\"wp-block-paragraph\">Probabilidades de lluvia 8%<\/p>\n\n\n\n<p class=\"wp-block-paragraph\">Jueves<\/p>\n\n\n\n<ul class=\"wp-block-list\"><li>M\u00e1xima 35C\/94F&nbsp;&nbsp;&nbsp;&nbsp;&nbsp;&nbsp;&nbsp; M\u00ednima 23C\/73F<\/li><li>Probabilidades de lluvia 14%<\/li><\/ul>\n\n\n\n<p class=\"wp-block-paragraph\">Viernes<\/p>\n\n\n\n<ul class=\"wp-block-list\"><li>M\u00e1xima 34C\/94F&nbsp;&nbsp;&nbsp;&nbsp;&nbsp;&nbsp;&nbsp; M\u00ednima 22C\/73F<\/li><li>Probabilidades de lluvia 10%<\/li><\/ul>\n\n\n\n<p class=\"wp-block-paragraph\">S\u00e1bado<\/p>\n\n\n\n<ul class=\"wp-block-list\"><li>M\u00e1xima 35C\/95F&nbsp;&nbsp;&nbsp;&nbsp;&nbsp;&nbsp;&nbsp; M\u00ednima 23C\/74F<\/li><li>Probabilidades de lluvia 8%<\/li><\/ul>\n\n\n\n<p class=\"wp-block-paragraph\">Domingo<\/p>\n\n\n\n<ul class=\"wp-block-list\"><li>M\u00e1xima 35C\/95F&nbsp;&nbsp;&nbsp;&nbsp;&nbsp;&nbsp;&nbsp; M\u00ednima 24C\/74F<\/li><li>Probabilidades de lluvia 47%<\/li><\/ul>\n","protected":false},"excerpt":{"rendered":"<p>LOS DOS LAREDOS.- En pleno oto\u00f1o, las temperaturas altas dominar\u00e1n en los dos Laredos por lo menos hasta<\/p>\n","protected":false},"author":1,"featured_media":561,"comment_status":"open","ping_status":"open","sticky":false,"template":"","format":"standard","meta":{"_crdt_document":"","_jetpack_memberships_contains_paid_content":false,"footnotes":"","jetpack_publicize_message":"Se esperan temperaturas m\u00e1ximas entre los 34 y 35 grados cent\u00edgrados y m\u00ednimas entre los 22 y 23","jetpack_publicize_feature_enabled":true,"jetpack_social_post_already_shared":true,"jetpack_social_options":{"image_generator_settings":{"template":"highway","default_image_id":0,"font":"","enabled":false},"version":2},"_wpas_customize_per_network":false},"categories":[5],"tags":[],"class_list":["post-560","post","type-post","status-publish","format-standard","has-post-thumbnail","hentry","category-dos-laredos"],"magazineBlocksPostFeaturedMedia":{"thumbnail":"https:\/\/pornuestrolaredo.com\/wp-content\/uploads\/2022\/10\/Captura-de-Pantalla-2022-10-12-a-las-0.56.57-150x150.png","medium":"https:\/\/pornuestrolaredo.com\/wp-content\/uploads\/2022\/10\/Captura-de-Pantalla-2022-10-12-a-las-0.56.57-300x150.png","medium_large":"https:\/\/pornuestrolaredo.com\/wp-content\/uploads\/2022\/10\/Captura-de-Pantalla-2022-10-12-a-las-0.56.57-768x384.png","large":"https:\/\/pornuestrolaredo.com\/wp-content\/uploads\/2022\/10\/Captura-de-Pantalla-2022-10-12-a-las-0.56.57-1024x512.png","1536x1536":"https:\/\/pornuestrolaredo.com\/wp-content\/uploads\/2022\/10\/Captura-de-Pantalla-2022-10-12-a-las-0.56.57.png","2048x2048":"https:\/\/pornuestrolaredo.com\/wp-content\/uploads\/2022\/10\/Captura-de-Pantalla-2022-10-12-a-las-0.56.57.png","morenews-large":"https:\/\/pornuestrolaredo.com\/wp-content\/uploads\/2022\/10\/Captura-de-Pantalla-2022-10-12-a-las-0.56.57.png","morenews-medium":"https:\/\/pornuestrolaredo.com\/wp-content\/uploads\/2022\/10\/Captura-de-Pantalla-2022-10-12-a-las-0.56.57.png"},"magazineBlocksPostAuthor":{"name":"Redactor","avatar":"https:\/\/pornuestrolaredo.com\/wp-content\/litespeed\/avatar\/dca1d7ec750c399f025f23b0b314f4cf.jpg?ver=1777612120"},"magazineBlocksPostCommentsNumber":false,"magazineBlocksPostExcerpt":"LOS DOS LAREDOS.- En pleno oto\u00f1o, las temperaturas altas dominar\u00e1n en los dos Laredos por lo menos hasta","magazineBlocksPostCategories":["Dos Laredos"],"magazineBlocksPostViewCount":122,"magazineBlocksPostReadTime":3,"magazine_blocks_featured_image_url":{"full":["https:\/\/pornuestrolaredo.com\/wp-content\/uploads\/2022\/10\/Captura-de-Pantalla-2022-10-12-a-las-0.56.57.png",1186,593,false],"medium":["https:\/\/pornuestrolaredo.com\/wp-content\/uploads\/2022\/10\/Captura-de-Pantalla-2022-10-12-a-las-0.56.57-300x150.png",300,150,true],"thumbnail":["https:\/\/pornuestrolaredo.com\/wp-content\/uploads\/2022\/10\/Captura-de-Pantalla-2022-10-12-a-las-0.56.57-150x150.png",150,150,true]},"magazine_blocks_author":{"display_name":"Redactor","author_link":"https:\/\/pornuestrolaredo.com\/?author=1"},"magazine_blocks_comment":0,"magazine_blocks_author_image":"https:\/\/pornuestrolaredo.com\/wp-content\/litespeed\/avatar\/dca1d7ec750c399f025f23b0b314f4cf.jpg?ver=1777612120","magazine_blocks_category":"<a href=\"#\" class=\"category-link category-link-5\">Dos Laredos<\/a>","jetpack_publicize_connections":[],"featured_image_urls":{"full":["https:\/\/pornuestrolaredo.com\/wp-content\/uploads\/2022\/10\/Captura-de-Pantalla-2022-10-12-a-las-0.56.57.png",1186,593,false],"thumbnail":["https:\/\/pornuestrolaredo.com\/wp-content\/uploads\/2022\/10\/Captura-de-Pantalla-2022-10-12-a-las-0.56.57-150x150.png",150,150,true],"medium":["https:\/\/pornuestrolaredo.com\/wp-content\/uploads\/2022\/10\/Captura-de-Pantalla-2022-10-12-a-las-0.56.57-300x150.png",300,150,true],"medium_large":["https:\/\/pornuestrolaredo.com\/wp-content\/uploads\/2022\/10\/Captura-de-Pantalla-2022-10-12-a-las-0.56.57-768x384.png",640,320,true],"large":["https:\/\/pornuestrolaredo.com\/wp-content\/uploads\/2022\/10\/Captura-de-Pantalla-2022-10-12-a-las-0.56.57-1024x512.png",640,320,true],"1536x1536":["https:\/\/pornuestrolaredo.com\/wp-content\/uploads\/2022\/10\/Captura-de-Pantalla-2022-10-12-a-las-0.56.57.png",1186,593,false],"2048x2048":["https:\/\/pornuestrolaredo.com\/wp-content\/uploads\/2022\/10\/Captura-de-Pantalla-2022-10-12-a-las-0.56.57.png",1186,593,false],"morenews-large":["https:\/\/pornuestrolaredo.com\/wp-content\/uploads\/2022\/10\/Captura-de-Pantalla-2022-10-12-a-las-0.56.57.png",825,413,false],"morenews-medium":["https:\/\/pornuestrolaredo.com\/wp-content\/uploads\/2022\/10\/Captura-de-Pantalla-2022-10-12-a-las-0.56.57.png",590,295,false]},"author_info":{"info":["Redactor"]},"category_info":"<a href=\"https:\/\/pornuestrolaredo.com\/?cat=5\" rel=\"category\">Dos Laredos<\/a>","tag_info":"Dos Laredos","comment_count":"0","jetpack_featured_media_url":"https:\/\/pornuestrolaredo.com\/wp-content\/uploads\/2022\/10\/Captura-de-Pantalla-2022-10-12-a-las-0.56.57.png","jetpack_sharing_enabled":true,"_links":{"self":[{"href":"https:\/\/pornuestrolaredo.com\/index.php?rest_route=\/wp\/v2\/posts\/560","targetHints":{"allow":["GET"]}}],"collection":[{"href":"https:\/\/pornuestrolaredo.com\/index.php?rest_route=\/wp\/v2\/posts"}],"about":[{"href":"https:\/\/pornuestrolaredo.com\/index.php?rest_route=\/wp\/v2\/types\/post"}],"author":[{"embeddable":true,"href":"https:\/\/pornuestrolaredo.com\/index.php?rest_route=\/wp\/v2\/users\/1"}],"replies":[{"embeddable":true,"href":"https:\/\/pornuestrolaredo.com\/index.php?rest_route=%2Fwp%2Fv2%2Fcomments&post=560"}],"version-history":[{"count":1,"href":"https:\/\/pornuestrolaredo.com\/index.php?rest_route=\/wp\/v2\/posts\/560\/revisions"}],"predecessor-version":[{"id":562,"href":"https:\/\/pornuestrolaredo.com\/index.php?rest_route=\/wp\/v2\/posts\/560\/revisions\/562"}],"wp:featuredmedia":[{"embeddable":true,"href":"https:\/\/pornuestrolaredo.com\/index.php?rest_route=\/wp\/v2\/media\/561"}],"wp:attachment":[{"href":"https:\/\/pornuestrolaredo.com\/index.php?rest_route=%2Fwp%2Fv2%2Fmedia&parent=560"}],"wp:term":[{"taxonomy":"category","embeddable":true,"href":"https:\/\/pornuestrolaredo.com\/index.php?rest_route=%2Fwp%2Fv2%2Fcategories&post=560"},{"taxonomy":"post_tag","embeddable":true,"href":"https:\/\/pornuestrolaredo.com\/index.php?rest_route=%2Fwp%2Fv2%2Ftags&post=560"}],"curies":[{"name":"wp","href":"https:\/\/api.w.org\/{rel}","templated":true}]}}