{"id":5601,"date":"2024-11-07T16:19:45","date_gmt":"2024-11-07T16:19:45","guid":{"rendered":"https:\/\/pornuestrolaredo.com\/?p=5601"},"modified":"2024-11-07T16:19:45","modified_gmt":"2024-11-07T16:19:45","slug":"regreso-de-trump-hace-aun-mas-incierto-futuro-de-inmigrantes","status":"publish","type":"post","link":"https:\/\/pornuestrolaredo.com\/?p=5601","title":{"rendered":"Regreso de Trump hace a\u00fan m\u00e1s incierto futuro de inmigrantes"},"content":{"rendered":"<p><strong><em>SAN DIEGO.-<\/em><\/strong> \u201cConstruyan el muro\u201d fue el lema de la campa\u00f1a de Donald Trump en 2016, y actu\u00f3 en consecuencia al recurrir a presupuestos militares para construir cientos de kil\u00f3metros de muro fronterizo con M\u00e9xico. \u201cDeportaci\u00f3n masiva\u201d fue la expresi\u00f3n de moda que entusiasm\u00f3 a quienes lo apoyaron en su contienda por la Casa Blanca en 2024.<\/p>\n<p>La victoria de Trump prepara el escenario para una r\u00e1pida ofensiva despu\u00e9s de que una encuesta de AP VoteCast mostr\u00f3 que los partidarios del presidente electo se centraron principalmente en la inmigraci\u00f3n y la inflaci\u00f3n, temas que el republicano recalc\u00f3 durante toda su campa\u00f1a.<\/p>\n<p>Es incierto c\u00f3mo y cu\u00e1ndo tomar\u00e1n forma las acciones de Trump sobre la inmigraci\u00f3n.<\/p>\n<p>Aunque Trump y sus asesores han ofrecido un plan a grandes rasgos, quedan muchas preguntas sobre c\u00f3mo deportar\u00edan a las cerca de 11 millones de personas que se estima que est\u00e1n en el pa\u00eds ilegalmente. \u00bfC\u00f3mo se identificar\u00eda a los inmigrantes? \u00bfD\u00f3nde ser\u00edan detenidos? \u00bfQu\u00e9 pasar\u00eda si sus pa\u00edses se niegan a recibirlos de regreso? \u00bfD\u00f3nde encontrar\u00eda Trump dinero y oficiales entrenados para llevar a cabo su deportaci\u00f3n?<\/p>\n<p>Trump ha dicho que invocar\u00eda la Ley de Enemigos Extranjeros, una ley de 1798 que rara vez se ha utilizado y que permite al presidente deportar a cualquier no ciudadano de un pa\u00eds con el que Estados Unidos est\u00e9 en guerra. Ha hablado sobre desplegar a la Guardia Nacional, que puede ser activada por \u00f3rdenes de un gobernador. Stephen Miller, un asesor de Trump, ha dicho que las tropas bajo el mando de gobernadores republicanos simpatizantes ser\u00edan enviadas a estados vecinos que se nieguen a participar.<\/p>\n<p>Trump, quien repetidamente dijo que los inmigrantes \u201cenvenenan la sangre\u201d de Estados Unidos, ha infundido miedo en las comunidades inmigrantes s\u00f3lo con sus palabras.<\/p>\n<p>Julie Moreno, una ciudadana estadounidense quien lleva siete a\u00f1os casada con un mexicano que se encuentra en el pa\u00eds ilegalmente, se adapta a la idea de que tal vez tenga que vivir separada de su esposo, quien lleg\u00f3 a Estados Unidos en 2004. Ella puede mudarse a M\u00e9xico desde Nueva Jersey, pero le ser\u00eda casi imposible dirigir su negocio de importaci\u00f3n de guantes de boxeo.<\/p>\n<blockquote><p>Todav\u00eda no tengo palabras. Son demasiados sentimientos\u201d, expres\u00f3 Moreno con la voz entrecortada al hablar el mi\u00e9rcoles de la victoria de Trump. \u201cTengo mucho miedo por la seguridad de mi esposo\u2026 Si lo detienen, \u00bfqu\u00e9 va a pasar?\u201d.<\/p><\/blockquote>\n<p>Neftal\u00ed Ju\u00e1rez, el esposo de Moreno, dirig\u00eda una empresa de construcci\u00f3n y siente que ha contribuido al pa\u00eds al pagar impuestos y brindar empleo a trav\u00e9s de su empresa. \u201cDesafortunadamente, la opini\u00f3n de la gente que vot\u00f3 es diferente\u201d, dijo. \u201cMe siento terrible por perder a mi esposa\u201d.<\/p>\n<p>Algunos expertos en pol\u00edticas creen que las primeras medidas de Trump en materia de inmigraci\u00f3n se den en la frontera. Podr\u00eda presionar a M\u00e9xico para que siga impidiendo que los migrantes lleguen a la frontera estadounidense, como lo ha hecho desde diciembre. Es posible que coaccione a M\u00e9xico para restablecer una pol\u00edtica del gobierno previo de Trump que obligaba a los solicitantes de asilo a esperar en territorio mexicano hasta que se realicen sus audiencias en un tribunal de inmigraci\u00f3n estadounidense.<\/p>\n<p>Andrew Arthur, miembro del Center for Immigration Studies (Centro de Estudios de Inmigraci\u00f3n), quien apoya las restricciones a la inmigraci\u00f3n, destac\u00f3 las declaraciones de campa\u00f1a del vicepresidente electo JD Vance sobre que la deportaci\u00f3n de millones de personas se har\u00eda paso a paso, no de una sola vez.<\/p>\n<blockquote><p>No hablas de una emboscada\u201d, dijo Arthur, exjuez de inmigraci\u00f3n, a The Associated Press. \u201cNo hay forma de que puedas hacerlo. Lo primero que tienes que hacer es sellar la frontera \u2014y luego se puede abordar el interior\u2014. Todo esto se guiar\u00e1 por los recursos que tengas disponibles\u201d.<\/p><\/blockquote>\n<p>Elena, una nicarag\u00fcense de 46 a\u00f1os que lleva 25 a\u00f1os viviendo ilegalmente en Estados Unidos, no pudo dormir tras la victoria de Trump. Llor\u00f3 sobre qu\u00e9 hacer si ella y su esposo, de 50 a\u00f1os, son deportados. Tienen dos hijas adultas, ambas ciudadanas estadounidenses, quienes han tenido dolores de est\u00f3mago y problemas respiratorios a causa de la ansiedad por las elecciones.<\/p>\n<blockquote><p>Se me hace tan dif\u00edcil desarraigarse del pa\u00eds al que yo he visto como mi casa\u201d, dijo Elena, quien vive en el sur de Florida y s\u00f3lo dio su primer nombre por miedo a ser deportada. \u201cHe hecho mis ra\u00edces aqu\u00ed y es dif\u00edcil tener que abandonar todo para volver a empezar\u201d.<\/p><\/blockquote>\n<p>Los defensores analizan d\u00f3nde podr\u00edan ocurrir los arrestos por deportaci\u00f3n, y observan especialmente de cerca para ver si las autoridades se adhieren a una pol\u00edtica \u2014que ha estado en pr\u00e1ctica por a\u00f1os\u2014 de evitar las escuelas, los hospitales, los lugares de culto y los centros de ayuda en caso de desastre, report\u00f3 Heidi Altman, directora de defensa federal del Fondo de Justicia para Inmigrantes del Centro Nacional de Leyes Migratorias (NILC por sus siglas en ingl\u00e9s).<\/p>\n<blockquote><p>Nos lo tomamos muy en serio\u201d, dijo Altman. \u201cTodos debemos tener los ojos bien abiertos ante el hecho de que no estamos en 2016. Trump y Stephen Miller aprendieron mucho de su primer gobierno. Los tribunales se ven muy diferentes a los de hace cuatro a\u00f1os\u201d.<\/p><\/blockquote>\n<p>Se presume que Trump reanudar\u00e1 otras pol\u00edticas de gran alcance de su primer mandato y descarte medidas clave del presidente Joe Biden. Esto incluye:<\/p>\n<p>\u2014 Trump ha criticado duramente las pol\u00edticas de Biden para crear y ampliar v\u00edas legales de entrada, incluida una app llamada CBP One con la cual casi 1 mill\u00f3n de personas han ingresado por cruces terrestres con M\u00e9xico desde enero de 2023. Otra pol\u00edtica ha permitido que m\u00e1s de 500 mil cubanos, haitianos, nicarag\u00fcenses y venezolanos vuelen al pa\u00eds con patrocinadores financieros.<\/p>\n<p>\u2014 Trump redujo el n\u00famero de refugiados examinados y aprobados en el extranjero por la Organizaci\u00f3n de las Naciones Unidas y el Departamento de Estado para establecerse en Estados Unidos, hasta llegar a su nivel m\u00e1s bajo desde que el Congreso estableci\u00f3 el programa en 1980. Biden lo reconstruy\u00f3 y estableci\u00f3 un l\u00edmite anual de 125 mil, comparados con 18 mil bajo Trump.<\/p>\n<p>\u2014 Trump busc\u00f3 poner fin al programa de Acci\u00f3n Diferida para los Llegados en la Infancia (DACA, por sus siglas en ingl\u00e9s) del gobierno de Obama, el cual proteg\u00eda de la deportaci\u00f3n a las personas que llegaron a Estados Unidos cuando eran ni\u00f1os peque\u00f1os. Una demanda de gobernadores republicanos que parece encaminarse a la Corte Suprema impugna el DACA. Por ahora, cientos de miles de beneficiarios del DACA pueden renovar su estatus, pero no se aceptan nuevas solicitudes.<\/p>\n<p>\u2014 Trump redujo dr\u00e1sticamente el uso del Estatus de Protecci\u00f3n Temporal (TPS, por sus siglas en ingl\u00e9s), creado bajo una ley de 1990 para permitir que las personas que ya est\u00e1n en Estados Unidos se queden si sus pa\u00edses de origen son considerados inseguros. Biden ampli\u00f3 dr\u00e1sticamente el uso del TPS, e incluy\u00f3 a cientos de miles de haitianos y venezolanos.<\/p>\n","protected":false},"excerpt":{"rendered":"<p>De acuerdo con encuestas, esta es una de las razones por las que los estadounidenses centraron su decisi\u00f3n de voto<\/p>\n","protected":false},"author":1,"featured_media":5602,"comment_status":"closed","ping_status":"closed","sticky":false,"template":"","format":"standard","meta":{"_crdt_document":"","_jetpack_memberships_contains_paid_content":false,"footnotes":"","jetpack_publicize_message":"","jetpack_publicize_feature_enabled":true,"jetpack_social_post_already_shared":true,"jetpack_social_options":{"image_generator_settings":{"template":"highway","default_image_id":0,"font":"","enabled":false},"version":2},"_wpas_customize_per_network":false},"categories":[9],"tags":[],"class_list":["post-5601","post","type-post","status-publish","format-standard","has-post-thumbnail","hentry","category-el-mundo"],"magazineBlocksPostFeaturedMedia":{"thumbnail":"https:\/\/pornuestrolaredo.com\/wp-content\/uploads\/2024\/11\/Stereo91-20241107-2-150x150.jpg","medium":"https:\/\/pornuestrolaredo.com\/wp-content\/uploads\/2024\/11\/Stereo91-20241107-2-300x200.jpg","medium_large":"https:\/\/pornuestrolaredo.com\/wp-content\/uploads\/2024\/11\/Stereo91-20241107-2.jpg","large":"https:\/\/pornuestrolaredo.com\/wp-content\/uploads\/2024\/11\/Stereo91-20241107-2.jpg","1536x1536":"https:\/\/pornuestrolaredo.com\/wp-content\/uploads\/2024\/11\/Stereo91-20241107-2.jpg","2048x2048":"https:\/\/pornuestrolaredo.com\/wp-content\/uploads\/2024\/11\/Stereo91-20241107-2.jpg","morenews-large":"https:\/\/pornuestrolaredo.com\/wp-content\/uploads\/2024\/11\/Stereo91-20241107-2.jpg","morenews-medium":"https:\/\/pornuestrolaredo.com\/wp-content\/uploads\/2024\/11\/Stereo91-20241107-2.jpg"},"magazineBlocksPostAuthor":{"name":"Redactor","avatar":"https:\/\/pornuestrolaredo.com\/wp-content\/litespeed\/avatar\/dca1d7ec750c399f025f23b0b314f4cf.jpg?ver=1777612120"},"magazineBlocksPostCommentsNumber":false,"magazineBlocksPostExcerpt":"De acuerdo con encuestas, esta es una de las razones por las que los estadounidenses centraron su decisi\u00f3n de voto","magazineBlocksPostCategories":["El Mundo"],"magazineBlocksPostViewCount":144,"magazineBlocksPostReadTime":7,"magazine_blocks_featured_image_url":{"full":["https:\/\/pornuestrolaredo.com\/wp-content\/uploads\/2024\/11\/Stereo91-20241107-2.jpg",709,473,false],"medium":["https:\/\/pornuestrolaredo.com\/wp-content\/uploads\/2024\/11\/Stereo91-20241107-2-300x200.jpg",300,200,true],"thumbnail":["https:\/\/pornuestrolaredo.com\/wp-content\/uploads\/2024\/11\/Stereo91-20241107-2-150x150.jpg",150,150,true]},"magazine_blocks_author":{"display_name":"Redactor","author_link":"https:\/\/pornuestrolaredo.com\/?author=1"},"magazine_blocks_comment":0,"magazine_blocks_author_image":"https:\/\/pornuestrolaredo.com\/wp-content\/litespeed\/avatar\/dca1d7ec750c399f025f23b0b314f4cf.jpg?ver=1777612120","magazine_blocks_category":"<a href=\"#\" class=\"category-link category-link-9\">El Mundo<\/a>","jetpack_publicize_connections":[],"featured_image_urls":{"full":["https:\/\/pornuestrolaredo.com\/wp-content\/uploads\/2024\/11\/Stereo91-20241107-2.jpg",709,473,false],"thumbnail":["https:\/\/pornuestrolaredo.com\/wp-content\/uploads\/2024\/11\/Stereo91-20241107-2-150x150.jpg",150,150,true],"medium":["https:\/\/pornuestrolaredo.com\/wp-content\/uploads\/2024\/11\/Stereo91-20241107-2-300x200.jpg",300,200,true],"medium_large":["https:\/\/pornuestrolaredo.com\/wp-content\/uploads\/2024\/11\/Stereo91-20241107-2.jpg",640,427,false],"large":["https:\/\/pornuestrolaredo.com\/wp-content\/uploads\/2024\/11\/Stereo91-20241107-2.jpg",640,427,false],"1536x1536":["https:\/\/pornuestrolaredo.com\/wp-content\/uploads\/2024\/11\/Stereo91-20241107-2.jpg",709,473,false],"2048x2048":["https:\/\/pornuestrolaredo.com\/wp-content\/uploads\/2024\/11\/Stereo91-20241107-2.jpg",709,473,false],"morenews-large":["https:\/\/pornuestrolaredo.com\/wp-content\/uploads\/2024\/11\/Stereo91-20241107-2.jpg",709,473,false],"morenews-medium":["https:\/\/pornuestrolaredo.com\/wp-content\/uploads\/2024\/11\/Stereo91-20241107-2.jpg",590,394,false]},"author_info":{"info":["Redactor"]},"category_info":"<a href=\"https:\/\/pornuestrolaredo.com\/?cat=9\" rel=\"category\">El Mundo<\/a>","tag_info":"El Mundo","comment_count":"0","jetpack_featured_media_url":"https:\/\/pornuestrolaredo.com\/wp-content\/uploads\/2024\/11\/Stereo91-20241107-2.jpg","jetpack_sharing_enabled":true,"_links":{"self":[{"href":"https:\/\/pornuestrolaredo.com\/index.php?rest_route=\/wp\/v2\/posts\/5601","targetHints":{"allow":["GET"]}}],"collection":[{"href":"https:\/\/pornuestrolaredo.com\/index.php?rest_route=\/wp\/v2\/posts"}],"about":[{"href":"https:\/\/pornuestrolaredo.com\/index.php?rest_route=\/wp\/v2\/types\/post"}],"author":[{"embeddable":true,"href":"https:\/\/pornuestrolaredo.com\/index.php?rest_route=\/wp\/v2\/users\/1"}],"replies":[{"embeddable":true,"href":"https:\/\/pornuestrolaredo.com\/index.php?rest_route=%2Fwp%2Fv2%2Fcomments&post=5601"}],"version-history":[{"count":1,"href":"https:\/\/pornuestrolaredo.com\/index.php?rest_route=\/wp\/v2\/posts\/5601\/revisions"}],"predecessor-version":[{"id":5603,"href":"https:\/\/pornuestrolaredo.com\/index.php?rest_route=\/wp\/v2\/posts\/5601\/revisions\/5603"}],"wp:featuredmedia":[{"embeddable":true,"href":"https:\/\/pornuestrolaredo.com\/index.php?rest_route=\/wp\/v2\/media\/5602"}],"wp:attachment":[{"href":"https:\/\/pornuestrolaredo.com\/index.php?rest_route=%2Fwp%2Fv2%2Fmedia&parent=5601"}],"wp:term":[{"taxonomy":"category","embeddable":true,"href":"https:\/\/pornuestrolaredo.com\/index.php?rest_route=%2Fwp%2Fv2%2Fcategories&post=5601"},{"taxonomy":"post_tag","embeddable":true,"href":"https:\/\/pornuestrolaredo.com\/index.php?rest_route=%2Fwp%2Fv2%2Ftags&post=5601"}],"curies":[{"name":"wp","href":"https:\/\/api.w.org\/{rel}","templated":true}]}}