{"id":5613,"date":"2024-11-11T18:13:16","date_gmt":"2024-11-11T18:13:16","guid":{"rendered":"https:\/\/pornuestrolaredo.com\/?p=5613"},"modified":"2024-11-11T18:13:16","modified_gmt":"2024-11-11T18:13:16","slug":"quiere-trump-expulsar-a-un-millon-de-migrantes","status":"publish","type":"post","link":"https:\/\/pornuestrolaredo.com\/?p=5613","title":{"rendered":"Quiere Trump expulsar a un mill\u00f3n de migrantes"},"content":{"rendered":"<p><strong><em>WASHINGTON.-<\/em><\/strong> Tom Homan, el futuro &#8220;zar de las fronteras&#8221; del presidente electo de Estados Unidos, Donald Trump, dijo este lunes que dar\u00e1 prioridad a la deportaci\u00f3n de los inmigrantes que se encuentren de manera ilegal en el pa\u00eds y supongan una amenaza para la seguridad.<\/p>\n<p>Trump, que asumir\u00e1 el cargo en enero, dijo anoche en una publicaci\u00f3n en redes sociales que el ex director interino del Servicio de Inmigraci\u00f3n y Control de Aduanas (ICE, por sus siglas en ingl\u00e9s) de su primera Administraci\u00f3n estar\u00e1 a cargo de las fronteras del pa\u00eds en su nuevo gobierno a partir del 20 de enero.<\/p>\n<p>Trump hizo de la lucha contra la inmigraci\u00f3n ilegal el elemento central de su campa\u00f1a, prometiendo deportaciones masivas.<\/p>\n<p>Se espera que movilice a organismos de todo el gobierno para que le ayuden a deportar a un n\u00famero r\u00e9cord de inmigrantes en una operaci\u00f3n que, seg\u00fan su vicepresidente entrante, podr\u00eda expulsar a un mill\u00f3n de personas al a\u00f1o.<\/p>\n<blockquote><p>Las amenazas a la seguridad p\u00fablica y a la seguridad nacional ser\u00e1n la prioridad (&#8230;) representan el mayor peligro para este pa\u00eds&#8221;, dijo Homan a Fox News en una entrevista.<\/p><\/blockquote>\n<p>En una publicaci\u00f3n en su plataforma Truth Social a \u00faltima hora de ayer, Trump dijo que Homan estar\u00e1 &#8220;a cargo de las fronteras de nuestra naci\u00f3n (&#8216;el zar de las fronteras&#8217;), incluyendo, pero no limitado a, la frontera sur, la frontera norte, toda la seguridad mar\u00edtima y de aviaci\u00f3n&#8221;, incluyendo la deportaci\u00f3n de inmigrantes en situaci\u00f3n ilegal.<\/p>\n<p>Los defensores de los inmigrantes han advertido que el esfuerzo de deportaci\u00f3n de Trump ser\u00eda costoso, divisivo e inhumano, lo que llevar\u00eda a separaciones familiares y devastar\u00eda a las comunidades.<\/p>\n<p>Homan, un orador frecuente en Fox News que a menudo fue elogiado por Trump durante la campa\u00f1a y que hizo campa\u00f1a por \u00e9l, tambi\u00e9n indic\u00f3 que le gustar\u00eda contar con la cooperaci\u00f3n de las fuerzas de seguridad locales.<\/p>\n<blockquote><p>Vamos a hacer el trabajo con o sin ustedes&#8221;, advirti\u00f3.<\/p><\/blockquote>\n","protected":false},"excerpt":{"rendered":"<p>Futuro \u2018zar de las fronteras\u2019 se\u00f1ala que su prioridad ser\u00e1 la deportaci\u00f3n de los inmigrantes que se encuentren de manera ilegal en el pa\u00eds y supongan una amenaza<\/p>\n","protected":false},"author":1,"featured_media":5614,"comment_status":"closed","ping_status":"closed","sticky":false,"template":"","format":"standard","meta":{"_crdt_document":"","_jetpack_memberships_contains_paid_content":false,"footnotes":"","jetpack_publicize_message":"","jetpack_publicize_feature_enabled":true,"jetpack_social_post_already_shared":true,"jetpack_social_options":{"image_generator_settings":{"template":"highway","default_image_id":0,"font":"","enabled":false},"version":2},"_wpas_customize_per_network":false},"categories":[9],"tags":[],"class_list":["post-5613","post","type-post","status-publish","format-standard","has-post-thumbnail","hentry","category-el-mundo"],"magazineBlocksPostFeaturedMedia":{"thumbnail":"https:\/\/pornuestrolaredo.com\/wp-content\/uploads\/2024\/11\/Stereo91-20241111-2-150x150.jpg","medium":"https:\/\/pornuestrolaredo.com\/wp-content\/uploads\/2024\/11\/Stereo91-20241111-2-300x200.jpg","medium_large":"https:\/\/pornuestrolaredo.com\/wp-content\/uploads\/2024\/11\/Stereo91-20241111-2-768x512.jpg","large":"https:\/\/pornuestrolaredo.com\/wp-content\/uploads\/2024\/11\/Stereo91-20241111-2-1000x666.jpg","1536x1536":"https:\/\/pornuestrolaredo.com\/wp-content\/uploads\/2024\/11\/Stereo91-20241111-2.jpg","2048x2048":"https:\/\/pornuestrolaredo.com\/wp-content\/uploads\/2024\/11\/Stereo91-20241111-2.jpg","morenews-large":"https:\/\/pornuestrolaredo.com\/wp-content\/uploads\/2024\/11\/Stereo91-20241111-2.jpg","morenews-medium":"https:\/\/pornuestrolaredo.com\/wp-content\/uploads\/2024\/11\/Stereo91-20241111-2.jpg"},"magazineBlocksPostAuthor":{"name":"Redactor","avatar":"https:\/\/pornuestrolaredo.com\/wp-content\/litespeed\/avatar\/dca1d7ec750c399f025f23b0b314f4cf.jpg?ver=1777612120"},"magazineBlocksPostCommentsNumber":false,"magazineBlocksPostExcerpt":"Futuro \u2018zar de las fronteras\u2019 se\u00f1ala que su prioridad ser\u00e1 la deportaci\u00f3n de los inmigrantes que se encuentren de manera ilegal en el pa\u00eds y supongan una amenaza","magazineBlocksPostCategories":["El Mundo"],"magazineBlocksPostViewCount":159,"magazineBlocksPostReadTime":2,"magazine_blocks_featured_image_url":{"full":["https:\/\/pornuestrolaredo.com\/wp-content\/uploads\/2024\/11\/Stereo91-20241111-2.jpg",1024,682,false],"medium":["https:\/\/pornuestrolaredo.com\/wp-content\/uploads\/2024\/11\/Stereo91-20241111-2-300x200.jpg",300,200,true],"thumbnail":["https:\/\/pornuestrolaredo.com\/wp-content\/uploads\/2024\/11\/Stereo91-20241111-2-150x150.jpg",150,150,true]},"magazine_blocks_author":{"display_name":"Redactor","author_link":"https:\/\/pornuestrolaredo.com\/?author=1"},"magazine_blocks_comment":0,"magazine_blocks_author_image":"https:\/\/pornuestrolaredo.com\/wp-content\/litespeed\/avatar\/dca1d7ec750c399f025f23b0b314f4cf.jpg?ver=1777612120","magazine_blocks_category":"<a href=\"#\" class=\"category-link category-link-9\">El Mundo<\/a>","jetpack_publicize_connections":[],"featured_image_urls":{"full":["https:\/\/pornuestrolaredo.com\/wp-content\/uploads\/2024\/11\/Stereo91-20241111-2.jpg",1024,682,false],"thumbnail":["https:\/\/pornuestrolaredo.com\/wp-content\/uploads\/2024\/11\/Stereo91-20241111-2-150x150.jpg",150,150,true],"medium":["https:\/\/pornuestrolaredo.com\/wp-content\/uploads\/2024\/11\/Stereo91-20241111-2-300x200.jpg",300,200,true],"medium_large":["https:\/\/pornuestrolaredo.com\/wp-content\/uploads\/2024\/11\/Stereo91-20241111-2-768x512.jpg",640,427,true],"large":["https:\/\/pornuestrolaredo.com\/wp-content\/uploads\/2024\/11\/Stereo91-20241111-2-1000x666.jpg",640,426,true],"1536x1536":["https:\/\/pornuestrolaredo.com\/wp-content\/uploads\/2024\/11\/Stereo91-20241111-2.jpg",1024,682,false],"2048x2048":["https:\/\/pornuestrolaredo.com\/wp-content\/uploads\/2024\/11\/Stereo91-20241111-2.jpg",1024,682,false],"morenews-large":["https:\/\/pornuestrolaredo.com\/wp-content\/uploads\/2024\/11\/Stereo91-20241111-2.jpg",825,549,false],"morenews-medium":["https:\/\/pornuestrolaredo.com\/wp-content\/uploads\/2024\/11\/Stereo91-20241111-2.jpg",590,393,false]},"author_info":{"info":["Redactor"]},"category_info":"<a href=\"https:\/\/pornuestrolaredo.com\/?cat=9\" rel=\"category\">El Mundo<\/a>","tag_info":"El Mundo","comment_count":"0","jetpack_featured_media_url":"https:\/\/pornuestrolaredo.com\/wp-content\/uploads\/2024\/11\/Stereo91-20241111-2.jpg","jetpack_sharing_enabled":true,"_links":{"self":[{"href":"https:\/\/pornuestrolaredo.com\/index.php?rest_route=\/wp\/v2\/posts\/5613","targetHints":{"allow":["GET"]}}],"collection":[{"href":"https:\/\/pornuestrolaredo.com\/index.php?rest_route=\/wp\/v2\/posts"}],"about":[{"href":"https:\/\/pornuestrolaredo.com\/index.php?rest_route=\/wp\/v2\/types\/post"}],"author":[{"embeddable":true,"href":"https:\/\/pornuestrolaredo.com\/index.php?rest_route=\/wp\/v2\/users\/1"}],"replies":[{"embeddable":true,"href":"https:\/\/pornuestrolaredo.com\/index.php?rest_route=%2Fwp%2Fv2%2Fcomments&post=5613"}],"version-history":[{"count":1,"href":"https:\/\/pornuestrolaredo.com\/index.php?rest_route=\/wp\/v2\/posts\/5613\/revisions"}],"predecessor-version":[{"id":5615,"href":"https:\/\/pornuestrolaredo.com\/index.php?rest_route=\/wp\/v2\/posts\/5613\/revisions\/5615"}],"wp:featuredmedia":[{"embeddable":true,"href":"https:\/\/pornuestrolaredo.com\/index.php?rest_route=\/wp\/v2\/media\/5614"}],"wp:attachment":[{"href":"https:\/\/pornuestrolaredo.com\/index.php?rest_route=%2Fwp%2Fv2%2Fmedia&parent=5613"}],"wp:term":[{"taxonomy":"category","embeddable":true,"href":"https:\/\/pornuestrolaredo.com\/index.php?rest_route=%2Fwp%2Fv2%2Fcategories&post=5613"},{"taxonomy":"post_tag","embeddable":true,"href":"https:\/\/pornuestrolaredo.com\/index.php?rest_route=%2Fwp%2Fv2%2Ftags&post=5613"}],"curies":[{"name":"wp","href":"https:\/\/api.w.org\/{rel}","templated":true}]}}