{"id":5628,"date":"2024-11-15T04:49:17","date_gmt":"2024-11-15T04:49:17","guid":{"rendered":"https:\/\/pornuestrolaredo.com\/?p=5628"},"modified":"2024-11-15T04:49:17","modified_gmt":"2024-11-15T04:49:17","slug":"nombra-trump-en-salud-a-robert-f-kennedy-jr","status":"publish","type":"post","link":"https:\/\/pornuestrolaredo.com\/?p=5628","title":{"rendered":"Nombra Trump en Salud a Robert F. Kennedy Jr"},"content":{"rendered":"<p><strong><em>NUEVA YORK.<\/em>&#8211;<\/strong> El virtual presidente electo de Estados Unidos, Donald Trump, se\u00f1al\u00f3 el jueves que nominar\u00e1 al activista antivacunas Robert F. Kennedy Jr. como secretario de Salud y Servicios Humanos. Kennedy, una persona a las que funcionarios de salud p\u00fablica consideran que tiene posturas peligrosas, estar\u00eda al frente de una enorme dependencia federal que supervisa todo, desde la inocuidad de medicamentos, vacunas y alimentos hasta la investigaci\u00f3n m\u00e9dica y los programas de la red de seguridad social Medicare y Medicaid.<\/p>\n<blockquote><p>Los estadounidenses se han visto aplastados durante demasiado tiempo por el complejo industrial alimentario y las compa\u00f1\u00edas farmac\u00e9uticas que han participado en enga\u00f1os y desinformaci\u00f3n en lo que respecta a la salud p\u00fablica\u201d, dijo Trump en una publicaci\u00f3n en su plataforma de redes sociales Truth Social en la que anunci\u00f3 el nombramiento. Kennedy, asegur\u00f3, pondr\u00e1 \u201cfin a la epidemia de enfermedades cr\u00f3nicas\u201d y har\u00e1 que \u201d\u00a1Estados Unidos sea grande y saludable otra vez!\u201d.<\/p><\/blockquote>\n<p>Kennedy es uno de los activistas antivacunas m\u00e1s reconocidos a nivel mundial y desde hace tiempo ha impulsado la desacreditada idea de que las vacunas causan autismo y otros problemas de salud.<\/p>\n<p>Miembro de una de las familias pol\u00edticas m\u00e1s reconocidas del pa\u00eds, Kennedy es hijo del difunto secretario de Justicia Robert F. Kennedy y sobrino del presidente John F. Kennedy. Primero se postul\u00f3 contra el presidente Joe Biden por la nominaci\u00f3n del Partido Dem\u00f3crata el a\u00f1o pasado. Posteriormente se lanz\u00f3 como independiente hasta que dej\u00f3 de lado su candidatura despu\u00e9s de llegar a un acuerdo para respaldar a Trump con la promesa de obtener un papel en la pol\u00edtica de salud del nuevo gobierno.<\/p>\n<p>Desde entonces, \u00e9l y Trump se han convertido en buenos amigos. Los dos aparecieron juntos en varias ocasiones durante la recta final de la campa\u00f1a, y el expresidente dej\u00f3 en claro que ten\u00eda la intenci\u00f3n de darle a Kennedy un papel significativo en la supervisi\u00f3n de salud p\u00fablica como parte de una campa\u00f1a para \u201cHacer que Estados Unidos sea Saludable Otra Vez\u201d.<\/p>\n<blockquote><p>Voy a dejar que se vuelva loco en (el sector) salud\u201d, dijo Trump en un mitin el mes pasado.<\/p><\/blockquote>\n","protected":false},"excerpt":{"rendered":"<p>El sobrino del presidente John F. Kennedy es un activista antivacunas reconocido a nivel mundial<\/p>\n","protected":false},"author":1,"featured_media":5629,"comment_status":"closed","ping_status":"closed","sticky":false,"template":"","format":"standard","meta":{"_crdt_document":"","_jetpack_memberships_contains_paid_content":false,"footnotes":"","jetpack_publicize_message":"","jetpack_publicize_feature_enabled":true,"jetpack_social_post_already_shared":true,"jetpack_social_options":{"image_generator_settings":{"template":"highway","default_image_id":0,"font":"","enabled":false},"version":2},"_wpas_customize_per_network":false},"categories":[9],"tags":[],"class_list":["post-5628","post","type-post","status-publish","format-standard","has-post-thumbnail","hentry","category-el-mundo"],"magazineBlocksPostFeaturedMedia":{"thumbnail":"https:\/\/pornuestrolaredo.com\/wp-content\/uploads\/2024\/11\/Stereo91-20241113-5-150x150.jpg","medium":"https:\/\/pornuestrolaredo.com\/wp-content\/uploads\/2024\/11\/Stereo91-20241113-5-300x154.jpg","medium_large":"https:\/\/pornuestrolaredo.com\/wp-content\/uploads\/2024\/11\/Stereo91-20241113-5-768x393.jpg","large":"https:\/\/pornuestrolaredo.com\/wp-content\/uploads\/2024\/11\/Stereo91-20241113-5.jpg","1536x1536":"https:\/\/pornuestrolaredo.com\/wp-content\/uploads\/2024\/11\/Stereo91-20241113-5.jpg","2048x2048":"https:\/\/pornuestrolaredo.com\/wp-content\/uploads\/2024\/11\/Stereo91-20241113-5.jpg","morenews-large":"https:\/\/pornuestrolaredo.com\/wp-content\/uploads\/2024\/11\/Stereo91-20241113-5.jpg","morenews-medium":"https:\/\/pornuestrolaredo.com\/wp-content\/uploads\/2024\/11\/Stereo91-20241113-5.jpg"},"magazineBlocksPostAuthor":{"name":"Redactor","avatar":"https:\/\/pornuestrolaredo.com\/wp-content\/litespeed\/avatar\/dca1d7ec750c399f025f23b0b314f4cf.jpg?ver=1777612120"},"magazineBlocksPostCommentsNumber":false,"magazineBlocksPostExcerpt":"El sobrino del presidente John F. Kennedy es un activista antivacunas reconocido a nivel mundial","magazineBlocksPostCategories":["El Mundo"],"magazineBlocksPostViewCount":158,"magazineBlocksPostReadTime":2,"magazine_blocks_featured_image_url":{"full":["https:\/\/pornuestrolaredo.com\/wp-content\/uploads\/2024\/11\/Stereo91-20241113-5.jpg",980,502,false],"medium":["https:\/\/pornuestrolaredo.com\/wp-content\/uploads\/2024\/11\/Stereo91-20241113-5-300x154.jpg",300,154,true],"thumbnail":["https:\/\/pornuestrolaredo.com\/wp-content\/uploads\/2024\/11\/Stereo91-20241113-5-150x150.jpg",150,150,true]},"magazine_blocks_author":{"display_name":"Redactor","author_link":"https:\/\/pornuestrolaredo.com\/?author=1"},"magazine_blocks_comment":0,"magazine_blocks_author_image":"https:\/\/pornuestrolaredo.com\/wp-content\/litespeed\/avatar\/dca1d7ec750c399f025f23b0b314f4cf.jpg?ver=1777612120","magazine_blocks_category":"<a href=\"#\" class=\"category-link category-link-9\">El Mundo<\/a>","jetpack_publicize_connections":[],"featured_image_urls":{"full":["https:\/\/pornuestrolaredo.com\/wp-content\/uploads\/2024\/11\/Stereo91-20241113-5.jpg",980,502,false],"thumbnail":["https:\/\/pornuestrolaredo.com\/wp-content\/uploads\/2024\/11\/Stereo91-20241113-5-150x150.jpg",150,150,true],"medium":["https:\/\/pornuestrolaredo.com\/wp-content\/uploads\/2024\/11\/Stereo91-20241113-5-300x154.jpg",300,154,true],"medium_large":["https:\/\/pornuestrolaredo.com\/wp-content\/uploads\/2024\/11\/Stereo91-20241113-5-768x393.jpg",640,328,true],"large":["https:\/\/pornuestrolaredo.com\/wp-content\/uploads\/2024\/11\/Stereo91-20241113-5.jpg",640,328,false],"1536x1536":["https:\/\/pornuestrolaredo.com\/wp-content\/uploads\/2024\/11\/Stereo91-20241113-5.jpg",980,502,false],"2048x2048":["https:\/\/pornuestrolaredo.com\/wp-content\/uploads\/2024\/11\/Stereo91-20241113-5.jpg",980,502,false],"morenews-large":["https:\/\/pornuestrolaredo.com\/wp-content\/uploads\/2024\/11\/Stereo91-20241113-5.jpg",825,423,false],"morenews-medium":["https:\/\/pornuestrolaredo.com\/wp-content\/uploads\/2024\/11\/Stereo91-20241113-5.jpg",590,302,false]},"author_info":{"info":["Redactor"]},"category_info":"<a href=\"https:\/\/pornuestrolaredo.com\/?cat=9\" rel=\"category\">El Mundo<\/a>","tag_info":"El Mundo","comment_count":"0","jetpack_featured_media_url":"https:\/\/pornuestrolaredo.com\/wp-content\/uploads\/2024\/11\/Stereo91-20241113-5.jpg","jetpack_sharing_enabled":true,"_links":{"self":[{"href":"https:\/\/pornuestrolaredo.com\/index.php?rest_route=\/wp\/v2\/posts\/5628","targetHints":{"allow":["GET"]}}],"collection":[{"href":"https:\/\/pornuestrolaredo.com\/index.php?rest_route=\/wp\/v2\/posts"}],"about":[{"href":"https:\/\/pornuestrolaredo.com\/index.php?rest_route=\/wp\/v2\/types\/post"}],"author":[{"embeddable":true,"href":"https:\/\/pornuestrolaredo.com\/index.php?rest_route=\/wp\/v2\/users\/1"}],"replies":[{"embeddable":true,"href":"https:\/\/pornuestrolaredo.com\/index.php?rest_route=%2Fwp%2Fv2%2Fcomments&post=5628"}],"version-history":[{"count":1,"href":"https:\/\/pornuestrolaredo.com\/index.php?rest_route=\/wp\/v2\/posts\/5628\/revisions"}],"predecessor-version":[{"id":5630,"href":"https:\/\/pornuestrolaredo.com\/index.php?rest_route=\/wp\/v2\/posts\/5628\/revisions\/5630"}],"wp:featuredmedia":[{"embeddable":true,"href":"https:\/\/pornuestrolaredo.com\/index.php?rest_route=\/wp\/v2\/media\/5629"}],"wp:attachment":[{"href":"https:\/\/pornuestrolaredo.com\/index.php?rest_route=%2Fwp%2Fv2%2Fmedia&parent=5628"}],"wp:term":[{"taxonomy":"category","embeddable":true,"href":"https:\/\/pornuestrolaredo.com\/index.php?rest_route=%2Fwp%2Fv2%2Fcategories&post=5628"},{"taxonomy":"post_tag","embeddable":true,"href":"https:\/\/pornuestrolaredo.com\/index.php?rest_route=%2Fwp%2Fv2%2Ftags&post=5628"}],"curies":[{"name":"wp","href":"https:\/\/api.w.org\/{rel}","templated":true}]}}