{"id":5631,"date":"2024-11-15T20:16:54","date_gmt":"2024-11-15T20:16:54","guid":{"rendered":"https:\/\/pornuestrolaredo.com\/?p=5631"},"modified":"2024-11-15T20:16:54","modified_gmt":"2024-11-15T20:16:54","slug":"anuncia-gobierno-federal-presupuesto-de-egresos-2025","status":"publish","type":"post","link":"https:\/\/pornuestrolaredo.com\/?p=5631","title":{"rendered":"Anuncia Gobierno Federal Presupuesto de Egresos 2025"},"content":{"rendered":"<p><strong>CIUDAD DE M\u00c9XICO.-<\/strong> Durante el actual sexenio, se le dar\u00e1 continuidad a los \u201csignificativos avances en materia de reducci\u00f3n a la pobreza\u201d que hubo en el gobierno de Andr\u00e9s Manuel L\u00f3pez Obrador, a trav\u00e9s de los programas sociales ya existentes y los de nueva creaci\u00f3n, pero con un enfoque de austeridad en el gasto y lucha contra la corrupci\u00f3n, se\u00f1al\u00f3 la presidenta Claudia Sheinbaum Pardo.<\/p>\n<p>En la carta que le envi\u00f3 este viernes a la C\u00e1mara de Diputados para exponer el Proyecto de Presupuesto de Egresos de la Federaci\u00f3n para el Ejercicio Fiscal 2025, la mandataria federal asegur\u00f3 que, aunque se espera un crecimiento \u201cmoderado\u201d a nivel mundial el a\u00f1o entrante, M\u00e9xico tendr\u00e1 un \u201ccrecimiento positivo\u201d, debido al fortalecimiento del mercado interno y la recuperaci\u00f3n de la inversi\u00f3n p\u00fablica y privada.<\/p>\n<p>El documento, de 12 p\u00e1ginas, subraya que en este gobierno \u201cdaremos continuidad a los significativos avances en materia de reducci\u00f3n de pobreza y desigualdad logrados en la pasada administraci\u00f3n, con la materializaci\u00f3n de programas y proyectos prioritarios en beneficio de la poblaci\u00f3n m\u00e1s desfavorecida\u201d, como lo establece el documento 100 compromisos para el 2\u00ba piso de la Transformaci\u00f3n.<\/p>\n<p>Luego de afirmar que la tarea de cerrar las brechas de desigualdad se debe realizar impulsando el desarrollo econ\u00f3mico con justicia social y cuidado del medio ambiente, Sheinbaum destac\u00f3 que \u201cuna premisa fundamental es desterrar el neoliberalismo, el nepotismo y la corrupci\u00f3n de la vida p\u00fablica\u201d, pues dichas faltas \u201chan minado la confianza del pueblo en sus instituciones y desviado recursos\u201d de la ciudadan\u00eda.<\/p>\n<p>Por ello, \u201cpara fortalecer la honestidad en el servicio p\u00fablico se intensificar\u00e1 la lucha contra la corrupci\u00f3n, la vigilancia y sanci\u00f3n de actos indebidos\u201d, y se aplicar\u00e1 \u201cuna pol\u00edtica de compras y contrataciones p\u00fablicas transparentes y eficientes, para maximizar el aprovechamiento de los recursos disponibles, permitiendo destinarlos a programas sociales prioritarios\u201d. La pol\u00edtica de gasto para 2025, dijo la presidenta, \u201cse formul\u00f3 con plena responsabilidad, manteniendo las finanzas p\u00fablicas sanas, en observancia del equilibrio presupuestario y la disciplina fiscal\u201d.<\/p>\n","protected":false},"excerpt":{"rendered":"<p>Anuncia la presidenta Claudia Sheinbaum Pardo que habr\u00e1 un enfoque en la austeridad, en el gasto y la lucha contra la corrupci\u00f3n<\/p>\n","protected":false},"author":1,"featured_media":5632,"comment_status":"closed","ping_status":"closed","sticky":false,"template":"","format":"standard","meta":{"_crdt_document":"","_jetpack_memberships_contains_paid_content":false,"footnotes":"","jetpack_publicize_message":"","jetpack_publicize_feature_enabled":true,"jetpack_social_post_already_shared":true,"jetpack_social_options":{"image_generator_settings":{"template":"highway","default_image_id":0,"font":"","enabled":false},"version":2},"_wpas_customize_per_network":false},"categories":[33],"tags":[],"class_list":["post-5631","post","type-post","status-publish","format-standard","has-post-thumbnail","hentry","category-mexico"],"magazineBlocksPostFeaturedMedia":{"thumbnail":"https:\/\/pornuestrolaredo.com\/wp-content\/uploads\/2024\/11\/Stereo91-20241115-2-150x150.jpg","medium":"https:\/\/pornuestrolaredo.com\/wp-content\/uploads\/2024\/11\/Stereo91-20241115-2-300x200.jpg","medium_large":"https:\/\/pornuestrolaredo.com\/wp-content\/uploads\/2024\/11\/Stereo91-20241115-2-768x512.jpg","large":"https:\/\/pornuestrolaredo.com\/wp-content\/uploads\/2024\/11\/Stereo91-20241115-2-1000x666.jpg","1536x1536":"https:\/\/pornuestrolaredo.com\/wp-content\/uploads\/2024\/11\/Stereo91-20241115-2.jpg","2048x2048":"https:\/\/pornuestrolaredo.com\/wp-content\/uploads\/2024\/11\/Stereo91-20241115-2.jpg","morenews-large":"https:\/\/pornuestrolaredo.com\/wp-content\/uploads\/2024\/11\/Stereo91-20241115-2.jpg","morenews-medium":"https:\/\/pornuestrolaredo.com\/wp-content\/uploads\/2024\/11\/Stereo91-20241115-2.jpg"},"magazineBlocksPostAuthor":{"name":"Redactor","avatar":"https:\/\/pornuestrolaredo.com\/wp-content\/litespeed\/avatar\/dca1d7ec750c399f025f23b0b314f4cf.jpg?ver=1777612120"},"magazineBlocksPostCommentsNumber":false,"magazineBlocksPostExcerpt":"Anuncia la presidenta Claudia Sheinbaum Pardo que habr\u00e1 un enfoque en la austeridad, en el gasto y la lucha contra la corrupci\u00f3n","magazineBlocksPostCategories":["Mexico"],"magazineBlocksPostViewCount":186,"magazineBlocksPostReadTime":2,"magazine_blocks_featured_image_url":{"full":["https:\/\/pornuestrolaredo.com\/wp-content\/uploads\/2024\/11\/Stereo91-20241115-2.jpg",1024,682,false],"medium":["https:\/\/pornuestrolaredo.com\/wp-content\/uploads\/2024\/11\/Stereo91-20241115-2-300x200.jpg",300,200,true],"thumbnail":["https:\/\/pornuestrolaredo.com\/wp-content\/uploads\/2024\/11\/Stereo91-20241115-2-150x150.jpg",150,150,true]},"magazine_blocks_author":{"display_name":"Redactor","author_link":"https:\/\/pornuestrolaredo.com\/?author=1"},"magazine_blocks_comment":0,"magazine_blocks_author_image":"https:\/\/pornuestrolaredo.com\/wp-content\/litespeed\/avatar\/dca1d7ec750c399f025f23b0b314f4cf.jpg?ver=1777612120","magazine_blocks_category":"<a href=\"#\" class=\"category-link category-link-33\">Mexico<\/a>","jetpack_publicize_connections":[],"featured_image_urls":{"full":["https:\/\/pornuestrolaredo.com\/wp-content\/uploads\/2024\/11\/Stereo91-20241115-2.jpg",1024,682,false],"thumbnail":["https:\/\/pornuestrolaredo.com\/wp-content\/uploads\/2024\/11\/Stereo91-20241115-2-150x150.jpg",150,150,true],"medium":["https:\/\/pornuestrolaredo.com\/wp-content\/uploads\/2024\/11\/Stereo91-20241115-2-300x200.jpg",300,200,true],"medium_large":["https:\/\/pornuestrolaredo.com\/wp-content\/uploads\/2024\/11\/Stereo91-20241115-2-768x512.jpg",640,427,true],"large":["https:\/\/pornuestrolaredo.com\/wp-content\/uploads\/2024\/11\/Stereo91-20241115-2-1000x666.jpg",640,426,true],"1536x1536":["https:\/\/pornuestrolaredo.com\/wp-content\/uploads\/2024\/11\/Stereo91-20241115-2.jpg",1024,682,false],"2048x2048":["https:\/\/pornuestrolaredo.com\/wp-content\/uploads\/2024\/11\/Stereo91-20241115-2.jpg",1024,682,false],"morenews-large":["https:\/\/pornuestrolaredo.com\/wp-content\/uploads\/2024\/11\/Stereo91-20241115-2.jpg",825,549,false],"morenews-medium":["https:\/\/pornuestrolaredo.com\/wp-content\/uploads\/2024\/11\/Stereo91-20241115-2.jpg",590,393,false]},"author_info":{"info":["Redactor"]},"category_info":"<a href=\"https:\/\/pornuestrolaredo.com\/?cat=33\" rel=\"category\">Mexico<\/a>","tag_info":"Mexico","comment_count":"0","jetpack_featured_media_url":"https:\/\/pornuestrolaredo.com\/wp-content\/uploads\/2024\/11\/Stereo91-20241115-2.jpg","jetpack_sharing_enabled":true,"_links":{"self":[{"href":"https:\/\/pornuestrolaredo.com\/index.php?rest_route=\/wp\/v2\/posts\/5631","targetHints":{"allow":["GET"]}}],"collection":[{"href":"https:\/\/pornuestrolaredo.com\/index.php?rest_route=\/wp\/v2\/posts"}],"about":[{"href":"https:\/\/pornuestrolaredo.com\/index.php?rest_route=\/wp\/v2\/types\/post"}],"author":[{"embeddable":true,"href":"https:\/\/pornuestrolaredo.com\/index.php?rest_route=\/wp\/v2\/users\/1"}],"replies":[{"embeddable":true,"href":"https:\/\/pornuestrolaredo.com\/index.php?rest_route=%2Fwp%2Fv2%2Fcomments&post=5631"}],"version-history":[{"count":1,"href":"https:\/\/pornuestrolaredo.com\/index.php?rest_route=\/wp\/v2\/posts\/5631\/revisions"}],"predecessor-version":[{"id":5633,"href":"https:\/\/pornuestrolaredo.com\/index.php?rest_route=\/wp\/v2\/posts\/5631\/revisions\/5633"}],"wp:featuredmedia":[{"embeddable":true,"href":"https:\/\/pornuestrolaredo.com\/index.php?rest_route=\/wp\/v2\/media\/5632"}],"wp:attachment":[{"href":"https:\/\/pornuestrolaredo.com\/index.php?rest_route=%2Fwp%2Fv2%2Fmedia&parent=5631"}],"wp:term":[{"taxonomy":"category","embeddable":true,"href":"https:\/\/pornuestrolaredo.com\/index.php?rest_route=%2Fwp%2Fv2%2Fcategories&post=5631"},{"taxonomy":"post_tag","embeddable":true,"href":"https:\/\/pornuestrolaredo.com\/index.php?rest_route=%2Fwp%2Fv2%2Ftags&post=5631"}],"curies":[{"name":"wp","href":"https:\/\/api.w.org\/{rel}","templated":true}]}}