{"id":5635,"date":"2024-11-18T19:02:25","date_gmt":"2024-11-18T19:02:25","guid":{"rendered":"https:\/\/pornuestrolaredo.com\/?p=5635"},"modified":"2024-11-18T19:03:09","modified_gmt":"2024-11-18T19:03:09","slug":"esperan-el-viernes-primer-arribo-masivo-de-paisanos","status":"publish","type":"post","link":"https:\/\/pornuestrolaredo.com\/?p=5635","title":{"rendered":"Esperan el viernes primer arribo masivo de paisanos"},"content":{"rendered":"<p><strong><em>NUEVO LAREDO.-<\/em><\/strong> Todo est\u00e1 listo para recibir el viernes la primera ola de paisanos durante y que se ir\u00e1 incrementando a partir de la \u00faltima semana de noviembre y todo de diciembre<\/p>\n<p>De la mano de diversas dependencias estatales y federales, el Gobierno Municipal se prepara para recibir a los miles de H\u00e9roes Paisanos que durante la temporada navide\u00f1a, cruzar\u00e1n por Nuevo Laredo en ruta hacia sus lugares de origen.<\/p>\n<blockquote><p>Siempre en  coordinaci\u00f3n,  trabajando de la mano de todos  los cuerpos de seguridad, del gobierno federal, estatal y por supuesto del gobierno municipal, esperando el arribo de nuestro H\u00e9roes Paisanos\u201d, se\u00f1al\u00f3 el secretario del Ayuntamiento Juan \u00c1ngel Mart\u00ednez Salazar.<\/p><\/blockquote>\n<p>Previo a una reuni\u00f3n en la que participar\u00e1n todas las entidades involucradas, este programa tiene como fecha para iniciar el pr\u00f3ximo domingo 24 de noviembre y concluir la segunda semana de enero, pasada la festividad del D\u00eda de Reyes.<\/p>\n<p>Con  la finalidad de que su estancia sea placentera en su paso por Nuevo Laredo, el Gobierno Municipal como en  a\u00f1os anteriores, tiene contemplada una serie de festejos en honor de estos invitados.<\/p>\n<blockquote><p>Vamos a preparar a trav\u00e9s de la Direcci\u00f3n  de Cultura algunas amenidades, en el CITEV para hacer m\u00e1s  c\u00f3moda su espera\u201d, dijo Mart\u00ednez Salazar, quien agreg\u00f3 que en  esta jornada tambi\u00e9n participar\u00e1 la Direcci\u00f3n  de Turismo promocionando sitios de inter\u00e9s de la ciudad.<\/p><\/blockquote>\n<p>En este operativo participar\u00e1n varias dependencias como el Instituto Nacional de Migraci\u00f3n (INM), Guardia Nacional y Estatal y de parte del Gobierno municipal, Protecci\u00f3n Civil y Bomberos (DPCyB), Guardia Municipal, Direcci\u00f3n de Tr\u00e1nsito y Vialidad (DTyV), entre otras.<\/p>\n<p>Esta \u00faltima se encargar\u00e1 de dar celeridad y seguridad a los m\u00e1s de 15 mil veh\u00edculos que se espera pasen y en el regreso por la Ciudad durante esta temporada.<\/p>\n<blockquote><p>Nuestra presidenta Carmen Lilia Canturosas, nos ha dado la instrucci\u00f3n de estar al pendiente de programa, de  orientar a los paisanos, de apoyarlos en  caso de alguna falla mec\u00e1nica, con el  de que sientan seguros y  que ellos mismos llevan el mensaje de que esta frontera es muy segura  y \u00e1gil para cruzar\u201d, mencion\u00f3 Armando de la Torre Toledo, titular de DTyV.<\/p><\/blockquote>\n<p>Explic\u00f3 que espera la primera ola de paisanos durante este viernes y se ir\u00e1 incrementando a partir de la \u00faltima semana de noviembre y todo el mes de diciembre.<\/p>\n","protected":false},"excerpt":{"rendered":"<p>Calculan que 15 mil veh\u00edculos crucen por Nuevo Laredo con destino a diversas ciudades del interior de la Rep\u00fablica<\/p>\n","protected":false},"author":1,"featured_media":5636,"comment_status":"closed","ping_status":"closed","sticky":false,"template":"","format":"standard","meta":{"_crdt_document":"","_jetpack_memberships_contains_paid_content":false,"footnotes":"","jetpack_publicize_message":"","jetpack_publicize_feature_enabled":true,"jetpack_social_post_already_shared":true,"jetpack_social_options":{"image_generator_settings":{"template":"highway","default_image_id":0,"font":"","enabled":false},"version":2},"_wpas_customize_per_network":false},"categories":[4],"tags":[],"class_list":["post-5635","post","type-post","status-publish","format-standard","has-post-thumbnail","hentry","category-los-dos-laredos"],"magazineBlocksPostFeaturedMedia":{"thumbnail":"https:\/\/pornuestrolaredo.com\/wp-content\/uploads\/2024\/11\/Stereo91-20241118-2-150x150.jpg","medium":"https:\/\/pornuestrolaredo.com\/wp-content\/uploads\/2024\/11\/Stereo91-20241118-2-300x169.jpg","medium_large":"https:\/\/pornuestrolaredo.com\/wp-content\/uploads\/2024\/11\/Stereo91-20241118-2-768x432.jpg","large":"https:\/\/pornuestrolaredo.com\/wp-content\/uploads\/2024\/11\/Stereo91-20241118-2-1000x563.jpg","1536x1536":"https:\/\/pornuestrolaredo.com\/wp-content\/uploads\/2024\/11\/Stereo91-20241118-2.jpg","2048x2048":"https:\/\/pornuestrolaredo.com\/wp-content\/uploads\/2024\/11\/Stereo91-20241118-2.jpg","morenews-large":"https:\/\/pornuestrolaredo.com\/wp-content\/uploads\/2024\/11\/Stereo91-20241118-2.jpg","morenews-medium":"https:\/\/pornuestrolaredo.com\/wp-content\/uploads\/2024\/11\/Stereo91-20241118-2.jpg"},"magazineBlocksPostAuthor":{"name":"Redactor","avatar":"https:\/\/pornuestrolaredo.com\/wp-content\/litespeed\/avatar\/dca1d7ec750c399f025f23b0b314f4cf.jpg?ver=1777612120"},"magazineBlocksPostCommentsNumber":false,"magazineBlocksPostExcerpt":"Calculan que 15 mil veh\u00edculos crucen por Nuevo Laredo con destino a diversas ciudades del interior de la Rep\u00fablica","magazineBlocksPostCategories":["Los dos Laredos"],"magazineBlocksPostViewCount":199,"magazineBlocksPostReadTime":3,"magazine_blocks_featured_image_url":{"full":["https:\/\/pornuestrolaredo.com\/wp-content\/uploads\/2024\/11\/Stereo91-20241118-2.jpg",1280,720,false],"medium":["https:\/\/pornuestrolaredo.com\/wp-content\/uploads\/2024\/11\/Stereo91-20241118-2-300x169.jpg",300,169,true],"thumbnail":["https:\/\/pornuestrolaredo.com\/wp-content\/uploads\/2024\/11\/Stereo91-20241118-2-150x150.jpg",150,150,true]},"magazine_blocks_author":{"display_name":"Redactor","author_link":"https:\/\/pornuestrolaredo.com\/?author=1"},"magazine_blocks_comment":0,"magazine_blocks_author_image":"https:\/\/pornuestrolaredo.com\/wp-content\/litespeed\/avatar\/dca1d7ec750c399f025f23b0b314f4cf.jpg?ver=1777612120","magazine_blocks_category":"<a href=\"#\" class=\"category-link category-link-4\">Los dos Laredos<\/a>","jetpack_publicize_connections":[],"featured_image_urls":{"full":["https:\/\/pornuestrolaredo.com\/wp-content\/uploads\/2024\/11\/Stereo91-20241118-2.jpg",1280,720,false],"thumbnail":["https:\/\/pornuestrolaredo.com\/wp-content\/uploads\/2024\/11\/Stereo91-20241118-2-150x150.jpg",150,150,true],"medium":["https:\/\/pornuestrolaredo.com\/wp-content\/uploads\/2024\/11\/Stereo91-20241118-2-300x169.jpg",300,169,true],"medium_large":["https:\/\/pornuestrolaredo.com\/wp-content\/uploads\/2024\/11\/Stereo91-20241118-2-768x432.jpg",640,360,true],"large":["https:\/\/pornuestrolaredo.com\/wp-content\/uploads\/2024\/11\/Stereo91-20241118-2-1000x563.jpg",640,360,true],"1536x1536":["https:\/\/pornuestrolaredo.com\/wp-content\/uploads\/2024\/11\/Stereo91-20241118-2.jpg",1280,720,false],"2048x2048":["https:\/\/pornuestrolaredo.com\/wp-content\/uploads\/2024\/11\/Stereo91-20241118-2.jpg",1280,720,false],"morenews-large":["https:\/\/pornuestrolaredo.com\/wp-content\/uploads\/2024\/11\/Stereo91-20241118-2.jpg",825,464,false],"morenews-medium":["https:\/\/pornuestrolaredo.com\/wp-content\/uploads\/2024\/11\/Stereo91-20241118-2.jpg",590,332,false]},"author_info":{"info":["Redactor"]},"category_info":"<a href=\"https:\/\/pornuestrolaredo.com\/?cat=4\" rel=\"category\">Los dos Laredos<\/a>","tag_info":"Los dos Laredos","comment_count":"0","jetpack_featured_media_url":"https:\/\/pornuestrolaredo.com\/wp-content\/uploads\/2024\/11\/Stereo91-20241118-2.jpg","jetpack_sharing_enabled":true,"_links":{"self":[{"href":"https:\/\/pornuestrolaredo.com\/index.php?rest_route=\/wp\/v2\/posts\/5635","targetHints":{"allow":["GET"]}}],"collection":[{"href":"https:\/\/pornuestrolaredo.com\/index.php?rest_route=\/wp\/v2\/posts"}],"about":[{"href":"https:\/\/pornuestrolaredo.com\/index.php?rest_route=\/wp\/v2\/types\/post"}],"author":[{"embeddable":true,"href":"https:\/\/pornuestrolaredo.com\/index.php?rest_route=\/wp\/v2\/users\/1"}],"replies":[{"embeddable":true,"href":"https:\/\/pornuestrolaredo.com\/index.php?rest_route=%2Fwp%2Fv2%2Fcomments&post=5635"}],"version-history":[{"count":1,"href":"https:\/\/pornuestrolaredo.com\/index.php?rest_route=\/wp\/v2\/posts\/5635\/revisions"}],"predecessor-version":[{"id":5637,"href":"https:\/\/pornuestrolaredo.com\/index.php?rest_route=\/wp\/v2\/posts\/5635\/revisions\/5637"}],"wp:featuredmedia":[{"embeddable":true,"href":"https:\/\/pornuestrolaredo.com\/index.php?rest_route=\/wp\/v2\/media\/5636"}],"wp:attachment":[{"href":"https:\/\/pornuestrolaredo.com\/index.php?rest_route=%2Fwp%2Fv2%2Fmedia&parent=5635"}],"wp:term":[{"taxonomy":"category","embeddable":true,"href":"https:\/\/pornuestrolaredo.com\/index.php?rest_route=%2Fwp%2Fv2%2Fcategories&post=5635"},{"taxonomy":"post_tag","embeddable":true,"href":"https:\/\/pornuestrolaredo.com\/index.php?rest_route=%2Fwp%2Fv2%2Ftags&post=5635"}],"curies":[{"name":"wp","href":"https:\/\/api.w.org\/{rel}","templated":true}]}}