{"id":5646,"date":"2024-11-21T17:06:56","date_gmt":"2024-11-21T17:06:56","guid":{"rendered":"https:\/\/pornuestrolaredo.com\/?p=5646"},"modified":"2024-11-21T17:06:56","modified_gmt":"2024-11-21T17:06:56","slug":"instala-texas-muro-flotante-en-el-rio-bravo","status":"publish","type":"post","link":"https:\/\/pornuestrolaredo.com\/?p=5646","title":{"rendered":"Instala Texas \u2018muro\u2019 flotante en el r\u00edo Bravo"},"content":{"rendered":"<p><strong>AUSTIN.-<\/strong> Texas comenz\u00f3 a instalar m\u00e1s boyas en el r\u00edo Bravo para impedir el cruce no autorizado de migrantes, pese a una demanda interpuesta por el gobierno del presidente Joe Biden que cuestiona la potestad de ese Estado para hacerlo, inform\u00f3 ayer la oficina del gobernador Greg Abbott.<\/p>\n<p>Los trabajadores estatales ampl\u00edan una barrera de unos 300 metros de boyas naranjas en la zona ubicada entre Piedras Negras, Coahuila, y Eagle Pass, Texas, la cual fue un punto cr\u00edtico para los cruces ilegales el a\u00f1o pasado.<br \/>\nLa medida adoptada ayer constituye un desaf\u00edo directo a la Casa Blanca y pone de manifiesto que Texas espera contar pronto con m\u00e1s libertad para aplicar sus propias medidas de control en la frontera internacional durante el gobierno de Donald Trump.<\/p>\n<p>Abbott presumi\u00f3 el nuevo esfuerzo durante una entrevista con el presentador de Fox News Sean Hannity el martes por la noche.<\/p>\n<blockquote><p>No vamos a ceder en absoluto. Ma\u00f1ana (ayer) vamos a poner m\u00e1s boyas en el r\u00edo Bravo, haciendo m\u00e1s para impedir la entrada ilegal en el estado de Texas&#8221;, dijo Abbott.<\/p><\/blockquote>\n<p>Se desconoc\u00eda hasta ayer la longitud a\u00f1adida a la barrera de boyas existente.<\/p>\n<p>Pero incluso con esa incorporaci\u00f3n s\u00f3lo se afectar\u00eda una fracci\u00f3n muy peque\u00f1a de la frontera entre Texas y M\u00e9xico, que se extiende a lo largo de m\u00e1s de 2 mil kil\u00f3metros.<\/p>\n<p>Los cruces desde el sur se han reducido dr\u00e1sticamente este a\u00f1o, despu\u00e9s de que el Gobierno Federal restringi\u00f3 la capacidad de los solicitantes de asilo para permanecer en Estados Unidos tras entrar sin autorizaci\u00f3n.<\/p>\n<p>En el tramo de la frontera de Texas que incluye Eagle Pass, la Oficina de Aduanas y Protecci\u00f3n Fronteriza registr\u00f3 unos 8 mil 500 encuentros con migrantes irregulares el mes pasado, frente a los 38 mil reportados el mismo mes de 2023.<br \/>\nEl pleito sobre las boyas avanza en los tribunales federales desde que la Administraci\u00f3n Biden present\u00f3 una demanda el a\u00f1o pasado, en la cual argumenta que, al construir la barrera, el Estado de Texas viola una ley federal que regula las aguas navegables en Estados Unidos.<\/p>\n","protected":false},"excerpt":{"rendered":"<p>El gobernador Greg Abbott anuncia que colocar\u00e1n boyas en la zona ubicada entre Piedras Negras y Eagle Pass<\/p>\n","protected":false},"author":1,"featured_media":5647,"comment_status":"closed","ping_status":"closed","sticky":false,"template":"","format":"standard","meta":{"_crdt_document":"","_jetpack_memberships_contains_paid_content":false,"footnotes":"","jetpack_publicize_message":"","jetpack_publicize_feature_enabled":true,"jetpack_social_post_already_shared":true,"jetpack_social_options":{"image_generator_settings":{"template":"highway","default_image_id":0,"font":"","enabled":false},"version":2},"_wpas_customize_per_network":false},"categories":[9],"tags":[],"class_list":["post-5646","post","type-post","status-publish","format-standard","has-post-thumbnail","hentry","category-el-mundo"],"magazineBlocksPostFeaturedMedia":{"thumbnail":"https:\/\/pornuestrolaredo.com\/wp-content\/uploads\/2024\/11\/Stereo91-20241121-1-150x150.jpg","medium":"https:\/\/pornuestrolaredo.com\/wp-content\/uploads\/2024\/11\/Stereo91-20241121-1-300x200.jpg","medium_large":"https:\/\/pornuestrolaredo.com\/wp-content\/uploads\/2024\/11\/Stereo91-20241121-1-768x512.jpg","large":"https:\/\/pornuestrolaredo.com\/wp-content\/uploads\/2024\/11\/Stereo91-20241121-1.jpg","1536x1536":"https:\/\/pornuestrolaredo.com\/wp-content\/uploads\/2024\/11\/Stereo91-20241121-1.jpg","2048x2048":"https:\/\/pornuestrolaredo.com\/wp-content\/uploads\/2024\/11\/Stereo91-20241121-1.jpg","morenews-large":"https:\/\/pornuestrolaredo.com\/wp-content\/uploads\/2024\/11\/Stereo91-20241121-1.jpg","morenews-medium":"https:\/\/pornuestrolaredo.com\/wp-content\/uploads\/2024\/11\/Stereo91-20241121-1.jpg"},"magazineBlocksPostAuthor":{"name":"Redactor","avatar":"https:\/\/pornuestrolaredo.com\/wp-content\/litespeed\/avatar\/dca1d7ec750c399f025f23b0b314f4cf.jpg?ver=1777612120"},"magazineBlocksPostCommentsNumber":false,"magazineBlocksPostExcerpt":"El gobernador Greg Abbott anuncia que colocar\u00e1n boyas en la zona ubicada entre Piedras Negras y Eagle Pass","magazineBlocksPostCategories":["El Mundo"],"magazineBlocksPostViewCount":153,"magazineBlocksPostReadTime":2,"magazine_blocks_featured_image_url":{"full":["https:\/\/pornuestrolaredo.com\/wp-content\/uploads\/2024\/11\/Stereo91-20241121-1.jpg",960,640,false],"medium":["https:\/\/pornuestrolaredo.com\/wp-content\/uploads\/2024\/11\/Stereo91-20241121-1-300x200.jpg",300,200,true],"thumbnail":["https:\/\/pornuestrolaredo.com\/wp-content\/uploads\/2024\/11\/Stereo91-20241121-1-150x150.jpg",150,150,true]},"magazine_blocks_author":{"display_name":"Redactor","author_link":"https:\/\/pornuestrolaredo.com\/?author=1"},"magazine_blocks_comment":0,"magazine_blocks_author_image":"https:\/\/pornuestrolaredo.com\/wp-content\/litespeed\/avatar\/dca1d7ec750c399f025f23b0b314f4cf.jpg?ver=1777612120","magazine_blocks_category":"<a href=\"#\" class=\"category-link category-link-9\">El Mundo<\/a>","jetpack_publicize_connections":[],"featured_image_urls":{"full":["https:\/\/pornuestrolaredo.com\/wp-content\/uploads\/2024\/11\/Stereo91-20241121-1.jpg",960,640,false],"thumbnail":["https:\/\/pornuestrolaredo.com\/wp-content\/uploads\/2024\/11\/Stereo91-20241121-1-150x150.jpg",150,150,true],"medium":["https:\/\/pornuestrolaredo.com\/wp-content\/uploads\/2024\/11\/Stereo91-20241121-1-300x200.jpg",300,200,true],"medium_large":["https:\/\/pornuestrolaredo.com\/wp-content\/uploads\/2024\/11\/Stereo91-20241121-1-768x512.jpg",640,427,true],"large":["https:\/\/pornuestrolaredo.com\/wp-content\/uploads\/2024\/11\/Stereo91-20241121-1.jpg",640,427,false],"1536x1536":["https:\/\/pornuestrolaredo.com\/wp-content\/uploads\/2024\/11\/Stereo91-20241121-1.jpg",960,640,false],"2048x2048":["https:\/\/pornuestrolaredo.com\/wp-content\/uploads\/2024\/11\/Stereo91-20241121-1.jpg",960,640,false],"morenews-large":["https:\/\/pornuestrolaredo.com\/wp-content\/uploads\/2024\/11\/Stereo91-20241121-1.jpg",825,550,false],"morenews-medium":["https:\/\/pornuestrolaredo.com\/wp-content\/uploads\/2024\/11\/Stereo91-20241121-1.jpg",590,393,false]},"author_info":{"info":["Redactor"]},"category_info":"<a href=\"https:\/\/pornuestrolaredo.com\/?cat=9\" rel=\"category\">El Mundo<\/a>","tag_info":"El Mundo","comment_count":"0","jetpack_featured_media_url":"https:\/\/pornuestrolaredo.com\/wp-content\/uploads\/2024\/11\/Stereo91-20241121-1.jpg","jetpack_sharing_enabled":true,"_links":{"self":[{"href":"https:\/\/pornuestrolaredo.com\/index.php?rest_route=\/wp\/v2\/posts\/5646","targetHints":{"allow":["GET"]}}],"collection":[{"href":"https:\/\/pornuestrolaredo.com\/index.php?rest_route=\/wp\/v2\/posts"}],"about":[{"href":"https:\/\/pornuestrolaredo.com\/index.php?rest_route=\/wp\/v2\/types\/post"}],"author":[{"embeddable":true,"href":"https:\/\/pornuestrolaredo.com\/index.php?rest_route=\/wp\/v2\/users\/1"}],"replies":[{"embeddable":true,"href":"https:\/\/pornuestrolaredo.com\/index.php?rest_route=%2Fwp%2Fv2%2Fcomments&post=5646"}],"version-history":[{"count":1,"href":"https:\/\/pornuestrolaredo.com\/index.php?rest_route=\/wp\/v2\/posts\/5646\/revisions"}],"predecessor-version":[{"id":5648,"href":"https:\/\/pornuestrolaredo.com\/index.php?rest_route=\/wp\/v2\/posts\/5646\/revisions\/5648"}],"wp:featuredmedia":[{"embeddable":true,"href":"https:\/\/pornuestrolaredo.com\/index.php?rest_route=\/wp\/v2\/media\/5647"}],"wp:attachment":[{"href":"https:\/\/pornuestrolaredo.com\/index.php?rest_route=%2Fwp%2Fv2%2Fmedia&parent=5646"}],"wp:term":[{"taxonomy":"category","embeddable":true,"href":"https:\/\/pornuestrolaredo.com\/index.php?rest_route=%2Fwp%2Fv2%2Fcategories&post=5646"},{"taxonomy":"post_tag","embeddable":true,"href":"https:\/\/pornuestrolaredo.com\/index.php?rest_route=%2Fwp%2Fv2%2Ftags&post=5646"}],"curies":[{"name":"wp","href":"https:\/\/api.w.org\/{rel}","templated":true}]}}