{"id":5665,"date":"2024-11-26T21:17:29","date_gmt":"2024-11-26T21:17:29","guid":{"rendered":"https:\/\/pornuestrolaredo.com\/?p=5665"},"modified":"2024-11-26T21:17:29","modified_gmt":"2024-11-26T21:17:29","slug":"posible-cese-al-fuego-en-libano","status":"publish","type":"post","link":"https:\/\/pornuestrolaredo.com\/?p=5665","title":{"rendered":"Posible cese al fuego en L\u00edbano"},"content":{"rendered":"<p><strong>JERUSAL\u00c9N.-<\/strong> El primer ministro israel\u00ed Benjamin Netanyahu declar\u00f3 el martes que le recomendar\u00e1 a su gabinete aprobar la propuesta de cese al fuego con el grupo liban\u00e9s Hezbollah.<\/p>\n<p>En una declaraci\u00f3n televisada, Netanyahu dijo que presentar\u00eda la propuesta a su gabinete m\u00e1s tarde el martes, lo que podr\u00eda llevar al fin de casi 14 meses de combates.<\/p>\n<p>Netanyahu dijo que se espera que haya una votaci\u00f3n el martes en la noche. No quedaba claro de inmediato cu\u00e1ndo entrar\u00eda en vigencia el acuerdo, y no se han revelado sus t\u00e9rminos. El acuerdo no afecta la guerra de Israel contra el grupo palestino Ham\u00e1s en la Franja de Gaza, que no da se\u00f1ales de concluir pronto.<\/p>\n<p>Poco despu\u00e9s del anuncio de Netanyahu, aviones israel\u00edes atacaron un edificio en una concurrida zona comercial de Beirut por primera vez desde el inicio de la guerra. Un ataque separado golpe\u00f3 el barrio de Mar Elias en la capital del pa\u00eds horas antes.<\/p>\n<p>No hubo informaci\u00f3n inmediata sobre v\u00edctimas de ninguno de los ataques, parte de la mayor ola de ataques sobre la capital desde que comenz\u00f3 la guerra.<\/p>\n<p>Crecen las esperanzas por el acuerdo, en el que se pide una pausa inicial de dos meses en los combates y se exigir\u00eda que Hezbollah termine su presencia armada en una amplia franja del sur del L\u00edbano, mientras que las tropas israel\u00edes regresar\u00edan a su lado de la frontera.<\/p>\n<p>Uno de los principales puntos de discordia es la exigencia israel\u00ed de reservarse el derecho de actuar en caso de que Hezbollah viole sus obligaciones. Seg\u00fan la propuesta, miles de tropas libanesas y cascos azules de la ONU se desplegar\u00edan en el sur, y un panel internacional encabezado por Estados Unidos supervisar\u00eda el cumplimiento de todas las partes.<\/p>\n<p>El ministro de Defensa de Israel, Israel Katz, dijo que el ej\u00e9rcito atacar\u00eda a Hezbollah si la fuerza de paz de la ONU no proporciona una \u201caplicaci\u00f3n efectiva\u201d del acuerdo.<\/p>\n<blockquote><p>Si ustedes no act\u00faan, actuaremos nosotros, y con gran fuerza\u201d, dijo a la enviada especial de la ONU, Jeanine Hennis-Plasschaert.<\/p><\/blockquote>\n<p>El principal diplom\u00e1tico de la Uni\u00f3n Europea, Josep Borrell, declar\u00f3 el martes que las preocupaciones de seguridad de Israel se han abordado en el acuerdo, mediado por Estados Unidos y Francia.<\/p>\n<blockquote><p>No hay excusa para no implementar un alto el fuego. De lo contrario, L\u00edbano se desmoronar\u00e1\u201d, dijo Borrell a los periodistas en Fiuggi, Italia, al margen de una reuni\u00f3n del Grupo de los Siete. Dijo que Estados Unidos presidir\u00eda un comit\u00e9 de implementaci\u00f3n del alto el fuego, y Francia participar\u00eda a petici\u00f3n de L\u00edbano.<\/p><\/blockquote>\n","protected":false},"excerpt":{"rendered":"<p>Israel y Hezbollah se encaminan a un acuerdo y el primer ministro israel\u00ed Benjamin Netanyahu ofreci\u00f3 su respaldo<\/p>\n","protected":false},"author":1,"featured_media":5666,"comment_status":"closed","ping_status":"closed","sticky":false,"template":"","format":"standard","meta":{"_crdt_document":"","_jetpack_memberships_contains_paid_content":false,"footnotes":"","jetpack_publicize_message":"","jetpack_publicize_feature_enabled":true,"jetpack_social_post_already_shared":true,"jetpack_social_options":{"image_generator_settings":{"template":"highway","default_image_id":0,"font":"","enabled":false},"version":2},"_wpas_customize_per_network":false},"categories":[9],"tags":[],"class_list":["post-5665","post","type-post","status-publish","format-standard","has-post-thumbnail","hentry","category-el-mundo"],"magazineBlocksPostFeaturedMedia":{"thumbnail":"https:\/\/pornuestrolaredo.com\/wp-content\/uploads\/2024\/11\/Stereo91-20241126-8-150x150.jpg","medium":"https:\/\/pornuestrolaredo.com\/wp-content\/uploads\/2024\/11\/Stereo91-20241126-8-300x166.jpg","medium_large":"https:\/\/pornuestrolaredo.com\/wp-content\/uploads\/2024\/11\/Stereo91-20241126-8-768x424.jpg","large":"https:\/\/pornuestrolaredo.com\/wp-content\/uploads\/2024\/11\/Stereo91-20241126-8.jpg","1536x1536":"https:\/\/pornuestrolaredo.com\/wp-content\/uploads\/2024\/11\/Stereo91-20241126-8.jpg","2048x2048":"https:\/\/pornuestrolaredo.com\/wp-content\/uploads\/2024\/11\/Stereo91-20241126-8.jpg","morenews-large":"https:\/\/pornuestrolaredo.com\/wp-content\/uploads\/2024\/11\/Stereo91-20241126-8.jpg","morenews-medium":"https:\/\/pornuestrolaredo.com\/wp-content\/uploads\/2024\/11\/Stereo91-20241126-8.jpg"},"magazineBlocksPostAuthor":{"name":"Redactor","avatar":"https:\/\/pornuestrolaredo.com\/wp-content\/litespeed\/avatar\/dca1d7ec750c399f025f23b0b314f4cf.jpg?ver=1777612120"},"magazineBlocksPostCommentsNumber":false,"magazineBlocksPostExcerpt":"Israel y Hezbollah se encaminan a un acuerdo y el primer ministro israel\u00ed Benjamin Netanyahu ofreci\u00f3 su respaldo","magazineBlocksPostCategories":["El Mundo"],"magazineBlocksPostViewCount":139,"magazineBlocksPostReadTime":3,"magazine_blocks_featured_image_url":{"full":["https:\/\/pornuestrolaredo.com\/wp-content\/uploads\/2024\/11\/Stereo91-20241126-8.jpg",980,541,false],"medium":["https:\/\/pornuestrolaredo.com\/wp-content\/uploads\/2024\/11\/Stereo91-20241126-8-300x166.jpg",300,166,true],"thumbnail":["https:\/\/pornuestrolaredo.com\/wp-content\/uploads\/2024\/11\/Stereo91-20241126-8-150x150.jpg",150,150,true]},"magazine_blocks_author":{"display_name":"Redactor","author_link":"https:\/\/pornuestrolaredo.com\/?author=1"},"magazine_blocks_comment":0,"magazine_blocks_author_image":"https:\/\/pornuestrolaredo.com\/wp-content\/litespeed\/avatar\/dca1d7ec750c399f025f23b0b314f4cf.jpg?ver=1777612120","magazine_blocks_category":"<a href=\"#\" class=\"category-link category-link-9\">El Mundo<\/a>","jetpack_publicize_connections":[],"featured_image_urls":{"full":["https:\/\/pornuestrolaredo.com\/wp-content\/uploads\/2024\/11\/Stereo91-20241126-8.jpg",980,541,false],"thumbnail":["https:\/\/pornuestrolaredo.com\/wp-content\/uploads\/2024\/11\/Stereo91-20241126-8-150x150.jpg",150,150,true],"medium":["https:\/\/pornuestrolaredo.com\/wp-content\/uploads\/2024\/11\/Stereo91-20241126-8-300x166.jpg",300,166,true],"medium_large":["https:\/\/pornuestrolaredo.com\/wp-content\/uploads\/2024\/11\/Stereo91-20241126-8-768x424.jpg",640,353,true],"large":["https:\/\/pornuestrolaredo.com\/wp-content\/uploads\/2024\/11\/Stereo91-20241126-8.jpg",640,353,false],"1536x1536":["https:\/\/pornuestrolaredo.com\/wp-content\/uploads\/2024\/11\/Stereo91-20241126-8.jpg",980,541,false],"2048x2048":["https:\/\/pornuestrolaredo.com\/wp-content\/uploads\/2024\/11\/Stereo91-20241126-8.jpg",980,541,false],"morenews-large":["https:\/\/pornuestrolaredo.com\/wp-content\/uploads\/2024\/11\/Stereo91-20241126-8.jpg",825,455,false],"morenews-medium":["https:\/\/pornuestrolaredo.com\/wp-content\/uploads\/2024\/11\/Stereo91-20241126-8.jpg",590,326,false]},"author_info":{"info":["Redactor"]},"category_info":"<a href=\"https:\/\/pornuestrolaredo.com\/?cat=9\" rel=\"category\">El Mundo<\/a>","tag_info":"El Mundo","comment_count":"0","jetpack_featured_media_url":"https:\/\/pornuestrolaredo.com\/wp-content\/uploads\/2024\/11\/Stereo91-20241126-8.jpg","jetpack_sharing_enabled":true,"_links":{"self":[{"href":"https:\/\/pornuestrolaredo.com\/index.php?rest_route=\/wp\/v2\/posts\/5665","targetHints":{"allow":["GET"]}}],"collection":[{"href":"https:\/\/pornuestrolaredo.com\/index.php?rest_route=\/wp\/v2\/posts"}],"about":[{"href":"https:\/\/pornuestrolaredo.com\/index.php?rest_route=\/wp\/v2\/types\/post"}],"author":[{"embeddable":true,"href":"https:\/\/pornuestrolaredo.com\/index.php?rest_route=\/wp\/v2\/users\/1"}],"replies":[{"embeddable":true,"href":"https:\/\/pornuestrolaredo.com\/index.php?rest_route=%2Fwp%2Fv2%2Fcomments&post=5665"}],"version-history":[{"count":1,"href":"https:\/\/pornuestrolaredo.com\/index.php?rest_route=\/wp\/v2\/posts\/5665\/revisions"}],"predecessor-version":[{"id":5667,"href":"https:\/\/pornuestrolaredo.com\/index.php?rest_route=\/wp\/v2\/posts\/5665\/revisions\/5667"}],"wp:featuredmedia":[{"embeddable":true,"href":"https:\/\/pornuestrolaredo.com\/index.php?rest_route=\/wp\/v2\/media\/5666"}],"wp:attachment":[{"href":"https:\/\/pornuestrolaredo.com\/index.php?rest_route=%2Fwp%2Fv2%2Fmedia&parent=5665"}],"wp:term":[{"taxonomy":"category","embeddable":true,"href":"https:\/\/pornuestrolaredo.com\/index.php?rest_route=%2Fwp%2Fv2%2Fcategories&post=5665"},{"taxonomy":"post_tag","embeddable":true,"href":"https:\/\/pornuestrolaredo.com\/index.php?rest_route=%2Fwp%2Fv2%2Ftags&post=5665"}],"curies":[{"name":"wp","href":"https:\/\/api.w.org\/{rel}","templated":true}]}}