{"id":567,"date":"2022-10-12T18:58:43","date_gmt":"2022-10-12T18:58:43","guid":{"rendered":"https:\/\/pornuestrolaredo.com\/?p=567"},"modified":"2022-10-12T18:58:43","modified_gmt":"2022-10-12T18:58:43","slug":"tormenta-tropical-karl-apunta-a-veracruz","status":"publish","type":"post","link":"https:\/\/pornuestrolaredo.com\/?p=567","title":{"rendered":"Tormenta tropical Karl apunta a Veracruz"},"content":{"rendered":"\n<p class=\"wp-block-paragraph\"><strong><em>CIUDAD DE M\u00c9XICO.-<\/em><\/strong> La tormenta tropical Karl se fortaleci\u00f3 un poco el mi\u00e9rcoles frente a la costa de M\u00e9xico sobre el Golfo y se prev\u00e9 que toque tierra este fin de semana, pero sin cobrar fuerza de hurac\u00e1n.<\/p>\n\n\n\n<p class=\"wp-block-paragraph\">El Centro Nacional de Huracanes de Estados Unidos (NHC) indic\u00f3 que Karl ten\u00eda el mi\u00e9rcoles en la ma\u00f1ana vientos m\u00e1ximos sostenidos de 70 kil\u00f3metros por hora (45 millas por hora).<\/p>\n\n\n\n<p class=\"wp-block-paragraph\">Estaba centrada a unos 300 kil\u00f3metros (185 millas) al norte-noreste del puerto de Veracruz y se dirig\u00eda en direcci\u00f3n norte-noroeste a 9 km\/h (6 mph).<\/p>\n\n\n\n<p class=\"wp-block-paragraph\">Se prev\u00e9 que la tormenta virar\u00e1 hacia el suroeste y hacia la costa del Golfo de M\u00e9xico para el viernes y tocar\u00e1 en alg\u00fan punto de Veracruz, aunque sus bandas de nubes afectar\u00e1n a Tamaulipas, Tabasco, Oaxaca, Puebla y algunos otros estados del sur de M\u00e9xico.<\/p>\n\n\n\n<p class=\"wp-block-paragraph\">Los vientos de fuerza de tormenta tropical se extend\u00edan a 165 kil\u00f3metros (105 millas) de su centro.<\/p>\n\n\n\n<p class=\"wp-block-paragraph\">La estatal Comisi\u00f3n Nacional del Agua de M\u00e9xico (Conagua) inform\u00f3 el mi\u00e9rcoles que la tormenta ocasionar\u00e1 intensas lluvias en los estados de Veracruz, Puebla, Chiapas, Guerrero, Campeche, Tabasco y Tamaulipas, y alert\u00f3 que las precipitaciones podr\u00edan generar deslaves, incremento en los niveles de r\u00edos y arroyos, desbordamientos e inundaciones en zonas bajas.<\/p>\n\n\n\n<p class=\"wp-block-paragraph\">Asimismo, se prev\u00e9 que la circulaci\u00f3n de Karl propiciar\u00e1 rachas de viento de hasta 60 kil\u00f3metros por hora y oleaje de uno a tres metros de altura en las costas de Tamaulipas y Veracruz.<\/p>\n\n\n\n<p class=\"wp-block-paragraph\">Conagua exhort\u00f3 a la poblaci\u00f3n a seguir las indicaciones de las autoridades estatales y Protecci\u00f3n Civil, y pidi\u00f3 a la navegaci\u00f3n mar\u00edtima extremar las precauciones por condiciones de vientos fuertes y oleaje en zonas costeras. Karl se form\u00f3 un d\u00eda despu\u00e9s de que el antiguo hurac\u00e1n Julia se disip\u00f3 sobre el oc\u00e9ano Pac\u00edfico tras haber causado, directa o indirectamente, las muertes de por lo menos 28 personas en M\u00e9xico y Centroam\u00e9rica tras alcanzar la costa caribe\u00f1a de Nicaragua.<\/p>\n","protected":false},"excerpt":{"rendered":"<p>CIUDAD DE M\u00c9XICO.- La tormenta tropical Karl se fortaleci\u00f3 un poco el mi\u00e9rcoles frente a la costa de<\/p>\n","protected":false},"author":1,"featured_media":568,"comment_status":"open","ping_status":"open","sticky":false,"template":"","format":"standard","meta":{"_crdt_document":"","_jetpack_memberships_contains_paid_content":false,"footnotes":"","jetpack_publicize_message":"Su bandas nubosas llevar\u00e1n lluvias muy intensas a Veracruz, Puebla, Chiapas, Guerrero, Campeche, Tabasco y sur de Tamaulipas","jetpack_publicize_feature_enabled":true,"jetpack_social_post_already_shared":true,"jetpack_social_options":{"image_generator_settings":{"template":"highway","default_image_id":0,"font":"","enabled":false},"version":2},"_wpas_customize_per_network":false},"categories":[11],"tags":[],"class_list":["post-567","post","type-post","status-publish","format-standard","has-post-thumbnail","hentry","category-tamaulipas"],"magazineBlocksPostFeaturedMedia":{"thumbnail":"https:\/\/pornuestrolaredo.com\/wp-content\/uploads\/2022\/10\/Captura-de-Pantalla-2022-10-12-a-las-13.57.56-150x150.png","medium":"https:\/\/pornuestrolaredo.com\/wp-content\/uploads\/2022\/10\/Captura-de-Pantalla-2022-10-12-a-las-13.57.56-300x171.png","medium_large":"https:\/\/pornuestrolaredo.com\/wp-content\/uploads\/2022\/10\/Captura-de-Pantalla-2022-10-12-a-las-13.57.56-768x437.png","large":"https:\/\/pornuestrolaredo.com\/wp-content\/uploads\/2022\/10\/Captura-de-Pantalla-2022-10-12-a-las-13.57.56.png","1536x1536":"https:\/\/pornuestrolaredo.com\/wp-content\/uploads\/2022\/10\/Captura-de-Pantalla-2022-10-12-a-las-13.57.56.png","2048x2048":"https:\/\/pornuestrolaredo.com\/wp-content\/uploads\/2022\/10\/Captura-de-Pantalla-2022-10-12-a-las-13.57.56.png","morenews-large":"https:\/\/pornuestrolaredo.com\/wp-content\/uploads\/2022\/10\/Captura-de-Pantalla-2022-10-12-a-las-13.57.56.png","morenews-medium":"https:\/\/pornuestrolaredo.com\/wp-content\/uploads\/2022\/10\/Captura-de-Pantalla-2022-10-12-a-las-13.57.56.png"},"magazineBlocksPostAuthor":{"name":"Redactor","avatar":"https:\/\/pornuestrolaredo.com\/wp-content\/litespeed\/avatar\/dca1d7ec750c399f025f23b0b314f4cf.jpg?ver=1777612120"},"magazineBlocksPostCommentsNumber":false,"magazineBlocksPostExcerpt":"CIUDAD DE M\u00c9XICO.- La tormenta tropical Karl se fortaleci\u00f3 un poco el mi\u00e9rcoles frente a la costa de","magazineBlocksPostCategories":["Tamaulipas"],"magazineBlocksPostViewCount":115,"magazineBlocksPostReadTime":2,"magazine_blocks_featured_image_url":{"full":["https:\/\/pornuestrolaredo.com\/wp-content\/uploads\/2022\/10\/Captura-de-Pantalla-2022-10-12-a-las-13.57.56.png",915,521,false],"medium":["https:\/\/pornuestrolaredo.com\/wp-content\/uploads\/2022\/10\/Captura-de-Pantalla-2022-10-12-a-las-13.57.56-300x171.png",300,171,true],"thumbnail":["https:\/\/pornuestrolaredo.com\/wp-content\/uploads\/2022\/10\/Captura-de-Pantalla-2022-10-12-a-las-13.57.56-150x150.png",150,150,true]},"magazine_blocks_author":{"display_name":"Redactor","author_link":"https:\/\/pornuestrolaredo.com\/?author=1"},"magazine_blocks_comment":0,"magazine_blocks_author_image":"https:\/\/pornuestrolaredo.com\/wp-content\/litespeed\/avatar\/dca1d7ec750c399f025f23b0b314f4cf.jpg?ver=1777612120","magazine_blocks_category":"<a href=\"#\" class=\"category-link category-link-11\">Tamaulipas<\/a>","jetpack_publicize_connections":[],"featured_image_urls":{"full":["https:\/\/pornuestrolaredo.com\/wp-content\/uploads\/2022\/10\/Captura-de-Pantalla-2022-10-12-a-las-13.57.56.png",915,521,false],"thumbnail":["https:\/\/pornuestrolaredo.com\/wp-content\/uploads\/2022\/10\/Captura-de-Pantalla-2022-10-12-a-las-13.57.56-150x150.png",150,150,true],"medium":["https:\/\/pornuestrolaredo.com\/wp-content\/uploads\/2022\/10\/Captura-de-Pantalla-2022-10-12-a-las-13.57.56-300x171.png",300,171,true],"medium_large":["https:\/\/pornuestrolaredo.com\/wp-content\/uploads\/2022\/10\/Captura-de-Pantalla-2022-10-12-a-las-13.57.56-768x437.png",640,364,true],"large":["https:\/\/pornuestrolaredo.com\/wp-content\/uploads\/2022\/10\/Captura-de-Pantalla-2022-10-12-a-las-13.57.56.png",640,364,false],"1536x1536":["https:\/\/pornuestrolaredo.com\/wp-content\/uploads\/2022\/10\/Captura-de-Pantalla-2022-10-12-a-las-13.57.56.png",915,521,false],"2048x2048":["https:\/\/pornuestrolaredo.com\/wp-content\/uploads\/2022\/10\/Captura-de-Pantalla-2022-10-12-a-las-13.57.56.png",915,521,false],"morenews-large":["https:\/\/pornuestrolaredo.com\/wp-content\/uploads\/2022\/10\/Captura-de-Pantalla-2022-10-12-a-las-13.57.56.png",825,470,false],"morenews-medium":["https:\/\/pornuestrolaredo.com\/wp-content\/uploads\/2022\/10\/Captura-de-Pantalla-2022-10-12-a-las-13.57.56.png",590,336,false]},"author_info":{"info":["Redactor"]},"category_info":"<a href=\"https:\/\/pornuestrolaredo.com\/?cat=11\" rel=\"category\">Tamaulipas<\/a>","tag_info":"Tamaulipas","comment_count":"0","jetpack_featured_media_url":"https:\/\/pornuestrolaredo.com\/wp-content\/uploads\/2022\/10\/Captura-de-Pantalla-2022-10-12-a-las-13.57.56.png","jetpack_sharing_enabled":true,"_links":{"self":[{"href":"https:\/\/pornuestrolaredo.com\/index.php?rest_route=\/wp\/v2\/posts\/567","targetHints":{"allow":["GET"]}}],"collection":[{"href":"https:\/\/pornuestrolaredo.com\/index.php?rest_route=\/wp\/v2\/posts"}],"about":[{"href":"https:\/\/pornuestrolaredo.com\/index.php?rest_route=\/wp\/v2\/types\/post"}],"author":[{"embeddable":true,"href":"https:\/\/pornuestrolaredo.com\/index.php?rest_route=\/wp\/v2\/users\/1"}],"replies":[{"embeddable":true,"href":"https:\/\/pornuestrolaredo.com\/index.php?rest_route=%2Fwp%2Fv2%2Fcomments&post=567"}],"version-history":[{"count":1,"href":"https:\/\/pornuestrolaredo.com\/index.php?rest_route=\/wp\/v2\/posts\/567\/revisions"}],"predecessor-version":[{"id":569,"href":"https:\/\/pornuestrolaredo.com\/index.php?rest_route=\/wp\/v2\/posts\/567\/revisions\/569"}],"wp:featuredmedia":[{"embeddable":true,"href":"https:\/\/pornuestrolaredo.com\/index.php?rest_route=\/wp\/v2\/media\/568"}],"wp:attachment":[{"href":"https:\/\/pornuestrolaredo.com\/index.php?rest_route=%2Fwp%2Fv2%2Fmedia&parent=567"}],"wp:term":[{"taxonomy":"category","embeddable":true,"href":"https:\/\/pornuestrolaredo.com\/index.php?rest_route=%2Fwp%2Fv2%2Fcategories&post=567"},{"taxonomy":"post_tag","embeddable":true,"href":"https:\/\/pornuestrolaredo.com\/index.php?rest_route=%2Fwp%2Fv2%2Ftags&post=567"}],"curies":[{"name":"wp","href":"https:\/\/api.w.org\/{rel}","templated":true}]}}