{"id":5676,"date":"2024-11-27T19:48:59","date_gmt":"2024-11-27T19:48:59","guid":{"rendered":"https:\/\/pornuestrolaredo.com\/?p=5676"},"modified":"2024-11-27T19:48:59","modified_gmt":"2024-11-27T19:48:59","slug":"quiere-casarse-apoyese-en-la-campana-de-bodas-colectivas","status":"publish","type":"post","link":"https:\/\/pornuestrolaredo.com\/?p=5676","title":{"rendered":"\u00bfQuiere casarse? Ap\u00f3yese en la Campa\u00f1a de Bodas Colectivas"},"content":{"rendered":"<p><strong>NUEVO LAREDO.-<\/strong> Es com\u00fan que muchas parejas por diversos motivos aplacen sus planes de unirse en matrimonio, sin embargo hay una alternativa para de una vez por todas formen una familia y tengan seguridad jur\u00eddica: la Campa\u00f1a de Bodas Colectivas.<\/p>\n<p>Esta campa\u00f1a es manejada por el Sistema para el Desarrollo Integral de la Familia (DIF) de Nuevo Laredo y ya s\u00f3lo hay tiempo hasta este viernes, 29 de noviembre, para registrarse<\/p>\n<p>Esta iniciativa est\u00e1 dirigida a personas vulnerables mayores de edad y de nacionalidad mexicana, brind\u00e1ndoles la oportunidad de formalizar su uni\u00f3n matrimonial.<\/p>\n<p>Las parejas interesadas deben acudir al Sistema DIF, ubicado en H\u00e9roe de Nacataz #2244, Fraccionamiento Ojo Caliente, de lunes a viernes, en un horario de 8:00 a.m. a 3:00 p.m., para realizar su estudio socioecon\u00f3mico y entregar los documentos requeridos por el Registro Civil.<\/p>\n<p>Para m\u00e1s informaci\u00f3n, comunicarse al tel\u00e9fono 867-712-10-32.<\/p>\n<p>Requisitos para participar en la campa\u00f1a de Matrimonios Colectivos DIF:<\/p>\n<p>Ser mayores de edad.<\/p>\n<p>Tener nacionalidad mexicana.<\/p>\n<p>Aprobar el estudio socioecon\u00f3mico que realiza el DIF.<\/p>\n<p>Cumplir con los documentos\u00a0 establecidos por el Registro Civil.<\/p>\n<p>Documentaci\u00f3n requerida por el Registro Civil para contraer matrimonio:<\/p>\n<p>Solicitud de matrimonio firmada por los contrayentes y sus testigos (disponible en el \u00e1rea jur\u00eddica del DIF).<\/p>\n<p>Original y copia legible del acta de nacimiento de ambos contrayentes.<\/p>\n<p>Original y copia de una identificaci\u00f3n oficial con fotograf\u00eda de ambos contrayentes.<\/p>\n<p>Copia del CURP en el nuevo formato de ambos contrayentes.<\/p>\n<p>Fotograf\u00eda tama\u00f1o infantil reciente de cada contrayente (color o blanco y negro).<\/p>\n<p>Copia legible de identificaci\u00f3n oficial y CURP de cuatro testigos mayores de 18 a\u00f1os (dos por cada contrayente), excluyendo a padres y extranjeros.<\/p>\n<p>Certificado de no adeudo alimentario (gestionado en el Registro Civil).<\/p>\n<p>Certificados m\u00e9dicos prenupciales emitidos por un Centro de Salud o laboratorio privado.<\/p>\n<p>Certificado m\u00e9dico que avale que los contrayentes no padecen enfermedades cr\u00f3nicas o contagiosas.<\/p>\n<p>Constancia de informaci\u00f3n sobre m\u00e9todos y riesgos concepcionales emitida por un m\u00e9dico general o Centro de Salud.<\/p>\n<p>Constancia de asistencia a pl\u00e1ticas sobre prevenci\u00f3n de violencia intrafamiliar emitida por el Instituto Municipal de la Mujer (INMUJER).<\/p>\n<p>Declaraci\u00f3n en el \u00e1rea jur\u00eddica del DIF sobre el r\u00e9gimen matrimonial elegido.<\/p>\n<p>En caso de divorcio, presentar el acta de divorcio.<\/p>\n<p>Para viudos, presentar el acta de defunci\u00f3n de la pareja fallecida.<\/p>\n<p>En caso de nulidad de matrimonio previa, presentar copia certificada de la sentencia.<\/p>\n","protected":false},"excerpt":{"rendered":"<p>El plazo vence este viernes, por lo que es mejor que se apunten ya y re\u00fanan sus documentos<\/p>\n","protected":false},"author":1,"featured_media":5677,"comment_status":"closed","ping_status":"closed","sticky":false,"template":"","format":"standard","meta":{"_crdt_document":"","_jetpack_memberships_contains_paid_content":false,"footnotes":"","jetpack_publicize_message":"","jetpack_publicize_feature_enabled":true,"jetpack_social_post_already_shared":true,"jetpack_social_options":{"image_generator_settings":{"template":"highway","default_image_id":0,"font":"","enabled":false},"version":2},"_wpas_customize_per_network":false},"categories":[4],"tags":[],"class_list":["post-5676","post","type-post","status-publish","format-standard","has-post-thumbnail","hentry","category-los-dos-laredos"],"magazineBlocksPostFeaturedMedia":{"thumbnail":"https:\/\/pornuestrolaredo.com\/wp-content\/uploads\/2024\/11\/Stereo91-20241127-2-150x150.jpg","medium":"https:\/\/pornuestrolaredo.com\/wp-content\/uploads\/2024\/11\/Stereo91-20241127-2-300x200.jpg","medium_large":"https:\/\/pornuestrolaredo.com\/wp-content\/uploads\/2024\/11\/Stereo91-20241127-2-768x511.jpg","large":"https:\/\/pornuestrolaredo.com\/wp-content\/uploads\/2024\/11\/Stereo91-20241127-2-1000x666.jpg","1536x1536":"https:\/\/pornuestrolaredo.com\/wp-content\/uploads\/2024\/11\/Stereo91-20241127-2.jpg","2048x2048":"https:\/\/pornuestrolaredo.com\/wp-content\/uploads\/2024\/11\/Stereo91-20241127-2.jpg","morenews-large":"https:\/\/pornuestrolaredo.com\/wp-content\/uploads\/2024\/11\/Stereo91-20241127-2.jpg","morenews-medium":"https:\/\/pornuestrolaredo.com\/wp-content\/uploads\/2024\/11\/Stereo91-20241127-2.jpg"},"magazineBlocksPostAuthor":{"name":"Redactor","avatar":"https:\/\/pornuestrolaredo.com\/wp-content\/litespeed\/avatar\/dca1d7ec750c399f025f23b0b314f4cf.jpg?ver=1777612120"},"magazineBlocksPostCommentsNumber":false,"magazineBlocksPostExcerpt":"El plazo vence este viernes, por lo que es mejor que se apunten ya y re\u00fanan sus documentos","magazineBlocksPostCategories":["Los dos Laredos"],"magazineBlocksPostViewCount":158,"magazineBlocksPostReadTime":3,"magazine_blocks_featured_image_url":{"full":["https:\/\/pornuestrolaredo.com\/wp-content\/uploads\/2024\/11\/Stereo91-20241127-2.jpg",1280,852,false],"medium":["https:\/\/pornuestrolaredo.com\/wp-content\/uploads\/2024\/11\/Stereo91-20241127-2-300x200.jpg",300,200,true],"thumbnail":["https:\/\/pornuestrolaredo.com\/wp-content\/uploads\/2024\/11\/Stereo91-20241127-2-150x150.jpg",150,150,true]},"magazine_blocks_author":{"display_name":"Redactor","author_link":"https:\/\/pornuestrolaredo.com\/?author=1"},"magazine_blocks_comment":0,"magazine_blocks_author_image":"https:\/\/pornuestrolaredo.com\/wp-content\/litespeed\/avatar\/dca1d7ec750c399f025f23b0b314f4cf.jpg?ver=1777612120","magazine_blocks_category":"<a href=\"#\" class=\"category-link category-link-4\">Los dos Laredos<\/a>","jetpack_publicize_connections":[],"featured_image_urls":{"full":["https:\/\/pornuestrolaredo.com\/wp-content\/uploads\/2024\/11\/Stereo91-20241127-2.jpg",1280,852,false],"thumbnail":["https:\/\/pornuestrolaredo.com\/wp-content\/uploads\/2024\/11\/Stereo91-20241127-2-150x150.jpg",150,150,true],"medium":["https:\/\/pornuestrolaredo.com\/wp-content\/uploads\/2024\/11\/Stereo91-20241127-2-300x200.jpg",300,200,true],"medium_large":["https:\/\/pornuestrolaredo.com\/wp-content\/uploads\/2024\/11\/Stereo91-20241127-2-768x511.jpg",640,426,true],"large":["https:\/\/pornuestrolaredo.com\/wp-content\/uploads\/2024\/11\/Stereo91-20241127-2-1000x666.jpg",640,426,true],"1536x1536":["https:\/\/pornuestrolaredo.com\/wp-content\/uploads\/2024\/11\/Stereo91-20241127-2.jpg",1280,852,false],"2048x2048":["https:\/\/pornuestrolaredo.com\/wp-content\/uploads\/2024\/11\/Stereo91-20241127-2.jpg",1280,852,false],"morenews-large":["https:\/\/pornuestrolaredo.com\/wp-content\/uploads\/2024\/11\/Stereo91-20241127-2.jpg",825,549,false],"morenews-medium":["https:\/\/pornuestrolaredo.com\/wp-content\/uploads\/2024\/11\/Stereo91-20241127-2.jpg",590,393,false]},"author_info":{"info":["Redactor"]},"category_info":"<a href=\"https:\/\/pornuestrolaredo.com\/?cat=4\" rel=\"category\">Los dos Laredos<\/a>","tag_info":"Los dos Laredos","comment_count":"0","jetpack_featured_media_url":"https:\/\/pornuestrolaredo.com\/wp-content\/uploads\/2024\/11\/Stereo91-20241127-2.jpg","jetpack_sharing_enabled":true,"_links":{"self":[{"href":"https:\/\/pornuestrolaredo.com\/index.php?rest_route=\/wp\/v2\/posts\/5676","targetHints":{"allow":["GET"]}}],"collection":[{"href":"https:\/\/pornuestrolaredo.com\/index.php?rest_route=\/wp\/v2\/posts"}],"about":[{"href":"https:\/\/pornuestrolaredo.com\/index.php?rest_route=\/wp\/v2\/types\/post"}],"author":[{"embeddable":true,"href":"https:\/\/pornuestrolaredo.com\/index.php?rest_route=\/wp\/v2\/users\/1"}],"replies":[{"embeddable":true,"href":"https:\/\/pornuestrolaredo.com\/index.php?rest_route=%2Fwp%2Fv2%2Fcomments&post=5676"}],"version-history":[{"count":1,"href":"https:\/\/pornuestrolaredo.com\/index.php?rest_route=\/wp\/v2\/posts\/5676\/revisions"}],"predecessor-version":[{"id":5678,"href":"https:\/\/pornuestrolaredo.com\/index.php?rest_route=\/wp\/v2\/posts\/5676\/revisions\/5678"}],"wp:featuredmedia":[{"embeddable":true,"href":"https:\/\/pornuestrolaredo.com\/index.php?rest_route=\/wp\/v2\/media\/5677"}],"wp:attachment":[{"href":"https:\/\/pornuestrolaredo.com\/index.php?rest_route=%2Fwp%2Fv2%2Fmedia&parent=5676"}],"wp:term":[{"taxonomy":"category","embeddable":true,"href":"https:\/\/pornuestrolaredo.com\/index.php?rest_route=%2Fwp%2Fv2%2Fcategories&post=5676"},{"taxonomy":"post_tag","embeddable":true,"href":"https:\/\/pornuestrolaredo.com\/index.php?rest_route=%2Fwp%2Fv2%2Ftags&post=5676"}],"curies":[{"name":"wp","href":"https:\/\/api.w.org\/{rel}","templated":true}]}}