{"id":5685,"date":"2024-12-03T17:16:51","date_gmt":"2024-12-03T17:16:51","guid":{"rendered":"https:\/\/pornuestrolaredo.com\/?p=5685"},"modified":"2024-12-03T19:36:03","modified_gmt":"2024-12-03T19:36:03","slug":"discutiran-en-2025-semana-laboral-de-40-horas","status":"publish","type":"post","link":"https:\/\/pornuestrolaredo.com\/?p=5685","title":{"rendered":"Discutir\u00e1n en 2025 semana laboral de 40 horas"},"content":{"rendered":"<p><strong>CIUDAD DE M\u00c9XICO.-<\/strong> Reducir la jornada laboral de 48 a 40 horas por semana ser\u00e1 discutida en mesas de trabajo de diversos sectores en 2025, prometi\u00f3 la presidenta Claudia Sheinbaum.<\/p>\n<p>Durante su conferencia ma\u00f1anera, se\u00f1al\u00f3 que la discusi\u00f3n que el proceso estar\u00e1 encabezado por la Secretar\u00eda del Trabajo a cargo de Marath Baruch Bola\u00f1os.<\/p>\n<p>Cuestionada por beneficios a la clase trabajadora y el mensaje para llevar a cabo la reforma que se ha frenado en el Legislativo, dijo que ma\u00f1ana tambi\u00e9n anunciar\u00e1n aumentos a salarios m\u00ednimos.<\/p>\n<blockquote><p>El pr\u00f3ximo mi\u00e9rcoles, creo que es, ma\u00f1ana\u2026 ma\u00f1ana presentamos, esperamos presentar, esperamos que se llegue a un acuerdo, salarios m\u00ednimos, todav\u00eda hoy tienen algunas reuniones.<\/p><\/blockquote>\n<blockquote><p>Y el pr\u00f3ximo a\u00f1o empezar\u00edamos ya a discutir la semana de 40 horas en un proceso gradual y por sectores, se har\u00edan mesas de trabajo coordinadas por la Secretar\u00eda del Trabajo&#8221;, indic\u00f3 Sheinbaum este martes desde Palacio Nacional.<\/p><\/blockquote>\n<p>En abril de 2023, la reforma para reducir la jornada laboral cumpli\u00f3 un a\u00f1o de haberse dictaminado; sin embargo, no se ha llevado a su discusi\u00f3n en el Pleno.<\/p>\n<p>Desde entonces, Movimiento Ciudadano, el Partido del Trabajo y Morena han vuelto a presentar la iniciativa.<\/p>\n<p>Apenas el jueves, el diputado morenista Manuel V\u00e1zquez Arellano present\u00f3 una nueva propuesta para reducir de 48 a 40 horas la jornada laboral.<\/p>\n<p>El legislador plantea modificaciones al art\u00edculo 123 constitucional para establecer que por cada cinco d\u00edas de trabajo, la persona trabajadora deber\u00e1 disfrutar de dos d\u00edas de descanso, cuando menos, con goce de salario \u00edntegro. Las modificaciones consideran una implementaci\u00f3n gradual de hasta tres a\u00f1os y medio, a partir del tama\u00f1o de las empresas.<\/p>\n<p>En octubre pasado, la presidenta Sheinbaum indic\u00f3 que la reducci\u00f3n de la jornada laboral ser\u00eda uno de sus compromisos de Gobierno, aunque se llevar\u00eda a cabo de forma paulatina.<\/p>\n","protected":false},"excerpt":{"rendered":"<p>La presidenta Claudia Sheinbaum anuncia que este mi\u00e9rcoles podr\u00edan anunciarse los nuevos salarios m\u00ednimos<\/p>\n","protected":false},"author":1,"featured_media":5686,"comment_status":"closed","ping_status":"closed","sticky":false,"template":"","format":"standard","meta":{"_crdt_document":"","_jetpack_memberships_contains_paid_content":false,"footnotes":"","jetpack_publicize_message":"","jetpack_publicize_feature_enabled":true,"jetpack_social_post_already_shared":true,"jetpack_social_options":{"image_generator_settings":{"template":"highway","default_image_id":0,"font":"","enabled":false},"version":2},"_wpas_customize_per_network":false},"categories":[33],"tags":[],"class_list":["post-5685","post","type-post","status-publish","format-standard","has-post-thumbnail","hentry","category-mexico"],"magazineBlocksPostFeaturedMedia":{"thumbnail":"https:\/\/pornuestrolaredo.com\/wp-content\/uploads\/2024\/12\/Claudia-1-150x150.jpg","medium":"https:\/\/pornuestrolaredo.com\/wp-content\/uploads\/2024\/12\/Claudia-1-300x200.jpg","medium_large":"https:\/\/pornuestrolaredo.com\/wp-content\/uploads\/2024\/12\/Claudia-1-768x512.jpg","large":"https:\/\/pornuestrolaredo.com\/wp-content\/uploads\/2024\/12\/Claudia-1.jpg","1536x1536":"https:\/\/pornuestrolaredo.com\/wp-content\/uploads\/2024\/12\/Claudia-1.jpg","2048x2048":"https:\/\/pornuestrolaredo.com\/wp-content\/uploads\/2024\/12\/Claudia-1.jpg","morenews-large":"https:\/\/pornuestrolaredo.com\/wp-content\/uploads\/2024\/12\/Claudia-1.jpg","morenews-medium":"https:\/\/pornuestrolaredo.com\/wp-content\/uploads\/2024\/12\/Claudia-1.jpg"},"magazineBlocksPostAuthor":{"name":"Redactor","avatar":"https:\/\/pornuestrolaredo.com\/wp-content\/litespeed\/avatar\/dca1d7ec750c399f025f23b0b314f4cf.jpg?ver=1777612120"},"magazineBlocksPostCommentsNumber":false,"magazineBlocksPostExcerpt":"La presidenta Claudia Sheinbaum anuncia que este mi\u00e9rcoles podr\u00edan anunciarse los nuevos salarios m\u00ednimos","magazineBlocksPostCategories":["Mexico"],"magazineBlocksPostViewCount":179,"magazineBlocksPostReadTime":2,"magazine_blocks_featured_image_url":{"full":["https:\/\/pornuestrolaredo.com\/wp-content\/uploads\/2024\/12\/Claudia-1.jpg",960,640,false],"medium":["https:\/\/pornuestrolaredo.com\/wp-content\/uploads\/2024\/12\/Claudia-1-300x200.jpg",300,200,true],"thumbnail":["https:\/\/pornuestrolaredo.com\/wp-content\/uploads\/2024\/12\/Claudia-1-150x150.jpg",150,150,true]},"magazine_blocks_author":{"display_name":"Redactor","author_link":"https:\/\/pornuestrolaredo.com\/?author=1"},"magazine_blocks_comment":0,"magazine_blocks_author_image":"https:\/\/pornuestrolaredo.com\/wp-content\/litespeed\/avatar\/dca1d7ec750c399f025f23b0b314f4cf.jpg?ver=1777612120","magazine_blocks_category":"<a href=\"#\" class=\"category-link category-link-33\">Mexico<\/a>","jetpack_publicize_connections":[],"featured_image_urls":{"full":["https:\/\/pornuestrolaredo.com\/wp-content\/uploads\/2024\/12\/Claudia-1.jpg",960,640,false],"thumbnail":["https:\/\/pornuestrolaredo.com\/wp-content\/uploads\/2024\/12\/Claudia-1-150x150.jpg",150,150,true],"medium":["https:\/\/pornuestrolaredo.com\/wp-content\/uploads\/2024\/12\/Claudia-1-300x200.jpg",300,200,true],"medium_large":["https:\/\/pornuestrolaredo.com\/wp-content\/uploads\/2024\/12\/Claudia-1-768x512.jpg",640,427,true],"large":["https:\/\/pornuestrolaredo.com\/wp-content\/uploads\/2024\/12\/Claudia-1.jpg",640,427,false],"1536x1536":["https:\/\/pornuestrolaredo.com\/wp-content\/uploads\/2024\/12\/Claudia-1.jpg",960,640,false],"2048x2048":["https:\/\/pornuestrolaredo.com\/wp-content\/uploads\/2024\/12\/Claudia-1.jpg",960,640,false],"morenews-large":["https:\/\/pornuestrolaredo.com\/wp-content\/uploads\/2024\/12\/Claudia-1.jpg",825,550,false],"morenews-medium":["https:\/\/pornuestrolaredo.com\/wp-content\/uploads\/2024\/12\/Claudia-1.jpg",590,393,false]},"author_info":{"info":["Redactor"]},"category_info":"<a href=\"https:\/\/pornuestrolaredo.com\/?cat=33\" rel=\"category\">Mexico<\/a>","tag_info":"Mexico","comment_count":"0","jetpack_featured_media_url":"https:\/\/pornuestrolaredo.com\/wp-content\/uploads\/2024\/12\/Claudia-1.jpg","jetpack_sharing_enabled":true,"_links":{"self":[{"href":"https:\/\/pornuestrolaredo.com\/index.php?rest_route=\/wp\/v2\/posts\/5685","targetHints":{"allow":["GET"]}}],"collection":[{"href":"https:\/\/pornuestrolaredo.com\/index.php?rest_route=\/wp\/v2\/posts"}],"about":[{"href":"https:\/\/pornuestrolaredo.com\/index.php?rest_route=\/wp\/v2\/types\/post"}],"author":[{"embeddable":true,"href":"https:\/\/pornuestrolaredo.com\/index.php?rest_route=\/wp\/v2\/users\/1"}],"replies":[{"embeddable":true,"href":"https:\/\/pornuestrolaredo.com\/index.php?rest_route=%2Fwp%2Fv2%2Fcomments&post=5685"}],"version-history":[{"count":1,"href":"https:\/\/pornuestrolaredo.com\/index.php?rest_route=\/wp\/v2\/posts\/5685\/revisions"}],"predecessor-version":[{"id":5687,"href":"https:\/\/pornuestrolaredo.com\/index.php?rest_route=\/wp\/v2\/posts\/5685\/revisions\/5687"}],"wp:featuredmedia":[{"embeddable":true,"href":"https:\/\/pornuestrolaredo.com\/index.php?rest_route=\/wp\/v2\/media\/5686"}],"wp:attachment":[{"href":"https:\/\/pornuestrolaredo.com\/index.php?rest_route=%2Fwp%2Fv2%2Fmedia&parent=5685"}],"wp:term":[{"taxonomy":"category","embeddable":true,"href":"https:\/\/pornuestrolaredo.com\/index.php?rest_route=%2Fwp%2Fv2%2Fcategories&post=5685"},{"taxonomy":"post_tag","embeddable":true,"href":"https:\/\/pornuestrolaredo.com\/index.php?rest_route=%2Fwp%2Fv2%2Ftags&post=5685"}],"curies":[{"name":"wp","href":"https:\/\/api.w.org\/{rel}","templated":true}]}}