{"id":5691,"date":"2024-12-04T19:49:45","date_gmt":"2024-12-04T19:49:45","guid":{"rendered":"https:\/\/pornuestrolaredo.com\/?p=5691"},"modified":"2024-12-04T19:49:45","modified_gmt":"2024-12-04T19:49:45","slug":"aumentaran-salarios-minimos-12-en-2025","status":"publish","type":"post","link":"https:\/\/pornuestrolaredo.com\/?p=5691","title":{"rendered":"Aumentar\u00e1n salarios m\u00ednimos 12% en 2025"},"content":{"rendered":"<p><strong>CIUDAD DE M\u00c9XICO.-<\/strong> Desde el 1 de enero, los trabajadores mexicanos ganar\u00e1n un 12 por ciento m\u00e1s en sus salarios, anunci\u00f3 esta ma\u00f1ana el Gobierno de la Rep\u00fablica, luego de conseguirse un consenso entre los sectores empresariales, sindicales y gubernamentales.<\/p>\n<p>Seg\u00fan los datos proporcionados por el secretario del Trabajo, Marath Bola\u00f1os, el salario m\u00ednimo en la zona libre de la frontera norte pasar\u00e1 de $374.89 pesos diarios ($12,596 pesos mensuales) a $419.88 pesos diarios, mientras que en la zona del salario m\u00ednimo general aumentar\u00e1 de $248.93 pesos diarios ($7,467 pesos mensuales) a $278.80 pesos diarios ($8,364 pesos mensuales).<\/p>\n<p>El mismo porcentaje de incremento se aplicar\u00e1 a las 61 ocupaciones con salario m\u00ednimo profesional. Estas declaraciones fueron realizadas durante la conferencia de prensa matutina de la Presidenta Claudia Sheinbaum Pardo.<\/p>\n<p>La Presidenta Sheinbaum resalt\u00f3 que con este aumento, el salario m\u00ednimo mensual pasar\u00e1 de $7,467 pesos a $8,364 pesos en la zona general, y de $11,246 pesos a $12,596 pesos en la zona libre de la frontera norte.<\/p>\n<p>Bola\u00f1os afirm\u00f3 que con este incremento se acumula una recuperaci\u00f3n del poder adquisitivo del salario m\u00ednimo del 135% durante los gobiernos de la llamada Cuarta Transformaci\u00f3n.<\/p>\n<p>Adicionalmente, comparti\u00f3 cifras que buscan mostrar el impacto positivo de los aumentos salariales en los \u00faltimos a\u00f1os. Mencion\u00f3 que el salario m\u00ednimo en la zona fronteriza superar\u00e1 el m\u00e1ximo hist\u00f3rico desde 1976 y que permitir\u00e1 adquirir m\u00e1s productos b\u00e1sicos en comparaci\u00f3n con 2024.<\/p>\n<p>Tambi\u00e9n destac\u00f3 un aumento del 23.3% en t\u00e9rminos reales en el salario promedio de los trabajadores registrados en el IMSS desde 2019, y cit\u00f3 un estudio de la CONASAMI que atribuye la salida de 4.1 millones de personas de la pobreza entre 2018 y 2022 a la pol\u00edtica salarial gubernamental.<\/p>\n<p>Otros puntos resaltados por el funcionario incluyen mayores incrementos para los trabajadores de menores ingresos y una reducci\u00f3n del 29% en la brecha salarial de g\u00e9nero a nivel nacional.<\/p>\n<p>Reafirm\u00f3 el compromiso del Gobierno de continuar mejorando las condiciones laborales a trav\u00e9s de diversas medidas y programas.<\/p>\n<p>Francisco Cervantes, presidente del Consejo Coordinador Empresarial, expres\u00f3 el respaldo del sector privado al aumento salarial, enmarc\u00e1ndolo en un contexto de baja tasa de desempleo y conflictividad laboral en el pa\u00eds.<\/p>\n","protected":false},"excerpt":{"rendered":"<p>En la frontera, los trabajadores ganar\u00e1n $419.88 pesos diarios y el resto del pa\u00eds, ser\u00e1n $278.80 pesos diarios<\/p>\n","protected":false},"author":1,"featured_media":5692,"comment_status":"closed","ping_status":"closed","sticky":false,"template":"","format":"standard","meta":{"_crdt_document":"","_jetpack_memberships_contains_paid_content":false,"footnotes":"","jetpack_publicize_message":"","jetpack_publicize_feature_enabled":true,"jetpack_social_post_already_shared":true,"jetpack_social_options":{"image_generator_settings":{"template":"highway","default_image_id":0,"font":"","enabled":false},"version":2},"_wpas_customize_per_network":false},"categories":[33],"tags":[],"class_list":["post-5691","post","type-post","status-publish","format-standard","has-post-thumbnail","hentry","category-mexico"],"magazineBlocksPostFeaturedMedia":{"thumbnail":"https:\/\/pornuestrolaredo.com\/wp-content\/uploads\/2024\/12\/Stereo91-20241204-2-150x150.jpg","medium":"https:\/\/pornuestrolaredo.com\/wp-content\/uploads\/2024\/12\/Stereo91-20241204-2-300x160.jpg","medium_large":"https:\/\/pornuestrolaredo.com\/wp-content\/uploads\/2024\/12\/Stereo91-20241204-2-768x409.jpg","large":"https:\/\/pornuestrolaredo.com\/wp-content\/uploads\/2024\/12\/Stereo91-20241204-2.jpg","1536x1536":"https:\/\/pornuestrolaredo.com\/wp-content\/uploads\/2024\/12\/Stereo91-20241204-2.jpg","2048x2048":"https:\/\/pornuestrolaredo.com\/wp-content\/uploads\/2024\/12\/Stereo91-20241204-2.jpg","morenews-large":"https:\/\/pornuestrolaredo.com\/wp-content\/uploads\/2024\/12\/Stereo91-20241204-2.jpg","morenews-medium":"https:\/\/pornuestrolaredo.com\/wp-content\/uploads\/2024\/12\/Stereo91-20241204-2.jpg"},"magazineBlocksPostAuthor":{"name":"Redactor","avatar":"https:\/\/pornuestrolaredo.com\/wp-content\/litespeed\/avatar\/dca1d7ec750c399f025f23b0b314f4cf.jpg?ver=1777612120"},"magazineBlocksPostCommentsNumber":false,"magazineBlocksPostExcerpt":"En la frontera, los trabajadores ganar\u00e1n $419.88 pesos diarios y el resto del pa\u00eds, ser\u00e1n $278.80 pesos diarios","magazineBlocksPostCategories":["Mexico"],"magazineBlocksPostViewCount":170,"magazineBlocksPostReadTime":2,"magazine_blocks_featured_image_url":{"full":["https:\/\/pornuestrolaredo.com\/wp-content\/uploads\/2024\/12\/Stereo91-20241204-2.jpg",960,511,false],"medium":["https:\/\/pornuestrolaredo.com\/wp-content\/uploads\/2024\/12\/Stereo91-20241204-2-300x160.jpg",300,160,true],"thumbnail":["https:\/\/pornuestrolaredo.com\/wp-content\/uploads\/2024\/12\/Stereo91-20241204-2-150x150.jpg",150,150,true]},"magazine_blocks_author":{"display_name":"Redactor","author_link":"https:\/\/pornuestrolaredo.com\/?author=1"},"magazine_blocks_comment":0,"magazine_blocks_author_image":"https:\/\/pornuestrolaredo.com\/wp-content\/litespeed\/avatar\/dca1d7ec750c399f025f23b0b314f4cf.jpg?ver=1777612120","magazine_blocks_category":"<a href=\"#\" class=\"category-link category-link-33\">Mexico<\/a>","jetpack_publicize_connections":[],"featured_image_urls":{"full":["https:\/\/pornuestrolaredo.com\/wp-content\/uploads\/2024\/12\/Stereo91-20241204-2.jpg",960,511,false],"thumbnail":["https:\/\/pornuestrolaredo.com\/wp-content\/uploads\/2024\/12\/Stereo91-20241204-2-150x150.jpg",150,150,true],"medium":["https:\/\/pornuestrolaredo.com\/wp-content\/uploads\/2024\/12\/Stereo91-20241204-2-300x160.jpg",300,160,true],"medium_large":["https:\/\/pornuestrolaredo.com\/wp-content\/uploads\/2024\/12\/Stereo91-20241204-2-768x409.jpg",640,341,true],"large":["https:\/\/pornuestrolaredo.com\/wp-content\/uploads\/2024\/12\/Stereo91-20241204-2.jpg",640,341,false],"1536x1536":["https:\/\/pornuestrolaredo.com\/wp-content\/uploads\/2024\/12\/Stereo91-20241204-2.jpg",960,511,false],"2048x2048":["https:\/\/pornuestrolaredo.com\/wp-content\/uploads\/2024\/12\/Stereo91-20241204-2.jpg",960,511,false],"morenews-large":["https:\/\/pornuestrolaredo.com\/wp-content\/uploads\/2024\/12\/Stereo91-20241204-2.jpg",825,439,false],"morenews-medium":["https:\/\/pornuestrolaredo.com\/wp-content\/uploads\/2024\/12\/Stereo91-20241204-2.jpg",590,314,false]},"author_info":{"info":["Redactor"]},"category_info":"<a href=\"https:\/\/pornuestrolaredo.com\/?cat=33\" rel=\"category\">Mexico<\/a>","tag_info":"Mexico","comment_count":"0","jetpack_featured_media_url":"https:\/\/pornuestrolaredo.com\/wp-content\/uploads\/2024\/12\/Stereo91-20241204-2.jpg","jetpack_sharing_enabled":true,"_links":{"self":[{"href":"https:\/\/pornuestrolaredo.com\/index.php?rest_route=\/wp\/v2\/posts\/5691","targetHints":{"allow":["GET"]}}],"collection":[{"href":"https:\/\/pornuestrolaredo.com\/index.php?rest_route=\/wp\/v2\/posts"}],"about":[{"href":"https:\/\/pornuestrolaredo.com\/index.php?rest_route=\/wp\/v2\/types\/post"}],"author":[{"embeddable":true,"href":"https:\/\/pornuestrolaredo.com\/index.php?rest_route=\/wp\/v2\/users\/1"}],"replies":[{"embeddable":true,"href":"https:\/\/pornuestrolaredo.com\/index.php?rest_route=%2Fwp%2Fv2%2Fcomments&post=5691"}],"version-history":[{"count":1,"href":"https:\/\/pornuestrolaredo.com\/index.php?rest_route=\/wp\/v2\/posts\/5691\/revisions"}],"predecessor-version":[{"id":5693,"href":"https:\/\/pornuestrolaredo.com\/index.php?rest_route=\/wp\/v2\/posts\/5691\/revisions\/5693"}],"wp:featuredmedia":[{"embeddable":true,"href":"https:\/\/pornuestrolaredo.com\/index.php?rest_route=\/wp\/v2\/media\/5692"}],"wp:attachment":[{"href":"https:\/\/pornuestrolaredo.com\/index.php?rest_route=%2Fwp%2Fv2%2Fmedia&parent=5691"}],"wp:term":[{"taxonomy":"category","embeddable":true,"href":"https:\/\/pornuestrolaredo.com\/index.php?rest_route=%2Fwp%2Fv2%2Fcategories&post=5691"},{"taxonomy":"post_tag","embeddable":true,"href":"https:\/\/pornuestrolaredo.com\/index.php?rest_route=%2Fwp%2Fv2%2Ftags&post=5691"}],"curies":[{"name":"wp","href":"https:\/\/api.w.org\/{rel}","templated":true}]}}