{"id":5697,"date":"2024-12-04T20:39:43","date_gmt":"2024-12-04T20:39:43","guid":{"rendered":"https:\/\/pornuestrolaredo.com\/?p=5697"},"modified":"2024-12-04T20:47:22","modified_gmt":"2024-12-04T20:47:22","slug":"ofrecen-clases-muy-economicas-para-aprender-baile-arte-y-musica","status":"publish","type":"post","link":"https:\/\/pornuestrolaredo.com\/?p=5697","title":{"rendered":"Ofrecen clases muy econ\u00f3micas para aprender baile, arte y m\u00fasica"},"content":{"rendered":"<p><strong><em>NUEVO LAREDO.-<\/em><\/strong> \u00bfQu\u00e9 tal arrancar el a\u00f1o aprendiendo a pintar, bailar, dibujar, tomar fotograf\u00edas o edici\u00f3n de fotos? En Nuevo Laredo es f\u00e1cil, econ\u00f3mico y pueden hacerlo ni\u00f1os y adultos.<\/p>\n<p>Y es que el Gobierno de Nuevo Laredo a trav\u00e9s de la Direcci\u00f3n de Arte y Cultura invit\u00f3 a los ni\u00f1os y adultos interesados en participar en los talleres de iniciaci\u00f3n art\u00edstica que se imparten en las Casas de la Cultura a que se inscriban, el registro estar\u00e1 abierto hasta el 11 de enero del 2025.<\/p>\n<p>Clara Gonz\u00e1lez, encargada de los programas de educaci\u00f3n art\u00edstica de la Casa de la Cultura Viveros, se\u00f1al\u00f3 que las clases se impartir\u00e1n en las sedes de Maquila Creativa, Polivalente, El Progreso y Palmares, participando alumnos desde los 4 a\u00f1os, hasta adultos mayores.<\/p>\n<blockquote><p>Est\u00e1 cordialmente invitada toda la comunidad; queremos sumar a la educaci\u00f3n b\u00e1sica de los ni\u00f1os, de los j\u00f3venes d\u00e1ndole un enfoque art\u00edstico, que es la intenci\u00f3n de nuestra presidenta Carmen Lilia Canturosas que la cultura crezca y ser parte de ellos\u201d, mencion\u00f3 la titular de la Casa de la Cultura.<\/p><\/blockquote>\n<p>Las ofertas art\u00edsticas son; acrodance, danza contempor\u00e1nea, danza urbana, ritmos latinos, K-Pop, bordado mexicano, pre- ballet, ballet, artes pl\u00e1sticas, dibujo, guitarra, pintura, folclor infantil y juvenil, teclado, violin, danza arabe, pintura acr\u00edlica, ensamble instrumental, fotograf\u00eda y adobe photoshop, barralates, piano.<\/p>\n<p>Para solicitar m\u00e1s informaci\u00f3n los interesados en participar y padres de familia que deseen inscribir a sus peque\u00f1os pueden acudir a cualquiera de las sedes de Casa de la Cultura en horario de 8 de la ma\u00f1ana a 7 de la tarde.<\/p>\n<p>Los requisitos para la inscripci\u00f3n de los menores de esas son copia del CURP, copia del INE del padre o madre; los adultos en participar deben presentar \u00fanicamente el INE.<\/p>\n<p>Los talleres tendr\u00e1n un costo de recuperaci\u00f3n de 300 pesos para ni\u00f1os y adolescentes, los adultos mayores recibir\u00e1n 50 por ciento de descuento. Las clases de los talleres de iniciaci\u00f3n art\u00edstica dar\u00e1n inicio el 13 de enero del 2025.<\/p>\n","protected":false},"excerpt":{"rendered":"<p>Los talleres de iniciaci\u00f3n art\u00edstica se imparten en las Casas de la Cultura y son para ni\u00f1os y hasta adultos mayores<\/p>\n","protected":false},"author":1,"featured_media":5698,"comment_status":"closed","ping_status":"closed","sticky":false,"template":"","format":"standard","meta":{"_crdt_document":"","_jetpack_memberships_contains_paid_content":false,"footnotes":"","jetpack_publicize_message":"","jetpack_publicize_feature_enabled":true,"jetpack_social_post_already_shared":true,"jetpack_social_options":{"image_generator_settings":{"template":"highway","default_image_id":0,"font":"","enabled":false},"version":2},"_wpas_customize_per_network":false},"categories":[4],"tags":[],"class_list":["post-5697","post","type-post","status-publish","format-standard","has-post-thumbnail","hentry","category-los-dos-laredos"],"magazineBlocksPostFeaturedMedia":{"thumbnail":"https:\/\/pornuestrolaredo.com\/wp-content\/uploads\/2024\/12\/Stereo91-20241204-4-2-150x150.jpg","medium":"https:\/\/pornuestrolaredo.com\/wp-content\/uploads\/2024\/12\/Stereo91-20241204-4-2-300x200.jpg","medium_large":"https:\/\/pornuestrolaredo.com\/wp-content\/uploads\/2024\/12\/Stereo91-20241204-4-2-768x513.jpg","large":"https:\/\/pornuestrolaredo.com\/wp-content\/uploads\/2024\/12\/Stereo91-20241204-4-2-1000x668.jpg","1536x1536":"https:\/\/pornuestrolaredo.com\/wp-content\/uploads\/2024\/12\/Stereo91-20241204-4-2-1536x1026.jpg","2048x2048":"https:\/\/pornuestrolaredo.com\/wp-content\/uploads\/2024\/12\/Stereo91-20241204-4-2.jpg","morenews-large":"https:\/\/pornuestrolaredo.com\/wp-content\/uploads\/2024\/12\/Stereo91-20241204-4-2.jpg","morenews-medium":"https:\/\/pornuestrolaredo.com\/wp-content\/uploads\/2024\/12\/Stereo91-20241204-4-2.jpg"},"magazineBlocksPostAuthor":{"name":"Redactor","avatar":"https:\/\/pornuestrolaredo.com\/wp-content\/litespeed\/avatar\/dca1d7ec750c399f025f23b0b314f4cf.jpg?ver=1777612120"},"magazineBlocksPostCommentsNumber":false,"magazineBlocksPostExcerpt":"Los talleres de iniciaci\u00f3n art\u00edstica se imparten en las Casas de la Cultura y son para ni\u00f1os y hasta adultos mayores","magazineBlocksPostCategories":["Los dos Laredos"],"magazineBlocksPostViewCount":160,"magazineBlocksPostReadTime":2,"magazine_blocks_featured_image_url":{"full":["https:\/\/pornuestrolaredo.com\/wp-content\/uploads\/2024\/12\/Stereo91-20241204-4-2.jpg",1600,1069,false],"medium":["https:\/\/pornuestrolaredo.com\/wp-content\/uploads\/2024\/12\/Stereo91-20241204-4-2-300x200.jpg",300,200,true],"thumbnail":["https:\/\/pornuestrolaredo.com\/wp-content\/uploads\/2024\/12\/Stereo91-20241204-4-2-150x150.jpg",150,150,true]},"magazine_blocks_author":{"display_name":"Redactor","author_link":"https:\/\/pornuestrolaredo.com\/?author=1"},"magazine_blocks_comment":0,"magazine_blocks_author_image":"https:\/\/pornuestrolaredo.com\/wp-content\/litespeed\/avatar\/dca1d7ec750c399f025f23b0b314f4cf.jpg?ver=1777612120","magazine_blocks_category":"<a href=\"#\" class=\"category-link category-link-4\">Los dos Laredos<\/a>","jetpack_publicize_connections":[],"featured_image_urls":{"full":["https:\/\/pornuestrolaredo.com\/wp-content\/uploads\/2024\/12\/Stereo91-20241204-4-2.jpg",1600,1069,false],"thumbnail":["https:\/\/pornuestrolaredo.com\/wp-content\/uploads\/2024\/12\/Stereo91-20241204-4-2-150x150.jpg",150,150,true],"medium":["https:\/\/pornuestrolaredo.com\/wp-content\/uploads\/2024\/12\/Stereo91-20241204-4-2-300x200.jpg",300,200,true],"medium_large":["https:\/\/pornuestrolaredo.com\/wp-content\/uploads\/2024\/12\/Stereo91-20241204-4-2-768x513.jpg",640,428,true],"large":["https:\/\/pornuestrolaredo.com\/wp-content\/uploads\/2024\/12\/Stereo91-20241204-4-2-1000x668.jpg",640,428,true],"1536x1536":["https:\/\/pornuestrolaredo.com\/wp-content\/uploads\/2024\/12\/Stereo91-20241204-4-2-1536x1026.jpg",1536,1026,true],"2048x2048":["https:\/\/pornuestrolaredo.com\/wp-content\/uploads\/2024\/12\/Stereo91-20241204-4-2.jpg",1600,1069,false],"morenews-large":["https:\/\/pornuestrolaredo.com\/wp-content\/uploads\/2024\/12\/Stereo91-20241204-4-2.jpg",825,551,false],"morenews-medium":["https:\/\/pornuestrolaredo.com\/wp-content\/uploads\/2024\/12\/Stereo91-20241204-4-2.jpg",590,394,false]},"author_info":{"info":["Redactor"]},"category_info":"<a href=\"https:\/\/pornuestrolaredo.com\/?cat=4\" rel=\"category\">Los dos Laredos<\/a>","tag_info":"Los dos Laredos","comment_count":"0","jetpack_featured_media_url":"https:\/\/pornuestrolaredo.com\/wp-content\/uploads\/2024\/12\/Stereo91-20241204-4-2.jpg","jetpack_sharing_enabled":true,"_links":{"self":[{"href":"https:\/\/pornuestrolaredo.com\/index.php?rest_route=\/wp\/v2\/posts\/5697","targetHints":{"allow":["GET"]}}],"collection":[{"href":"https:\/\/pornuestrolaredo.com\/index.php?rest_route=\/wp\/v2\/posts"}],"about":[{"href":"https:\/\/pornuestrolaredo.com\/index.php?rest_route=\/wp\/v2\/types\/post"}],"author":[{"embeddable":true,"href":"https:\/\/pornuestrolaredo.com\/index.php?rest_route=\/wp\/v2\/users\/1"}],"replies":[{"embeddable":true,"href":"https:\/\/pornuestrolaredo.com\/index.php?rest_route=%2Fwp%2Fv2%2Fcomments&post=5697"}],"version-history":[{"count":1,"href":"https:\/\/pornuestrolaredo.com\/index.php?rest_route=\/wp\/v2\/posts\/5697\/revisions"}],"predecessor-version":[{"id":5699,"href":"https:\/\/pornuestrolaredo.com\/index.php?rest_route=\/wp\/v2\/posts\/5697\/revisions\/5699"}],"wp:featuredmedia":[{"embeddable":true,"href":"https:\/\/pornuestrolaredo.com\/index.php?rest_route=\/wp\/v2\/media\/5698"}],"wp:attachment":[{"href":"https:\/\/pornuestrolaredo.com\/index.php?rest_route=%2Fwp%2Fv2%2Fmedia&parent=5697"}],"wp:term":[{"taxonomy":"category","embeddable":true,"href":"https:\/\/pornuestrolaredo.com\/index.php?rest_route=%2Fwp%2Fv2%2Fcategories&post=5697"},{"taxonomy":"post_tag","embeddable":true,"href":"https:\/\/pornuestrolaredo.com\/index.php?rest_route=%2Fwp%2Fv2%2Ftags&post=5697"}],"curies":[{"name":"wp","href":"https:\/\/api.w.org\/{rel}","templated":true}]}}