{"id":570,"date":"2022-10-12T19:15:44","date_gmt":"2022-10-12T19:15:44","guid":{"rendered":"https:\/\/pornuestrolaredo.com\/?p=570"},"modified":"2022-10-12T19:15:44","modified_gmt":"2022-10-12T19:15:44","slug":"este-jueves-la-mega-feria-de-empleo-de-nuevo-laredo","status":"publish","type":"post","link":"https:\/\/pornuestrolaredo.com\/?p=570","title":{"rendered":"Este jueves, la Mega Feria de Empleo de Nuevo Laredo"},"content":{"rendered":"\n<p class=\"wp-block-paragraph\"><strong><em>NUEVO LAREDO.-<\/em><\/strong> Ma\u00f1ana, jueves 13, se realizar\u00e1 Mega Feria de Empleo, la cual contar\u00e1 con 100 empresas que estar\u00e1n ofertando m\u00e1s de 2 mil vacantes.<\/p>\n\n\n\n<p class=\"wp-block-paragraph\">La Mega Feria del Empleo tiene como objetivo de incorporar a la ciudadan\u00eda al sector laboral y es organizada por el Gobierno Municipal a trav\u00e9s de la Secretar\u00eda de Desarrollo Econ\u00f3mico.<\/p>\n\n\n\n<p class=\"wp-block-paragraph\">El evento inicia este&nbsp; jueves 13 de octubre en el Polyf\u00f3rum La Fe, de 9:00 de la ma\u00f1ana a 2:00 de la tarde.<\/p>\n\n\n\n<p class=\"wp-block-paragraph\">La alcaldesa Carmen Lilia Canturosas Villarreal, dio a conocer que para facilitar el traslado a esta feria de empleo, contar\u00e1 con tres puntos para recoger a los interesados en las sucursales S-Mart Revoluci\u00f3n, Smart Canseco y Smart Colinas. La salida del transporte ser\u00e1 en los horarios de 9:00, 11:00 de la ma\u00f1ana y 1:00 de la tarde.<\/p>\n\n\n\n<p class=\"wp-block-paragraph\">La presidenta municipal destac\u00f3 que el desarrollo econ\u00f3mico ha sido un rubro que ha tenido un importante crecimiento y en el cual Nuevo Laredo se consolida como referente.<\/p>\n\n\n\n<p class=\"wp-block-paragraph\">\u201cHemos hecho una sinergia muy importante con las diferentes empresas de la ciudad y estoy segura que todos los que asistan van a salir con un empleo digno, no hemos quitado el dedo del rengl\u00f3n en el tema de la recuperaci\u00f3n econ\u00f3mica y como resultado cada d\u00eda abren nuevos negocios y llegan a la ciudad m\u00e1s empresas que contribuyen a la generaci\u00f3n de m\u00e1s espacios laborales\u201d, se\u00f1al\u00f3.<\/p>\n\n\n\n<p class=\"wp-block-paragraph\">Rolando Guevara, secretario de Desarrollo Econ\u00f3mico, destac\u00f3 que a trav\u00e9s de esta estrategia se han vinculado alrededor de 9 mil 500 personas que ya cuentan con un empleo digno.<\/p>\n\n\n\n<p class=\"wp-block-paragraph\"><strong>\u00bfD\u00d3NDE y CU\u00c1NDO ES?:<\/strong><\/p>\n\n\n\n<ul class=\"wp-block-list\"><li>Mega Feria del Empleo<\/li><li>D\u00eda: Jueves 13 de Octubre<\/li><li>Horario: 9:00 de la ma\u00f1ana a 2:00 de la tarde<\/li><li>Lugar: Polyf\u00f3rum La Fe<\/li><\/ul>\n\n\n\n<p class=\"wp-block-paragraph\">TRANSPORTE GRATIS:<\/p>\n\n\n\n<ul class=\"wp-block-list\"><li>Lugar: Smart Colinas, Smart Canseco y Smart Colinas<\/li><li>Horarios de salida: 9:00 y 11:00 de la ma\u00f1ana y 1:00 de la tarde<\/li><\/ul>\n","protected":false},"excerpt":{"rendered":"<p>NUEVO LAREDO.- Ma\u00f1ana, jueves 13, se realizar\u00e1 Mega Feria de Empleo, la cual contar\u00e1 con 100 empresas que<\/p>\n","protected":false},"author":1,"featured_media":572,"comment_status":"open","ping_status":"open","sticky":false,"template":"","format":"standard","meta":{"_crdt_document":"","_jetpack_memberships_contains_paid_content":false,"footnotes":"","jetpack_publicize_message":"Ser\u00e1n 100 las empresas que ofertar\u00e1n m\u00e1s de 2 mil vacantes","jetpack_publicize_feature_enabled":true,"jetpack_social_post_already_shared":true,"jetpack_social_options":{"image_generator_settings":{"template":"highway","default_image_id":0,"font":"","enabled":false},"version":2},"_wpas_customize_per_network":false},"categories":[5],"tags":[],"class_list":["post-570","post","type-post","status-publish","format-standard","has-post-thumbnail","hentry","category-dos-laredos"],"magazineBlocksPostFeaturedMedia":{"thumbnail":"https:\/\/pornuestrolaredo.com\/wp-content\/uploads\/2022\/10\/PNL-20221012-5-150x150.jpg","medium":"https:\/\/pornuestrolaredo.com\/wp-content\/uploads\/2022\/10\/PNL-20221012-5-300x200.jpg","medium_large":"https:\/\/pornuestrolaredo.com\/wp-content\/uploads\/2022\/10\/PNL-20221012-5-768x512.jpg","large":"https:\/\/pornuestrolaredo.com\/wp-content\/uploads\/2022\/10\/PNL-20221012-5-1024x682.jpg","1536x1536":"https:\/\/pornuestrolaredo.com\/wp-content\/uploads\/2022\/10\/PNL-20221012-5.jpg","2048x2048":"https:\/\/pornuestrolaredo.com\/wp-content\/uploads\/2022\/10\/PNL-20221012-5.jpg","morenews-large":"https:\/\/pornuestrolaredo.com\/wp-content\/uploads\/2022\/10\/PNL-20221012-5.jpg","morenews-medium":"https:\/\/pornuestrolaredo.com\/wp-content\/uploads\/2022\/10\/PNL-20221012-5.jpg"},"magazineBlocksPostAuthor":{"name":"Redactor","avatar":"https:\/\/pornuestrolaredo.com\/wp-content\/litespeed\/avatar\/dca1d7ec750c399f025f23b0b314f4cf.jpg?ver=1777612120"},"magazineBlocksPostCommentsNumber":false,"magazineBlocksPostExcerpt":"NUEVO LAREDO.- Ma\u00f1ana, jueves 13, se realizar\u00e1 Mega Feria de Empleo, la cual contar\u00e1 con 100 empresas que","magazineBlocksPostCategories":["Dos Laredos"],"magazineBlocksPostViewCount":113,"magazineBlocksPostReadTime":2,"magazine_blocks_featured_image_url":{"full":["https:\/\/pornuestrolaredo.com\/wp-content\/uploads\/2022\/10\/PNL-20221012-5.jpg",1280,853,false],"medium":["https:\/\/pornuestrolaredo.com\/wp-content\/uploads\/2022\/10\/PNL-20221012-5-300x200.jpg",300,200,true],"thumbnail":["https:\/\/pornuestrolaredo.com\/wp-content\/uploads\/2022\/10\/PNL-20221012-5-150x150.jpg",150,150,true]},"magazine_blocks_author":{"display_name":"Redactor","author_link":"https:\/\/pornuestrolaredo.com\/?author=1"},"magazine_blocks_comment":0,"magazine_blocks_author_image":"https:\/\/pornuestrolaredo.com\/wp-content\/litespeed\/avatar\/dca1d7ec750c399f025f23b0b314f4cf.jpg?ver=1777612120","magazine_blocks_category":"<a href=\"#\" class=\"category-link category-link-5\">Dos Laredos<\/a>","jetpack_publicize_connections":[],"featured_image_urls":{"full":["https:\/\/pornuestrolaredo.com\/wp-content\/uploads\/2022\/10\/PNL-20221012-5.jpg",1280,853,false],"thumbnail":["https:\/\/pornuestrolaredo.com\/wp-content\/uploads\/2022\/10\/PNL-20221012-5-150x150.jpg",150,150,true],"medium":["https:\/\/pornuestrolaredo.com\/wp-content\/uploads\/2022\/10\/PNL-20221012-5-300x200.jpg",300,200,true],"medium_large":["https:\/\/pornuestrolaredo.com\/wp-content\/uploads\/2022\/10\/PNL-20221012-5-768x512.jpg",640,427,true],"large":["https:\/\/pornuestrolaredo.com\/wp-content\/uploads\/2022\/10\/PNL-20221012-5-1024x682.jpg",640,426,true],"1536x1536":["https:\/\/pornuestrolaredo.com\/wp-content\/uploads\/2022\/10\/PNL-20221012-5.jpg",1280,853,false],"2048x2048":["https:\/\/pornuestrolaredo.com\/wp-content\/uploads\/2022\/10\/PNL-20221012-5.jpg",1280,853,false],"morenews-large":["https:\/\/pornuestrolaredo.com\/wp-content\/uploads\/2022\/10\/PNL-20221012-5.jpg",825,550,false],"morenews-medium":["https:\/\/pornuestrolaredo.com\/wp-content\/uploads\/2022\/10\/PNL-20221012-5.jpg",590,393,false]},"author_info":{"info":["Redactor"]},"category_info":"<a href=\"https:\/\/pornuestrolaredo.com\/?cat=5\" rel=\"category\">Dos Laredos<\/a>","tag_info":"Dos Laredos","comment_count":"0","jetpack_featured_media_url":"https:\/\/pornuestrolaredo.com\/wp-content\/uploads\/2022\/10\/PNL-20221012-5.jpg","jetpack_sharing_enabled":true,"_links":{"self":[{"href":"https:\/\/pornuestrolaredo.com\/index.php?rest_route=\/wp\/v2\/posts\/570","targetHints":{"allow":["GET"]}}],"collection":[{"href":"https:\/\/pornuestrolaredo.com\/index.php?rest_route=\/wp\/v2\/posts"}],"about":[{"href":"https:\/\/pornuestrolaredo.com\/index.php?rest_route=\/wp\/v2\/types\/post"}],"author":[{"embeddable":true,"href":"https:\/\/pornuestrolaredo.com\/index.php?rest_route=\/wp\/v2\/users\/1"}],"replies":[{"embeddable":true,"href":"https:\/\/pornuestrolaredo.com\/index.php?rest_route=%2Fwp%2Fv2%2Fcomments&post=570"}],"version-history":[{"count":1,"href":"https:\/\/pornuestrolaredo.com\/index.php?rest_route=\/wp\/v2\/posts\/570\/revisions"}],"predecessor-version":[{"id":573,"href":"https:\/\/pornuestrolaredo.com\/index.php?rest_route=\/wp\/v2\/posts\/570\/revisions\/573"}],"wp:featuredmedia":[{"embeddable":true,"href":"https:\/\/pornuestrolaredo.com\/index.php?rest_route=\/wp\/v2\/media\/572"}],"wp:attachment":[{"href":"https:\/\/pornuestrolaredo.com\/index.php?rest_route=%2Fwp%2Fv2%2Fmedia&parent=570"}],"wp:term":[{"taxonomy":"category","embeddable":true,"href":"https:\/\/pornuestrolaredo.com\/index.php?rest_route=%2Fwp%2Fv2%2Fcategories&post=570"},{"taxonomy":"post_tag","embeddable":true,"href":"https:\/\/pornuestrolaredo.com\/index.php?rest_route=%2Fwp%2Fv2%2Ftags&post=570"}],"curies":[{"name":"wp","href":"https:\/\/api.w.org\/{rel}","templated":true}]}}