{"id":5715,"date":"2024-12-10T20:25:11","date_gmt":"2024-12-10T20:25:11","guid":{"rendered":"https:\/\/pornuestrolaredo.com\/?p=5715"},"modified":"2024-12-10T20:25:11","modified_gmt":"2024-12-10T20:25:11","slug":"llaman-a-estar-alertas-por-las-bajas-temperturas","status":"publish","type":"post","link":"https:\/\/pornuestrolaredo.com\/?p=5715","title":{"rendered":"Llaman a estar alertas por las bajas temperturas"},"content":{"rendered":"<p><strong>NUEVO LAREDO.-<\/strong> La Direcci\u00f3n de Protecci\u00f3n Civil emiti\u00f3 un llamado a la poblaci\u00f3n para que se mantenga alerta ante el descenso de temperaturas que se espera a partir de este martes.<\/p>\n<p>Seg\u00fan los pron\u00f3sticos, la temperatura m\u00ednima de la ma\u00f1ana del mi\u00e9rcoles se ubicar\u00e1 en 4 grados Celsius y la del jueves, en 5 grados.<\/p>\n<blockquote><p>Hemos estado monitoreando los sistemas climatol\u00f3gicos y es importante que los ciudadanos est\u00e9n preparados, ya que se esperan ma\u00f1anas y tardes frescas\u201d, indic\u00f3 Humberto Fern\u00e1ndez Diez de Pinos, director de Protecci\u00f3n Civil.<\/p><\/blockquote>\n<p>Enfatiz\u00f3 la necesidad de tomar precauciones para evitar problemas de salud derivados de los cambios bruscos de temperatura. As\u00ed como especial cuidado de los sectores m\u00e1s vulnerables de la poblaci\u00f3n, como personas con discapacidad, ni\u00f1os y adultos mayores, quienes pueden ser m\u00e1s susceptibles a las bajas temperaturas.<\/p>\n<p>Es recomendable usar ropa adecuada para el fr\u00edo, preferentemente de varias capas y permanecer dentro de casas o edificios.<\/p>\n<p>En respuesta a estas condiciones del tiempo, el personal de Protecci\u00f3n Civil ha implementado el operativo &#8220;Carrusel&#8221;, el cual se activa cuando la temperatura es de 10 grados Celsius o menos. Este operativo consiste en realizar rondines por diversos puntos de la ciudad, como hospitales, plazas, parques y paradas de camiones, con el fin de ofrecer a quienes lo necesiten la posibilidad de ser trasladados a un Refugio Temporal.<\/p>\n<p>En caso de presentarse alguna emergencia relacionada con las bajas temperaturas, se recomienda a los ciudadanos ponerse en contacto con Protecci\u00f3n Civil llamando al n\u00famero 867 7123030 o al 911.<\/p>\n<p>La Direcci\u00f3n de Protecci\u00f3n Civil tambi\u00e9n record\u00f3 que, ante la variabilidad de las condiciones clim\u00e1ticas, seguir las indicaciones oficiales y mantenerse informados es clave para proteger la salud y el bienestar de todos.<\/p>\n","protected":false},"excerpt":{"rendered":"<p>Se esperan 4 grados la ma\u00f1ana del mi\u00e9rcoles y 5 grados la del jueves, por lo que se pide protegerse con ropa adecuada y mantenerse dentro de casas o edificios<\/p>\n","protected":false},"author":1,"featured_media":5716,"comment_status":"closed","ping_status":"closed","sticky":false,"template":"","format":"standard","meta":{"_crdt_document":"","_jetpack_memberships_contains_paid_content":false,"footnotes":"","jetpack_publicize_message":"","jetpack_publicize_feature_enabled":true,"jetpack_social_post_already_shared":true,"jetpack_social_options":{"image_generator_settings":{"template":"highway","default_image_id":0,"font":"","enabled":false},"version":2},"_wpas_customize_per_network":false},"categories":[4],"tags":[],"class_list":["post-5715","post","type-post","status-publish","format-standard","has-post-thumbnail","hentry","category-los-dos-laredos"],"magazineBlocksPostFeaturedMedia":{"thumbnail":"https:\/\/pornuestrolaredo.com\/wp-content\/uploads\/2024\/12\/PNL-20241210-4-150x150.jpg","medium":"https:\/\/pornuestrolaredo.com\/wp-content\/uploads\/2024\/12\/PNL-20241210-4-300x200.jpg","medium_large":"https:\/\/pornuestrolaredo.com\/wp-content\/uploads\/2024\/12\/PNL-20241210-4-768x513.jpg","large":"https:\/\/pornuestrolaredo.com\/wp-content\/uploads\/2024\/12\/PNL-20241210-4.jpg","1536x1536":"https:\/\/pornuestrolaredo.com\/wp-content\/uploads\/2024\/12\/PNL-20241210-4.jpg","2048x2048":"https:\/\/pornuestrolaredo.com\/wp-content\/uploads\/2024\/12\/PNL-20241210-4.jpg","morenews-large":"https:\/\/pornuestrolaredo.com\/wp-content\/uploads\/2024\/12\/PNL-20241210-4.jpg","morenews-medium":"https:\/\/pornuestrolaredo.com\/wp-content\/uploads\/2024\/12\/PNL-20241210-4.jpg"},"magazineBlocksPostAuthor":{"name":"Redactor","avatar":"https:\/\/pornuestrolaredo.com\/wp-content\/litespeed\/avatar\/dca1d7ec750c399f025f23b0b314f4cf.jpg?ver=1777612120"},"magazineBlocksPostCommentsNumber":false,"magazineBlocksPostExcerpt":"Se esperan 4 grados la ma\u00f1ana del mi\u00e9rcoles y 5 grados la del jueves, por lo que se pide protegerse con ropa adecuada y mantenerse dentro de casas o edificios","magazineBlocksPostCategories":["Los dos Laredos"],"magazineBlocksPostViewCount":149,"magazineBlocksPostReadTime":2,"magazine_blocks_featured_image_url":{"full":["https:\/\/pornuestrolaredo.com\/wp-content\/uploads\/2024\/12\/PNL-20241210-4.jpg",850,568,false],"medium":["https:\/\/pornuestrolaredo.com\/wp-content\/uploads\/2024\/12\/PNL-20241210-4-300x200.jpg",300,200,true],"thumbnail":["https:\/\/pornuestrolaredo.com\/wp-content\/uploads\/2024\/12\/PNL-20241210-4-150x150.jpg",150,150,true]},"magazine_blocks_author":{"display_name":"Redactor","author_link":"https:\/\/pornuestrolaredo.com\/?author=1"},"magazine_blocks_comment":0,"magazine_blocks_author_image":"https:\/\/pornuestrolaredo.com\/wp-content\/litespeed\/avatar\/dca1d7ec750c399f025f23b0b314f4cf.jpg?ver=1777612120","magazine_blocks_category":"<a href=\"#\" class=\"category-link category-link-4\">Los dos Laredos<\/a>","jetpack_publicize_connections":[],"featured_image_urls":{"full":["https:\/\/pornuestrolaredo.com\/wp-content\/uploads\/2024\/12\/PNL-20241210-4.jpg",850,568,false],"thumbnail":["https:\/\/pornuestrolaredo.com\/wp-content\/uploads\/2024\/12\/PNL-20241210-4-150x150.jpg",150,150,true],"medium":["https:\/\/pornuestrolaredo.com\/wp-content\/uploads\/2024\/12\/PNL-20241210-4-300x200.jpg",300,200,true],"medium_large":["https:\/\/pornuestrolaredo.com\/wp-content\/uploads\/2024\/12\/PNL-20241210-4-768x513.jpg",640,428,true],"large":["https:\/\/pornuestrolaredo.com\/wp-content\/uploads\/2024\/12\/PNL-20241210-4.jpg",640,428,false],"1536x1536":["https:\/\/pornuestrolaredo.com\/wp-content\/uploads\/2024\/12\/PNL-20241210-4.jpg",850,568,false],"2048x2048":["https:\/\/pornuestrolaredo.com\/wp-content\/uploads\/2024\/12\/PNL-20241210-4.jpg",850,568,false],"morenews-large":["https:\/\/pornuestrolaredo.com\/wp-content\/uploads\/2024\/12\/PNL-20241210-4.jpg",825,551,false],"morenews-medium":["https:\/\/pornuestrolaredo.com\/wp-content\/uploads\/2024\/12\/PNL-20241210-4.jpg",590,394,false]},"author_info":{"info":["Redactor"]},"category_info":"<a href=\"https:\/\/pornuestrolaredo.com\/?cat=4\" rel=\"category\">Los dos Laredos<\/a>","tag_info":"Los dos Laredos","comment_count":"0","jetpack_featured_media_url":"https:\/\/pornuestrolaredo.com\/wp-content\/uploads\/2024\/12\/PNL-20241210-4.jpg","jetpack_sharing_enabled":true,"_links":{"self":[{"href":"https:\/\/pornuestrolaredo.com\/index.php?rest_route=\/wp\/v2\/posts\/5715","targetHints":{"allow":["GET"]}}],"collection":[{"href":"https:\/\/pornuestrolaredo.com\/index.php?rest_route=\/wp\/v2\/posts"}],"about":[{"href":"https:\/\/pornuestrolaredo.com\/index.php?rest_route=\/wp\/v2\/types\/post"}],"author":[{"embeddable":true,"href":"https:\/\/pornuestrolaredo.com\/index.php?rest_route=\/wp\/v2\/users\/1"}],"replies":[{"embeddable":true,"href":"https:\/\/pornuestrolaredo.com\/index.php?rest_route=%2Fwp%2Fv2%2Fcomments&post=5715"}],"version-history":[{"count":1,"href":"https:\/\/pornuestrolaredo.com\/index.php?rest_route=\/wp\/v2\/posts\/5715\/revisions"}],"predecessor-version":[{"id":5717,"href":"https:\/\/pornuestrolaredo.com\/index.php?rest_route=\/wp\/v2\/posts\/5715\/revisions\/5717"}],"wp:featuredmedia":[{"embeddable":true,"href":"https:\/\/pornuestrolaredo.com\/index.php?rest_route=\/wp\/v2\/media\/5716"}],"wp:attachment":[{"href":"https:\/\/pornuestrolaredo.com\/index.php?rest_route=%2Fwp%2Fv2%2Fmedia&parent=5715"}],"wp:term":[{"taxonomy":"category","embeddable":true,"href":"https:\/\/pornuestrolaredo.com\/index.php?rest_route=%2Fwp%2Fv2%2Fcategories&post=5715"},{"taxonomy":"post_tag","embeddable":true,"href":"https:\/\/pornuestrolaredo.com\/index.php?rest_route=%2Fwp%2Fv2%2Ftags&post=5715"}],"curies":[{"name":"wp","href":"https:\/\/api.w.org\/{rel}","templated":true}]}}